{"id":1011,"date":"2014-02-23T19:52:07","date_gmt":"2014-02-23T17:52:07","guid":{"rendered":"http:\/\/www.monsacpublicitaire.com\/blog\/?p=1011"},"modified":"2014-02-23T19:52:07","modified_gmt":"2014-02-23T17:52:07","slug":"icv-la-passion-du-vin","status":"publish","type":"post","link":"https:\/\/www.monsacpublicitaire.com\/blog\/icv-la-passion-du-vin\/","title":{"rendered":"ICV: La passion du vin"},"content":{"rendered":"<p style=\"text-align: justify;\"><a href=\"https:\/\/www.monsacpublicitaire.com\/blog\/wp-content\/uploads\/2014\/02\/ICV.png\"><img decoding=\"async\" loading=\"lazy\" class=\"alignnone size-full wp-image-1012\" title=\"Sacs cabas publicitaire en polypropyl\u00e8ne tiss\u00e9 ICV \" src=\"https:\/\/www.monsacpublicitaire.com\/blog\/wp-content\/uploads\/2014\/02\/ICV.png\" alt=\"\" width=\"754\" height=\"400\" srcset=\"https:\/\/www.monsacpublicitaire.com\/blog\/wp-content\/uploads\/2014\/02\/ICV.png 754w, https:\/\/www.monsacpublicitaire.com\/blog\/wp-content\/uploads\/2014\/02\/ICV-300x159.png 300w, https:\/\/www.monsacpublicitaire.com\/blog\/wp-content\/uploads\/2014\/02\/ICV-250x132.png 250w, https:\/\/www.monsacpublicitaire.com\/blog\/wp-content\/uploads\/2014\/02\/ICV-500x265.png 500w, https:\/\/www.monsacpublicitaire.com\/blog\/wp-content\/uploads\/2014\/02\/ICV-150x79.png 150w\" sizes=\"(max-width: 754px) 100vw, 754px\" \/><\/a><\/p>\n<p style=\"text-align: justify;\"><span style=\"font-size: 14px;\"><br\/> Conseil viticole, \u0153nologie, analyses des vins, formations, produits \u0153nologiques\u2026 Le groupe ICV propose des services et des produits pour chaque \u00e9tape de l\u2019\u00e9laboration du vin. Ses experts sont reconnus pour leur savoir-faire et leur passion du vin.<\/span><\/p>\n<p style=\"text-align: justify;\"><span style=\"font-size: 14px;\"><br\/> Ses clients couvrent toute la fili\u00e8re du vin : caves coop\u00e9ratives ou particuli\u00e8res, n\u00e9gociants, conditionneurs, organismes professionnels&#8230;<\/span><\/p>\n<p style=\"text-align: justify;\"><span style=\"font-size: 14px;\"><br\/> A l&rsquo;occasion de divers \u00e9v\u00e8nements pour lesquels ICV souhaitait communiquer, nous avons r\u00e9alis\u00e9 des sacs cabas en polypropyl\u00e8ne tiss\u00e9 avec pelliculage brillant et impression 5 couleurs (quadrichromie + 1 couleur). Des sacs r\u00e9utilisables \u00e0 l&rsquo;envie et pouvant accueillir quelques bonnes bouteilles\u2026 A partager !<\/span><\/p>\n<p style=\"text-align: justify;\"><br\/><\/p>\n<p style=\"text-align: justify;\"><a href=\"https:\/\/www.monsacpublicitaire.com\/blog\/wp-content\/uploads\/2014\/02\/ICV-BAT.png\"><img decoding=\"async\" loading=\"lazy\" class=\"alignnone size-large wp-image-1013\" title=\"BAT sacs cabas pp tiss\u00e9 ICV\" src=\"https:\/\/www.monsacpublicitaire.com\/blog\/wp-content\/uploads\/2014\/02\/ICV-BAT-1024x597.png\" alt=\"\" width=\"584\" height=\"340\" srcset=\"https:\/\/www.monsacpublicitaire.com\/blog\/wp-content\/uploads\/2014\/02\/ICV-BAT-1024x597.png 1024w, https:\/\/www.monsacpublicitaire.com\/blog\/wp-content\/uploads\/2014\/02\/ICV-BAT-300x175.png 300w, https:\/\/www.monsacpublicitaire.com\/blog\/wp-content\/uploads\/2014\/02\/ICV-BAT-250x145.png 250w, https:\/\/www.monsacpublicitaire.com\/blog\/wp-content\/uploads\/2014\/02\/ICV-BAT-500x291.png 500w, https:\/\/www.monsacpublicitaire.com\/blog\/wp-content\/uploads\/2014\/02\/ICV-BAT-150x87.png 150w, https:\/\/www.monsacpublicitaire.com\/blog\/wp-content\/uploads\/2014\/02\/ICV-BAT.png 1030w\" sizes=\"(max-width: 584px) 100vw, 584px\" \/><\/a><\/p>\n<p><span style=\"text-decoration: underline;\"><span style=\"font-size: 14px;\"><br\/> Caract\u00e9ristiques techniques\u00a0:<\/span><\/span><\/p>\n<p><span style=\"font-size: 14px;\">&#8211; Sac cabas r\u00e9utilisable<\/span><\/p>\n<p><span style=\"font-size: 14px;\">&#8211; Taille 45+20&#215;40 cm<\/span><\/p>\n<p><span style=\"font-size: 14px;\">&#8211; Polypropyl\u00e8ne tiss\u00e9 avec pelliculage 120 gr\/m2<\/span><\/p>\n<p><span style=\"font-size: 14px;\">&#8211; Pelliculage brillant<\/span><\/p>\n<p><span style=\"font-size: 14px;\">&#8211; Impression quadrichromie + 1 couleur Pantone<\/span><\/p>\n<p><span style=\"font-size: 14px;\">&#8211; Anses courtes en nylon 35 cm x 2,5 cm<\/span><\/p>\n<p><span style=\"font-size: 14px;\">&#8211; Quantit\u00e9 minimum: 1 000 ex.<\/span><\/p>\n<p><span style=\"font-size: 14px;\">&#8211; D\u00e9lai : 5 \u00e0 12 semaines selon type de fabrication (Europe ou Asie)<\/span><\/p>\n<p><span style=\"font-size: 14px;\"><em><br\/> Le plus Mon Sac Publicitaire: des coutures en X au niveau des poign\u00e9es et des liser\u00e9s avec revers sur le dessus du sac pour une plus grande long\u00e9vit\u00e9 et un aspect plus qualitatif.<\/em><\/span><\/p>\n<p>&nbsp;<\/p>\n","protected":false},"excerpt":{"rendered":"<p>Conseil viticole, \u0153nologie, analyses des vins, formations, produits \u0153nologiques\u2026 Le groupe ICV propose des services et des produits pour chaque &hellip;<\/p>\n<p class=\"read-more\"> <a class=\"ast-button\" href=\"https:\/\/www.monsacpublicitaire.com\/blog\/icv-la-passion-du-vin\/\"> <span class=\"screen-reader-text\">ICV: La passion du vin<\/span> Lire la suite \u00bb<\/a><\/p>\n","protected":false},"author":2,"featured_media":1014,"comment_status":"open","ping_status":"open","sticky":false,"template":"","format":"standard","meta":{"site-sidebar-layout":"default","site-content-layout":"default","ast-global-header-display":"","ast-banner-title-visibility":"","ast-main-header-display":"","ast-hfb-above-header-display":"","ast-hfb-below-header-display":"","ast-hfb-mobile-header-display":"","site-post-title":"","ast-breadcrumbs-content":"","ast-featured-img":"","footer-sml-layout":"","theme-transparent-header-meta":"","adv-header-id-meta":"","stick-header-meta":"","header-above-stick-meta":"","header-main-stick-meta":"","header-below-stick-meta":""},"categories":[1,11,8],"tags":[25,24,26,12,28,27,14],"_links":{"self":[{"href":"https:\/\/www.monsacpublicitaire.com\/blog\/wp-json\/wp\/v2\/posts\/1011"}],"collection":[{"href":"https:\/\/www.monsacpublicitaire.com\/blog\/wp-json\/wp\/v2\/posts"}],"about":[{"href":"https:\/\/www.monsacpublicitaire.com\/blog\/wp-json\/wp\/v2\/types\/post"}],"author":[{"embeddable":true,"href":"https:\/\/www.monsacpublicitaire.com\/blog\/wp-json\/wp\/v2\/users\/2"}],"replies":[{"embeddable":true,"href":"https:\/\/www.monsacpublicitaire.com\/blog\/wp-json\/wp\/v2\/comments?post=1011"}],"version-history":[{"count":8,"href":"https:\/\/www.monsacpublicitaire.com\/blog\/wp-json\/wp\/v2\/posts\/1011\/revisions"}],"predecessor-version":[{"id":1038,"href":"https:\/\/www.monsacpublicitaire.com\/blog\/wp-json\/wp\/v2\/posts\/1011\/revisions\/1038"}],"wp:featuredmedia":[{"embeddable":true,"href":"https:\/\/www.monsacpublicitaire.com\/blog\/wp-json\/wp\/v2\/media\/1014"}],"wp:attachment":[{"href":"https:\/\/www.monsacpublicitaire.com\/blog\/wp-json\/wp\/v2\/media?parent=1011"}],"wp:term":[{"taxonomy":"category","embeddable":true,"href":"https:\/\/www.monsacpublicitaire.com\/blog\/wp-json\/wp\/v2\/categories?post=1011"},{"taxonomy":"post_tag","embeddable":true,"href":"https:\/\/www.monsacpublicitaire.com\/blog\/wp-json\/wp\/v2\/tags?post=1011"}],"curies":[{"name":"wp","href":"https:\/\/api.w.org\/{rel}","templated":true}]}}