{"id":1106,"date":"2014-04-10T20:22:04","date_gmt":"2014-04-10T18:22:04","guid":{"rendered":"http:\/\/www.monsacpublicitaire.com\/blog\/?p=1106"},"modified":"2014-04-10T20:22:04","modified_gmt":"2014-04-10T18:22:04","slug":"a-cause-des-garcons-la-mode-est-dans-le-sac","status":"publish","type":"post","link":"https:\/\/www.monsacpublicitaire.com\/blog\/a-cause-des-garcons-la-mode-est-dans-le-sac\/","title":{"rendered":"A cause des gar\u00e7ons : La mode est dans le sac"},"content":{"rendered":"<p><a href=\"https:\/\/www.monsacpublicitaire.com\/blog\/wp-content\/uploads\/2014\/03\/A-CAUSE-DES-GARCONS.png\"><img decoding=\"async\" loading=\"lazy\" class=\"alignnone size-full wp-image-1109\" title=\"sac papier luxe A-CAUSE-DES-GARCONS\" src=\"https:\/\/www.monsacpublicitaire.com\/blog\/wp-content\/uploads\/2014\/03\/A-CAUSE-DES-GARCONS.png\" alt=\"\" width=\"754\" height=\"400\" srcset=\"https:\/\/www.monsacpublicitaire.com\/blog\/wp-content\/uploads\/2014\/03\/A-CAUSE-DES-GARCONS.png 754w, https:\/\/www.monsacpublicitaire.com\/blog\/wp-content\/uploads\/2014\/03\/A-CAUSE-DES-GARCONS-300x159.png 300w, https:\/\/www.monsacpublicitaire.com\/blog\/wp-content\/uploads\/2014\/03\/A-CAUSE-DES-GARCONS-250x132.png 250w, https:\/\/www.monsacpublicitaire.com\/blog\/wp-content\/uploads\/2014\/03\/A-CAUSE-DES-GARCONS-500x265.png 500w, https:\/\/www.monsacpublicitaire.com\/blog\/wp-content\/uploads\/2014\/03\/A-CAUSE-DES-GARCONS-150x79.png 150w\" sizes=\"(max-width: 754px) 100vw, 754px\" \/><\/a><\/p>\n<p style=\"text-align: justify;\"><span style=\"font-size: 14px;\"><br\/> Magasin de v\u00eatements situ\u00e9 au centre-ville d&rsquo;Angers, <em>A cause des gar\u00e7ons<\/em> commercialise \u00e0 travers des marques de cr\u00e9ateurs, telles que Isabelle Marant ou Claudie Pierlot, une s\u00e9lection de v\u00eatements\u00a0 originaux.<\/span><\/p>\n<p style=\"text-align: justify;\"><span style=\"font-size: 14px;\"><br\/> Pour cette boutique, <em>monsacpublicitaire.com<\/em> a cr\u00e9\u00e9 des sacs papier luxe avec pelliculage mat et ruban coton. Des sacs avec impression 1 couleur seulement mais qui font belle impression !<\/span><\/p>\n<p style=\"text-align: justify;\"><span style=\"font-size: 14px;\"><br\/> Ci-dessous le bon \u00e0 tirer (BAT) de ces sac simples et chics \u00e0 la fois<br \/>\n<\/span><\/p>\n<p><a href=\"https:\/\/www.monsacpublicitaire.com\/blog\/wp-content\/uploads\/2014\/03\/BAT-A-cause-des-garcons_32x35x14.png\"><img decoding=\"async\" loading=\"lazy\" class=\"alignnone size-large wp-image-1110\" title=\"BAT sac papier luxe A cause des garcons\" src=\"https:\/\/www.monsacpublicitaire.com\/blog\/wp-content\/uploads\/2014\/03\/BAT-A-cause-des-garcons_32x35x14-1024x617.png\" alt=\"\" width=\"584\" height=\"351\" srcset=\"https:\/\/www.monsacpublicitaire.com\/blog\/wp-content\/uploads\/2014\/03\/BAT-A-cause-des-garcons_32x35x14-1024x617.png 1024w, https:\/\/www.monsacpublicitaire.com\/blog\/wp-content\/uploads\/2014\/03\/BAT-A-cause-des-garcons_32x35x14-300x180.png 300w, https:\/\/www.monsacpublicitaire.com\/blog\/wp-content\/uploads\/2014\/03\/BAT-A-cause-des-garcons_32x35x14-250x150.png 250w, https:\/\/www.monsacpublicitaire.com\/blog\/wp-content\/uploads\/2014\/03\/BAT-A-cause-des-garcons_32x35x14-497x300.png 497w, https:\/\/www.monsacpublicitaire.com\/blog\/wp-content\/uploads\/2014\/03\/BAT-A-cause-des-garcons_32x35x14-150x90.png 150w, https:\/\/www.monsacpublicitaire.com\/blog\/wp-content\/uploads\/2014\/03\/BAT-A-cause-des-garcons_32x35x14.png 1167w\" sizes=\"(max-width: 584px) 100vw, 584px\" \/><\/a><\/p>\n<p style=\"text-align: justify;\"><em><span style=\"font-size: 14px;\"><br\/> Caract\u00e9ristiques techniques:<\/span><\/em><\/p>\n<p style=\"text-align: justify;\"><span style=\"font-size: 14px;\">&#8211; Sac papier luxe personnalis\u00e9 format 35+14&#215;32 cm<\/span><\/p>\n<p style=\"text-align: justify;\"><span style=\"font-size: 14px;\">&#8211; Papier couch\u00e9 170 gr\/m2 (existe aussi en 200 et 250 gr\/m2)<\/span><\/p>\n<p style=\"text-align: justify;\"><span style=\"font-size: 14px;\">&#8211; Pelliculage mat<\/span><\/p>\n<p style=\"text-align: justify;\"><span style=\"font-size: 14px;\">&#8211; Impression offset 1 couleur<\/span><\/p>\n<p style=\"text-align: justify;\"><span style=\"font-size: 14px;\">&#8211; Poign\u00e9es ruban coton 45cm (pour porter \u00e0 la main)<\/span><\/p>\n<p style=\"text-align: justify;\"><span style=\"font-size: 14px;\">&#8211; Quantit\u00e9 minimum: \u00e0 partir de 250 exemplaires<\/span><\/p>\n<p style=\"text-align: justify;\"><span style=\"font-size: 14px;\">&#8211; D\u00e9lai: \u00e0 partir de 2 semaines<\/span><\/p>\n","protected":false},"excerpt":{"rendered":"<p>Magasin de v\u00eatements situ\u00e9 au centre-ville d&rsquo;Angers, A cause des gar\u00e7ons commercialise \u00e0 travers des marques de cr\u00e9ateurs, telles que &hellip;<\/p>\n<p class=\"read-more\"> <a class=\"ast-button\" href=\"https:\/\/www.monsacpublicitaire.com\/blog\/a-cause-des-garcons-la-mode-est-dans-le-sac\/\"> <span class=\"screen-reader-text\">A cause des gar\u00e7ons : La mode est dans le sac<\/span> Lire la suite \u00bb<\/a><\/p>\n","protected":false},"author":2,"featured_media":1111,"comment_status":"open","ping_status":"open","sticky":false,"template":"","format":"standard","meta":{"site-sidebar-layout":"default","site-content-layout":"default","ast-global-header-display":"","ast-banner-title-visibility":"","ast-main-header-display":"","ast-hfb-above-header-display":"","ast-hfb-below-header-display":"","ast-hfb-mobile-header-display":"","site-post-title":"","ast-breadcrumbs-content":"","ast-featured-img":"","footer-sml-layout":"","theme-transparent-header-meta":"","adv-header-id-meta":"","stick-header-meta":"","header-above-stick-meta":"","header-main-stick-meta":"","header-below-stick-meta":""},"categories":[1,11,6],"tags":[45,19,20,21,23,22],"_links":{"self":[{"href":"https:\/\/www.monsacpublicitaire.com\/blog\/wp-json\/wp\/v2\/posts\/1106"}],"collection":[{"href":"https:\/\/www.monsacpublicitaire.com\/blog\/wp-json\/wp\/v2\/posts"}],"about":[{"href":"https:\/\/www.monsacpublicitaire.com\/blog\/wp-json\/wp\/v2\/types\/post"}],"author":[{"embeddable":true,"href":"https:\/\/www.monsacpublicitaire.com\/blog\/wp-json\/wp\/v2\/users\/2"}],"replies":[{"embeddable":true,"href":"https:\/\/www.monsacpublicitaire.com\/blog\/wp-json\/wp\/v2\/comments?post=1106"}],"version-history":[{"count":13,"href":"https:\/\/www.monsacpublicitaire.com\/blog\/wp-json\/wp\/v2\/posts\/1106\/revisions"}],"predecessor-version":[{"id":1128,"href":"https:\/\/www.monsacpublicitaire.com\/blog\/wp-json\/wp\/v2\/posts\/1106\/revisions\/1128"}],"wp:featuredmedia":[{"embeddable":true,"href":"https:\/\/www.monsacpublicitaire.com\/blog\/wp-json\/wp\/v2\/media\/1111"}],"wp:attachment":[{"href":"https:\/\/www.monsacpublicitaire.com\/blog\/wp-json\/wp\/v2\/media?parent=1106"}],"wp:term":[{"taxonomy":"category","embeddable":true,"href":"https:\/\/www.monsacpublicitaire.com\/blog\/wp-json\/wp\/v2\/categories?post=1106"},{"taxonomy":"post_tag","embeddable":true,"href":"https:\/\/www.monsacpublicitaire.com\/blog\/wp-json\/wp\/v2\/tags?post=1106"}],"curies":[{"name":"wp","href":"https:\/\/api.w.org\/{rel}","templated":true}]}}