{"id":1154,"date":"2014-06-09T11:54:58","date_gmt":"2014-06-09T09:54:58","guid":{"rendered":"http:\/\/www.monsacpublicitaire.com\/blog\/?p=1154"},"modified":"2014-06-09T11:54:58","modified_gmt":"2014-06-09T09:54:58","slug":"journees-du-e-learning-le-beau-rejoint-le-bio","status":"publish","type":"post","link":"https:\/\/www.monsacpublicitaire.com\/blog\/journees-du-e-learning-le-beau-rejoint-le-bio\/","title":{"rendered":"Journ\u00e9es du E-learning : Le beau rejoint le bio"},"content":{"rendered":"<p style=\"text-align: justify;\"><a href=\"https:\/\/www.monsacpublicitaire.com\/blog\/wp-content\/uploads\/2014\/06\/JOURNEES-DU-ELEARNING.png\"><img decoding=\"async\" loading=\"lazy\" class=\"alignnone size-full wp-image-1156\" title=\"Sac papier luxe kraft biod\u00e9gradable pour les JOURNEES-DU-ELEARNING\" src=\"https:\/\/www.monsacpublicitaire.com\/blog\/wp-content\/uploads\/2014\/06\/JOURNEES-DU-ELEARNING.png\" alt=\"\" width=\"754\" height=\"400\" srcset=\"https:\/\/www.monsacpublicitaire.com\/blog\/wp-content\/uploads\/2014\/06\/JOURNEES-DU-ELEARNING.png 754w, https:\/\/www.monsacpublicitaire.com\/blog\/wp-content\/uploads\/2014\/06\/JOURNEES-DU-ELEARNING-300x159.png 300w, https:\/\/www.monsacpublicitaire.com\/blog\/wp-content\/uploads\/2014\/06\/JOURNEES-DU-ELEARNING-250x132.png 250w, https:\/\/www.monsacpublicitaire.com\/blog\/wp-content\/uploads\/2014\/06\/JOURNEES-DU-ELEARNING-500x265.png 500w, https:\/\/www.monsacpublicitaire.com\/blog\/wp-content\/uploads\/2014\/06\/JOURNEES-DU-ELEARNING-150x79.png 150w\" sizes=\"(max-width: 754px) 100vw, 754px\" \/><\/a><\/p>\n<p style=\"text-align: justify;\"><span style=\"font-size: 14px;\"><br\/> Les Journ\u00e9es du E-learning de Lyon sont devenues un rendez-vous de dimension internationale pour les experts de la formation en ligne. <\/span><\/p>\n<p style=\"text-align: justify;\"><span style=\"font-size: 14px;\"><br\/> Cet \u00e9v\u00e9nement se veut un lieu d\u2019\u00e9change et de r\u00e9flexion sur les pratiques et les innovations en mati\u00e8re de formation \u00e0 distance.\u00a0<\/span><\/p>\n<p style=\"text-align: justify;\"><span style=\"font-size: 14px;\"><br\/> A l&rsquo;occasion de l&rsquo;\u00e9dition 2013, nous avons \u00e9t\u00e9 sollicit\u00e9 pour fabriquer des sacs luxe destin\u00e9s aux participants au colloque. Caract\u00e9ristiques de ces sacs: papier kraft blanc imprim\u00e9, impression en quadrichromie, enti\u00e8rement biod\u00e9gradable car sans pelliculage\u2026 De quoi repartir pleinement emball\u00e9s de ce colloque !<\/span><\/p>\n<p style=\"text-align: justify;\"><br\/><\/p>\n<p style=\"text-align: justify;\"><br\/><\/p>\n<p style=\"text-align: justify;\"><a href=\"https:\/\/www.monsacpublicitaire.com\/blog\/wp-content\/uploads\/2014\/06\/BAT-JEL.png\"><img decoding=\"async\" loading=\"lazy\" class=\"alignnone size-full wp-image-1155\" title=\"BAT sac papier luxe personnalis\u00e9 JEL\" src=\"https:\/\/www.monsacpublicitaire.com\/blog\/wp-content\/uploads\/2014\/06\/BAT-JEL.png\" alt=\"\" width=\"906\" height=\"703\" srcset=\"https:\/\/www.monsacpublicitaire.com\/blog\/wp-content\/uploads\/2014\/06\/BAT-JEL.png 906w, https:\/\/www.monsacpublicitaire.com\/blog\/wp-content\/uploads\/2014\/06\/BAT-JEL-300x232.png 300w, https:\/\/www.monsacpublicitaire.com\/blog\/wp-content\/uploads\/2014\/06\/BAT-JEL-250x193.png 250w, https:\/\/www.monsacpublicitaire.com\/blog\/wp-content\/uploads\/2014\/06\/BAT-JEL-386x300.png 386w, https:\/\/www.monsacpublicitaire.com\/blog\/wp-content\/uploads\/2014\/06\/BAT-JEL-128x100.png 128w\" sizes=\"(max-width: 906px) 100vw, 906px\" \/><\/a><\/p>\n<p style=\"text-align: justify;\"><em><span style=\"font-size: 14px;\"><br\/> Caract\u00e9ristiques techniques\u00a0:<\/span><\/em><\/p>\n<p style=\"text-align: justify;\"><span style=\"font-size: 14px;\">&#8211; Sac papier luxe format 25+11&#215;35 cm (revers de 4 cm)<\/span><\/p>\n<p><span style=\"font-size: 14px;\">&#8211; Papier kraft blanc 170 gr\/m2 biod\u00e9gradable<\/span><\/p>\n<p><span style=\"font-size: 14px;\">&#8211; Impression quadrichromie<\/span><\/p>\n<p><span style=\"font-size: 14px;\">&#8211; Cordelettes coton 50 cm avec 4 n\u0153uds<\/span><\/p>\n<p><span style=\"font-size: 14px;\">&#8211; Quantit\u00e9 minimum: \u00e0 partir de 250 exemplaires<\/span><\/p>\n<p><span style=\"font-size: 14px;\">&#8211; D\u00e9lai: \u00e0 partir de 2 semaines<\/span><\/p>\n","protected":false},"excerpt":{"rendered":"<p>Les Journ\u00e9es du E-learning de Lyon sont devenues un rendez-vous de dimension internationale pour les experts de la formation en &hellip;<\/p>\n<p class=\"read-more\"> <a class=\"ast-button\" href=\"https:\/\/www.monsacpublicitaire.com\/blog\/journees-du-e-learning-le-beau-rejoint-le-bio\/\"> <span class=\"screen-reader-text\">Journ\u00e9es du E-learning : Le beau rejoint le bio<\/span> Lire la suite \u00bb<\/a><\/p>\n","protected":false},"author":2,"featured_media":1156,"comment_status":"open","ping_status":"open","sticky":false,"template":"","format":"standard","meta":{"site-sidebar-layout":"default","site-content-layout":"default","ast-global-header-display":"","ast-banner-title-visibility":"","ast-main-header-display":"","ast-hfb-above-header-display":"","ast-hfb-below-header-display":"","ast-hfb-mobile-header-display":"","site-post-title":"","ast-breadcrumbs-content":"","ast-featured-img":"","footer-sml-layout":"","theme-transparent-header-meta":"","adv-header-id-meta":"","stick-header-meta":"","header-above-stick-meta":"","header-main-stick-meta":"","header-below-stick-meta":""},"categories":[1,11,6],"tags":[44,19,20,21,23,22],"_links":{"self":[{"href":"https:\/\/www.monsacpublicitaire.com\/blog\/wp-json\/wp\/v2\/posts\/1154"}],"collection":[{"href":"https:\/\/www.monsacpublicitaire.com\/blog\/wp-json\/wp\/v2\/posts"}],"about":[{"href":"https:\/\/www.monsacpublicitaire.com\/blog\/wp-json\/wp\/v2\/types\/post"}],"author":[{"embeddable":true,"href":"https:\/\/www.monsacpublicitaire.com\/blog\/wp-json\/wp\/v2\/users\/2"}],"replies":[{"embeddable":true,"href":"https:\/\/www.monsacpublicitaire.com\/blog\/wp-json\/wp\/v2\/comments?post=1154"}],"version-history":[{"count":10,"href":"https:\/\/www.monsacpublicitaire.com\/blog\/wp-json\/wp\/v2\/posts\/1154\/revisions"}],"predecessor-version":[{"id":1166,"href":"https:\/\/www.monsacpublicitaire.com\/blog\/wp-json\/wp\/v2\/posts\/1154\/revisions\/1166"}],"wp:featuredmedia":[{"embeddable":true,"href":"https:\/\/www.monsacpublicitaire.com\/blog\/wp-json\/wp\/v2\/media\/1156"}],"wp:attachment":[{"href":"https:\/\/www.monsacpublicitaire.com\/blog\/wp-json\/wp\/v2\/media?parent=1154"}],"wp:term":[{"taxonomy":"category","embeddable":true,"href":"https:\/\/www.monsacpublicitaire.com\/blog\/wp-json\/wp\/v2\/categories?post=1154"},{"taxonomy":"post_tag","embeddable":true,"href":"https:\/\/www.monsacpublicitaire.com\/blog\/wp-json\/wp\/v2\/tags?post=1154"}],"curies":[{"name":"wp","href":"https:\/\/api.w.org\/{rel}","templated":true}]}}