{"id":1167,"date":"2013-12-26T16:13:58","date_gmt":"2013-12-26T14:13:58","guid":{"rendered":"http:\/\/www.monsacpublicitaire.com\/blog\/?p=1167"},"modified":"2015-01-24T19:28:43","modified_gmt":"2015-01-24T17:28:43","slug":"silmo-quand-nos-sacs-font-salon","status":"publish","type":"post","link":"https:\/\/www.monsacpublicitaire.com\/blog\/silmo-quand-nos-sacs-font-salon\/","title":{"rendered":"Silmo : Quand nos sacs font salon !"},"content":{"rendered":"<p><a href=\"https:\/\/www.monsacpublicitaire.com\/blog\/wp-content\/uploads\/2014\/06\/SILMO.png\"><img decoding=\"async\" loading=\"lazy\" class=\"alignnone size-full wp-image-1168\" title=\"Sac papier luxe personnalis\u00e9 SILMO\" src=\"https:\/\/www.monsacpublicitaire.com\/blog\/wp-content\/uploads\/2014\/06\/SILMO.png\" alt=\"\" width=\"754\" height=\"400\" srcset=\"https:\/\/www.monsacpublicitaire.com\/blog\/wp-content\/uploads\/2014\/06\/SILMO.png 754w, https:\/\/www.monsacpublicitaire.com\/blog\/wp-content\/uploads\/2014\/06\/SILMO-300x159.png 300w, https:\/\/www.monsacpublicitaire.com\/blog\/wp-content\/uploads\/2014\/06\/SILMO-250x132.png 250w, https:\/\/www.monsacpublicitaire.com\/blog\/wp-content\/uploads\/2014\/06\/SILMO-500x265.png 500w, https:\/\/www.monsacpublicitaire.com\/blog\/wp-content\/uploads\/2014\/06\/SILMO-150x79.png 150w\" sizes=\"(max-width: 754px) 100vw, 754px\" \/><\/a><\/p>\n<p style=\"text-align: justify;\"><span style=\"font-size: 14px;\"><br\/> Salon incontournable des\u00a0professionnels de l&rsquo;optique et de la lunetterie, Silmo est organis\u00e9 par les fabricants d&rsquo;optique r\u00e9unis en association. Il met en \u0153uvre un savoir-faire exceptionnel au service des professionnels de l&rsquo;optique.<\/span><\/p>\n<p style=\"text-align: justify;\"><span style=\"font-size: 14px;\"><br\/> Pour promouvoir l&rsquo;\u00e9dition 2013, l&rsquo;organisateur de la manifestation nous a command\u00e9 des sacs sac papier luxe avec pelliculage mat et impression en quadrichromie.<\/span><\/p>\n<p style=\"text-align: justify;\"><span style=\"font-size: 14px;\"><br\/> Un salon que <em>Monsacpublicitaire.com<\/em> conna\u00eet bien puisque de nombreux exposants nous sollicitent r\u00e9guli\u00e8rement pour la fabrication de leurs sacs publicitaires. Merci pour leur confiance et Rendez-vous \u00e0 la prochaine \u00e9dition de Silmo du 26 au 29 septembre 2014, Porte de Versailles \u00e0 Paris, avec un nouveau sac \u00e0 d\u00e9couvrir dans notre blog.<\/span><\/p>\n<p style=\"text-align: justify;\"><span style=\"font-size: 14px;\"><br\/> Voici le BAT pour ce sac:<\/span><\/p>\n<p style=\"text-align: justify;\"><br\/><\/p>\n<p><a href=\"https:\/\/www.monsacpublicitaire.com\/blog\/wp-content\/uploads\/2014\/06\/BAT-SILMO-2013.png\"><img decoding=\"async\" loading=\"lazy\" class=\"alignnone size-full wp-image-1170\" title=\"BAT sacs luxes SILMO 2013\" src=\"https:\/\/www.monsacpublicitaire.com\/blog\/wp-content\/uploads\/2014\/06\/BAT-SILMO-2013.png\" alt=\"\" width=\"1020\" height=\"689\" srcset=\"https:\/\/www.monsacpublicitaire.com\/blog\/wp-content\/uploads\/2014\/06\/BAT-SILMO-2013.png 1020w, https:\/\/www.monsacpublicitaire.com\/blog\/wp-content\/uploads\/2014\/06\/BAT-SILMO-2013-300x202.png 300w, https:\/\/www.monsacpublicitaire.com\/blog\/wp-content\/uploads\/2014\/06\/BAT-SILMO-2013-250x168.png 250w, https:\/\/www.monsacpublicitaire.com\/blog\/wp-content\/uploads\/2014\/06\/BAT-SILMO-2013-444x300.png 444w, https:\/\/www.monsacpublicitaire.com\/blog\/wp-content\/uploads\/2014\/06\/BAT-SILMO-2013-148x100.png 148w\" sizes=\"(max-width: 1020px) 100vw, 1020px\" \/><\/a><\/p>\n<p style=\"text-align: justify;\"><em><span style=\"font-size: 14px;\"><br\/> Caract\u00e9ristiques techniques:<\/span><\/em><\/p>\n<p style=\"text-align: justify;\"><span style=\"font-size: 14px;\">&#8211; Sac papier luxe<\/span><\/p>\n<p style=\"text-align: justify;\"><span style=\"font-size: 14px;\">&#8211; Format: 32+12&#215;32 cm<\/span><\/p>\n<p style=\"text-align: justify;\"><span style=\"font-size: 14px;\">&#8211; Papier couch\u00e9 170 gr\/m2<\/span><\/p>\n<p style=\"text-align: justify;\"><span style=\"font-size: 14px;\">&#8211; Impression quadrichromie 100%<\/span><\/p>\n<p style=\"text-align: justify;\"><span style=\"font-size: 14px;\">&#8211; Pelliculage mat<\/span><\/p>\n<p style=\"text-align: justify;\"><span style=\"font-size: 14px;\">&#8211; Cordelettes coton 45 cm avec 4 noeuds<\/span><\/p>\n<p style=\"text-align: justify;\"><span style=\"font-size: 14px;\">&#8211; D\u00e9lai: \u00e0 partir de 2 semaines<\/span><\/p>\n<p style=\"text-align: justify;\"><span style=\"font-size: 14px;\">&#8211; Tout format possible (nous consulter)<\/span><\/p>\n<p style=\"text-align: justify;\"><span style=\"font-size: 14px;\">&#8211; Quantit\u00e9: \u00e0 partir de 250 exemplaires<\/span><\/p>\n","protected":false},"excerpt":{"rendered":"<p>Salon incontournable des\u00a0professionnels de l&rsquo;optique et de la lunetterie, Silmo est organis\u00e9 par les fabricants d&rsquo;optique r\u00e9unis en association. Il &hellip;<\/p>\n<p class=\"read-more\"> <a class=\"ast-button\" href=\"https:\/\/www.monsacpublicitaire.com\/blog\/silmo-quand-nos-sacs-font-salon\/\"> <span class=\"screen-reader-text\">Silmo : Quand nos sacs font salon !<\/span> Lire la suite \u00bb<\/a><\/p>\n","protected":false},"author":2,"featured_media":1169,"comment_status":"open","ping_status":"open","sticky":false,"template":"","format":"standard","meta":{"site-sidebar-layout":"default","site-content-layout":"default","ast-global-header-display":"","ast-banner-title-visibility":"","ast-main-header-display":"","ast-hfb-above-header-display":"","ast-hfb-below-header-display":"","ast-hfb-mobile-header-display":"","site-post-title":"","ast-breadcrumbs-content":"","ast-featured-img":"","footer-sml-layout":"","theme-transparent-header-meta":"","adv-header-id-meta":"","stick-header-meta":"","header-above-stick-meta":"","header-main-stick-meta":"","header-below-stick-meta":""},"categories":[1,11,6],"tags":[45,19,20,21,23,22],"_links":{"self":[{"href":"https:\/\/www.monsacpublicitaire.com\/blog\/wp-json\/wp\/v2\/posts\/1167"}],"collection":[{"href":"https:\/\/www.monsacpublicitaire.com\/blog\/wp-json\/wp\/v2\/posts"}],"about":[{"href":"https:\/\/www.monsacpublicitaire.com\/blog\/wp-json\/wp\/v2\/types\/post"}],"author":[{"embeddable":true,"href":"https:\/\/www.monsacpublicitaire.com\/blog\/wp-json\/wp\/v2\/users\/2"}],"replies":[{"embeddable":true,"href":"https:\/\/www.monsacpublicitaire.com\/blog\/wp-json\/wp\/v2\/comments?post=1167"}],"version-history":[{"count":18,"href":"https:\/\/www.monsacpublicitaire.com\/blog\/wp-json\/wp\/v2\/posts\/1167\/revisions"}],"predecessor-version":[{"id":1184,"href":"https:\/\/www.monsacpublicitaire.com\/blog\/wp-json\/wp\/v2\/posts\/1167\/revisions\/1184"}],"wp:featuredmedia":[{"embeddable":true,"href":"https:\/\/www.monsacpublicitaire.com\/blog\/wp-json\/wp\/v2\/media\/1169"}],"wp:attachment":[{"href":"https:\/\/www.monsacpublicitaire.com\/blog\/wp-json\/wp\/v2\/media?parent=1167"}],"wp:term":[{"taxonomy":"category","embeddable":true,"href":"https:\/\/www.monsacpublicitaire.com\/blog\/wp-json\/wp\/v2\/categories?post=1167"},{"taxonomy":"post_tag","embeddable":true,"href":"https:\/\/www.monsacpublicitaire.com\/blog\/wp-json\/wp\/v2\/tags?post=1167"}],"curies":[{"name":"wp","href":"https:\/\/api.w.org\/{rel}","templated":true}]}}