{"id":1209,"date":"2014-09-10T18:48:25","date_gmt":"2014-09-10T16:48:25","guid":{"rendered":"http:\/\/www.monsacpublicitaire.com\/blog\/?p=1209"},"modified":"2015-01-10T18:49:53","modified_gmt":"2015-01-10T16:49:53","slug":"primland-sacs-pour-delices-portugais","status":"publish","type":"post","link":"https:\/\/www.monsacpublicitaire.com\/blog\/primland-sacs-pour-delices-portugais\/","title":{"rendered":"Prim&rsquo;Land: Sacs pour d\u00e9lices portugais"},"content":{"rendered":"<p style=\"text-align: justify;\"><span style=\"font-size: 14px;\"><strong><a href=\"https:\/\/www.monsacpublicitaire.com\/blog\/wp-content\/uploads\/2014\/12\/PRIMLAND-2.png\"><img decoding=\"async\" loading=\"lazy\" class=\"alignnone size-full wp-image-1210\" title=\"Sac papier luxe avec dorure \u00e0 chaud PRIMLAND\" src=\"https:\/\/www.monsacpublicitaire.com\/blog\/wp-content\/uploads\/2014\/12\/PRIMLAND-2.png\" alt=\"\" width=\"754\" height=\"400\" srcset=\"https:\/\/www.monsacpublicitaire.com\/blog\/wp-content\/uploads\/2014\/12\/PRIMLAND-2.png 754w, https:\/\/www.monsacpublicitaire.com\/blog\/wp-content\/uploads\/2014\/12\/PRIMLAND-2-300x159.png 300w, https:\/\/www.monsacpublicitaire.com\/blog\/wp-content\/uploads\/2014\/12\/PRIMLAND-2-250x132.png 250w, https:\/\/www.monsacpublicitaire.com\/blog\/wp-content\/uploads\/2014\/12\/PRIMLAND-2-500x265.png 500w, https:\/\/www.monsacpublicitaire.com\/blog\/wp-content\/uploads\/2014\/12\/PRIMLAND-2-150x79.png 150w\" sizes=\"(max-width: 754px) 100vw, 754px\" \/><\/a><br \/>\n<\/strong><\/span><\/p>\n<p style=\"text-align: justify;\"><span style=\"font-size: 14px;\"><br\/> Le supermarch\u00e9 Prim&rsquo;Land est situ\u00e9 \u00e0 Romainville, en banlieue parisienne. Sa particularit\u00e9 ? Proposer uniquement des produits d&rsquo;origine portugaise : boucherie, charcuterie, fruits et l\u00e9gumes, cr\u00e8merie, cuisine \u00e0 emporter et livraison.<\/span><\/p>\n<p style=\"text-align: justify;\"><span style=\"font-size: 14px;\"><br\/> Une enseigne tr\u00e8s appr\u00e9ci\u00e9e par la communaut\u00e9 portugaise d&rsquo;Ile-de-France mais aussi par tous ceux qui veulent d\u00e9couvrir la richesse des produits et de la cuisine de ce pays.<\/span><\/p>\n<p style=\"text-align: justify;\"><span style=\"font-size: 14px;\"><br\/> A l\u2019occasion de la sortie en salle \u00ab\u00a0la Cage dor\u00e9e\u00a0\u00bb, com\u00e9die sur la communaut\u00e9 portugaise, une projection sp\u00e9ciale au cin\u00e9ma le Trianon de Romainville a \u00e9t\u00e9 organis\u00e9e et des sp\u00e9cialit\u00e9s gastronomiques portugaises \u00e9labor\u00e9es par Prim\u2019land ont \u00e9t\u00e9 remises aux spectateurs dans de beaux sacs papier luxes avec pelliculage brillant et dorure \u00e0 chaud.<\/span><\/p>\n<p style=\"text-align: justify;\"><span style=\"font-size: 14px;\"><br\/> Bien entendu, comme tout va tr\u00e8s vite dans la distribution, le client a souhait\u00e9 b\u00e9n\u00e9ficier de l&rsquo;offre Chronosac et obtenir une livraison sous 15 jours. Challenge r\u00e9ussi !<\/span><\/p>\n<p><span style=\"font-size: 14px;\"><em><br\/> Caract\u00e9ristiques techniques:<\/em><\/span><\/p>\n<p><span style=\"font-size: 14px;\">&#8211; Sac papier luxe<\/span><\/p>\n<p><span style=\"font-size: 14px;\">&#8211; Format: 18+10&#215;23 cm<\/span><\/p>\n<p><span style=\"font-size: 14px;\">&#8211; Papier couch\u00e9 170 gr\/m2<\/span><\/p>\n<p><span style=\"font-size: 14px;\">&#8211; Dorure \u00e0 chaud du logo<\/span><\/p>\n<p><span style=\"font-size: 14px;\">&#8211; Pelliculage brillant<\/span><\/p>\n<p><span style=\"font-size: 14px;\">&#8211; Impression 1 couleur 100% (violet)<\/span><\/p>\n<p>&#8211; Cordelettes 45 cm avec 4 noeuds aux extr\u00e9mit\u00e9s<\/p>\n","protected":false},"excerpt":{"rendered":"<p>Le supermarch\u00e9 Prim&rsquo;Land est situ\u00e9 \u00e0 Romainville, en banlieue parisienne. Sa particularit\u00e9 ? Proposer uniquement des produits d&rsquo;origine portugaise : &hellip;<\/p>\n<p class=\"read-more\"> <a class=\"ast-button\" href=\"https:\/\/www.monsacpublicitaire.com\/blog\/primland-sacs-pour-delices-portugais\/\"> <span class=\"screen-reader-text\">Prim&rsquo;Land: Sacs pour d\u00e9lices portugais<\/span> Lire la suite \u00bb<\/a><\/p>\n","protected":false},"author":2,"featured_media":1210,"comment_status":"open","ping_status":"open","sticky":false,"template":"","format":"standard","meta":{"site-sidebar-layout":"default","site-content-layout":"default","ast-global-header-display":"","ast-banner-title-visibility":"","ast-main-header-display":"","ast-hfb-above-header-display":"","ast-hfb-below-header-display":"","ast-hfb-mobile-header-display":"","site-post-title":"","ast-breadcrumbs-content":"","ast-featured-img":"","footer-sml-layout":"","theme-transparent-header-meta":"","adv-header-id-meta":"","stick-header-meta":"","header-above-stick-meta":"","header-main-stick-meta":"","header-below-stick-meta":""},"categories":[1,11,6],"tags":[45,19,20,21,46,23,22],"_links":{"self":[{"href":"https:\/\/www.monsacpublicitaire.com\/blog\/wp-json\/wp\/v2\/posts\/1209"}],"collection":[{"href":"https:\/\/www.monsacpublicitaire.com\/blog\/wp-json\/wp\/v2\/posts"}],"about":[{"href":"https:\/\/www.monsacpublicitaire.com\/blog\/wp-json\/wp\/v2\/types\/post"}],"author":[{"embeddable":true,"href":"https:\/\/www.monsacpublicitaire.com\/blog\/wp-json\/wp\/v2\/users\/2"}],"replies":[{"embeddable":true,"href":"https:\/\/www.monsacpublicitaire.com\/blog\/wp-json\/wp\/v2\/comments?post=1209"}],"version-history":[{"count":7,"href":"https:\/\/www.monsacpublicitaire.com\/blog\/wp-json\/wp\/v2\/posts\/1209\/revisions"}],"predecessor-version":[{"id":1245,"href":"https:\/\/www.monsacpublicitaire.com\/blog\/wp-json\/wp\/v2\/posts\/1209\/revisions\/1245"}],"wp:featuredmedia":[{"embeddable":true,"href":"https:\/\/www.monsacpublicitaire.com\/blog\/wp-json\/wp\/v2\/media\/1210"}],"wp:attachment":[{"href":"https:\/\/www.monsacpublicitaire.com\/blog\/wp-json\/wp\/v2\/media?parent=1209"}],"wp:term":[{"taxonomy":"category","embeddable":true,"href":"https:\/\/www.monsacpublicitaire.com\/blog\/wp-json\/wp\/v2\/categories?post=1209"},{"taxonomy":"post_tag","embeddable":true,"href":"https:\/\/www.monsacpublicitaire.com\/blog\/wp-json\/wp\/v2\/tags?post=1209"}],"curies":[{"name":"wp","href":"https:\/\/api.w.org\/{rel}","templated":true}]}}