{"id":1299,"date":"2016-03-01T13:26:18","date_gmt":"2016-03-01T11:26:18","guid":{"rendered":"http:\/\/www.monsacpublicitaire.com\/blog\/?p=1299"},"modified":"2023-11-28T16:52:29","modified_gmt":"2023-11-28T15:52:29","slug":"mediabus-des-sacs-cabas-respectueux-de-lenvironnement","status":"publish","type":"post","link":"https:\/\/www.monsacpublicitaire.com\/blog\/mediabus-des-sacs-cabas-respectueux-de-lenvironnement\/","title":{"rendered":"MEDIABUS: DES SACS CABAS RESPECTUEUX DE L&rsquo;ENVIRONNEMENT!"},"content":{"rendered":"<p style=\"text-align: justify;\"><a href=\"https:\/\/www.monsacpublicitaire.com\/blog\/wp-content\/uploads\/2016\/02\/MEDIABUS1.png\"><img decoding=\"async\" loading=\"lazy\" class=\"alignnone size-full wp-image-1304\" title=\"Sac publicitaire MEDIABUS\" src=\"https:\/\/www.monsacpublicitaire.com\/blog\/wp-content\/uploads\/2016\/02\/MEDIABUS1.png\" alt=\"\" width=\"754\" height=\"400\" srcset=\"https:\/\/www.monsacpublicitaire.com\/blog\/wp-content\/uploads\/2016\/02\/MEDIABUS1.png 754w, https:\/\/www.monsacpublicitaire.com\/blog\/wp-content\/uploads\/2016\/02\/MEDIABUS1-300x159.png 300w, https:\/\/www.monsacpublicitaire.com\/blog\/wp-content\/uploads\/2016\/02\/MEDIABUS1-250x132.png 250w, https:\/\/www.monsacpublicitaire.com\/blog\/wp-content\/uploads\/2016\/02\/MEDIABUS1-500x265.png 500w, https:\/\/www.monsacpublicitaire.com\/blog\/wp-content\/uploads\/2016\/02\/MEDIABUS1-150x79.png 150w\" sizes=\"(max-width: 754px) 100vw, 754px\" \/><\/a><\/p>\n<p style=\"text-align: justify;\"><span style=\"font-size: 14px;\"><br\/> La m\u00e9diath\u00e8que du d\u00e9partement du Haut-Rhin a choisi de distribuer des sacs cabas r\u00e9utilisables personnalis\u00e9s avec ses couleurs \u00e0 ses adh\u00e9rents et notamment \u00e0 ceux des M\u00e9diabus, v\u00e9ritables biblioth\u00e8ques itin\u00e9rantes.<\/span><\/p>\n<p style=\"text-align: justify;\"><span style=\"font-size: 14px;\"><br\/> Elle a choisi pour cela des sacs personnalis\u00e9s en polypropyl\u00e8ne tiss\u00e9, mati\u00e8re recyclable et tr\u00e8s r\u00e9sistante puisque ces sacs peuvent \u00eatre r\u00e9utilis\u00e9s des centaines de fois, la meilleure solution possible pour le respect de l&rsquo;environnement!<\/span><\/p>\n<p style=\"text-align: justify;\"><span style=\"font-size: 14px;\"><br\/> A noter que vous pouvez exprimer votre cr\u00e9ativit\u00e9 sans aucune limite pour ce type de sac puisque l&rsquo;int\u00e9gralit\u00e9 du sac peut \u00eatre imprim\u00e9 sur toute sa surface avec une ou plusieurs couleurs (quadrichromie possible). <\/span><\/p>\n<p><span style=\"font-size: 14px;\"><br\/> N&rsquo;h\u00e9sitez pas \u00e0 consulter les <strong>dimensions les plus couramment utilis\u00e9es ainsi que les tarifs<\/strong> correspondant pour une quantit\u00e9 de 1 000 pi\u00e8ces <strong>en cliquant<span style=\"color: #0000ff;\"> <a title=\"Sac cabas r\u00e9utilisable personnalis\u00e9\" href=\"https:\/\/www.monsacpublicitaire.com\/19-sacs-polypropylene-tisse\" target=\"_blank\" rel=\"noopener\"><span style=\"color: #0000ff;\">ici<\/span><\/a><\/span><\/strong><\/span><\/p>\n<p><span style=\"font-size: 14px;\"><br\/> Si vous manquez d&rsquo;inspiration pour la cr\u00e9ation de votre visuel, <strong>vous pouvez consulter notre galerie photos <span style=\"color: #0000ff;\"><a title=\"Galerie sac cabas personnalis\u00e9\" href=\"https:\/\/www.monsacpublicitaire.com\/galeries\/8-sac-cabas-polypropylene-tisse\/\" target=\"_blank\" rel=\"noopener\"><span style=\"color: #0000ff;\">ici<\/span><\/a><\/span><\/strong><\/span><\/p>\n<p style=\"text-align: justify;\"><span style=\"font-size: 14px;\"><br\/><\/span><\/p>\n<p style=\"text-align: justify;\"><a href=\"https:\/\/www.monsacpublicitaire.com\/blog\/wp-content\/uploads\/2016\/02\/media-1.jpg\"><img decoding=\"async\" loading=\"lazy\" class=\"alignnone  wp-image-1314\" title=\"media-1\" src=\"https:\/\/www.monsacpublicitaire.com\/blog\/wp-content\/uploads\/2016\/02\/media-1-546x1024.jpg\" alt=\"\" width=\"299\" height=\"550\" \/><\/a><\/p>\n<p style=\"text-align: justify;\"><span style=\"font-size: 14px;\"><strong><br\/> Cot\u00e9 technique:<\/strong><\/span><\/p>\n<p style=\"text-align: justify;\"><span style=\"font-size: 14px;\">&#8211; Sac cabas r\u00e9utilisable<\/span><\/p>\n<p style=\"text-align: justify;\"><span style=\"font-size: 14px;\">&#8211; Polypropyl\u00e8ne tiss\u00e9 140 gr\/m2 (bon rapport qualit\u00e9\/prix)<\/span><\/p>\n<p style=\"text-align: justify;\"><span style=\"font-size: 14px;\">&#8211; Impression quadrichromie<\/span><\/p>\n<p style=\"text-align: justify;\"><span style=\"font-size: 14px;\">&#8211; Pelliculage brillant<\/span><\/p>\n<p style=\"text-align: justify;\"><span style=\"font-size: 14px;\">&#8211; Anses 40 cm (pour porter le sac \u00e0 la main)<\/span><\/p>\n<p style=\"text-align: justify;\"><span style=\"font-size: 14px;\">&#8211; Liser\u00e9s en polypropyl\u00e8ne tiss\u00e9 pellicul\u00e9s brillant<br \/>\n<\/span><\/p>\n<p style=\"text-align: justify;\"><span style=\"font-size: 14px;\"><strong><br\/> Le plus monsacpublicitaire<\/strong>: les anses sont dot\u00e9es d&rsquo;une couture en X pour une plus grande solidit\u00e9 et les liser\u00e9s du sac (coutures lat\u00e9rales) sont dot\u00e9s d&rsquo;un revers qui conf\u00e8rent une plus grande long\u00e9vit\u00e9 au sac.<\/span><\/p>\n","protected":false},"excerpt":{"rendered":"<p>La m\u00e9diath\u00e8que du d\u00e9partement du Haut-Rhin a choisi de distribuer des sacs cabas r\u00e9utilisables personnalis\u00e9s avec ses couleurs \u00e0 ses &hellip;<\/p>\n<p class=\"read-more\"> <a class=\"ast-button\" href=\"https:\/\/www.monsacpublicitaire.com\/blog\/mediabus-des-sacs-cabas-respectueux-de-lenvironnement\/\"> <span class=\"screen-reader-text\">MEDIABUS: DES SACS CABAS RESPECTUEUX DE L&rsquo;ENVIRONNEMENT!<\/span> Lire la suite \u00bb<\/a><\/p>\n","protected":false},"author":2,"featured_media":1304,"comment_status":"open","ping_status":"open","sticky":false,"template":"","format":"standard","meta":{"site-sidebar-layout":"default","site-content-layout":"default","ast-global-header-display":"","ast-banner-title-visibility":"","ast-main-header-display":"","ast-hfb-above-header-display":"","ast-hfb-below-header-display":"","ast-hfb-mobile-header-display":"","site-post-title":"","ast-breadcrumbs-content":"","ast-featured-img":"","footer-sml-layout":"","theme-transparent-header-meta":"","adv-header-id-meta":"","stick-header-meta":"","header-above-stick-meta":"","header-main-stick-meta":"","header-below-stick-meta":""},"categories":[1,11,8],"tags":[25,24,26,12,28,27,14],"_links":{"self":[{"href":"https:\/\/www.monsacpublicitaire.com\/blog\/wp-json\/wp\/v2\/posts\/1299"}],"collection":[{"href":"https:\/\/www.monsacpublicitaire.com\/blog\/wp-json\/wp\/v2\/posts"}],"about":[{"href":"https:\/\/www.monsacpublicitaire.com\/blog\/wp-json\/wp\/v2\/types\/post"}],"author":[{"embeddable":true,"href":"https:\/\/www.monsacpublicitaire.com\/blog\/wp-json\/wp\/v2\/users\/2"}],"replies":[{"embeddable":true,"href":"https:\/\/www.monsacpublicitaire.com\/blog\/wp-json\/wp\/v2\/comments?post=1299"}],"version-history":[{"count":34,"href":"https:\/\/www.monsacpublicitaire.com\/blog\/wp-json\/wp\/v2\/posts\/1299\/revisions"}],"predecessor-version":[{"id":2171,"href":"https:\/\/www.monsacpublicitaire.com\/blog\/wp-json\/wp\/v2\/posts\/1299\/revisions\/2171"}],"wp:featuredmedia":[{"embeddable":true,"href":"https:\/\/www.monsacpublicitaire.com\/blog\/wp-json\/wp\/v2\/media\/1304"}],"wp:attachment":[{"href":"https:\/\/www.monsacpublicitaire.com\/blog\/wp-json\/wp\/v2\/media?parent=1299"}],"wp:term":[{"taxonomy":"category","embeddable":true,"href":"https:\/\/www.monsacpublicitaire.com\/blog\/wp-json\/wp\/v2\/categories?post=1299"},{"taxonomy":"post_tag","embeddable":true,"href":"https:\/\/www.monsacpublicitaire.com\/blog\/wp-json\/wp\/v2\/tags?post=1299"}],"curies":[{"name":"wp","href":"https:\/\/api.w.org\/{rel}","templated":true}]}}