{"id":1364,"date":"2016-07-05T23:43:26","date_gmt":"2016-07-05T21:43:26","guid":{"rendered":"http:\/\/www.monsacpublicitaire.com\/blog\/?p=1364"},"modified":"2023-11-28T16:51:08","modified_gmt":"2023-11-28T15:51:08","slug":"les-sacs-cabas-personnalises-des-sauniers-de-lile-de-re","status":"publish","type":"post","link":"https:\/\/www.monsacpublicitaire.com\/blog\/les-sacs-cabas-personnalises-des-sauniers-de-lile-de-re\/","title":{"rendered":"Les sacs cabas personnalis\u00e9s des sauniers de l&rsquo;Ile de R\u00e9"},"content":{"rendered":"<p style=\"text-align: justify;\"><a href=\"https:\/\/www.monsacpublicitaire.com\/blog\/wp-content\/uploads\/2016\/07\/SAUNIERS-DE-LILE-DE-RE.png\"><img decoding=\"async\" loading=\"lazy\" class=\"alignnone size-full wp-image-1369\" title=\"sac cabas personnalis\u00e9 SAUNIERS-DE-L'ILE-DE-RE\" src=\"https:\/\/www.monsacpublicitaire.com\/blog\/wp-content\/uploads\/2016\/07\/SAUNIERS-DE-LILE-DE-RE.png\" alt=\"\" width=\"754\" height=\"400\" srcset=\"https:\/\/www.monsacpublicitaire.com\/blog\/wp-content\/uploads\/2016\/07\/SAUNIERS-DE-LILE-DE-RE.png 754w, https:\/\/www.monsacpublicitaire.com\/blog\/wp-content\/uploads\/2016\/07\/SAUNIERS-DE-LILE-DE-RE-300x159.png 300w, https:\/\/www.monsacpublicitaire.com\/blog\/wp-content\/uploads\/2016\/07\/SAUNIERS-DE-LILE-DE-RE-250x132.png 250w, https:\/\/www.monsacpublicitaire.com\/blog\/wp-content\/uploads\/2016\/07\/SAUNIERS-DE-LILE-DE-RE-500x265.png 500w, https:\/\/www.monsacpublicitaire.com\/blog\/wp-content\/uploads\/2016\/07\/SAUNIERS-DE-LILE-DE-RE-150x79.png 150w\" sizes=\"(max-width: 754px) 100vw, 754px\" \/><\/a><\/p>\n<p style=\"text-align: justify;\"><span style=\"font-size: 14px;\"><br\/> Nous avons r\u00e9alis\u00e9 pour la Coop\u00e9rative des Sauniers de l&rsquo;Ile de R\u00e9 des sacs cabas r\u00e9utilisables personnalis\u00e9s tr\u00e8s tendance avec des visuels typiques de l&rsquo;Ile de R\u00e9 et du m\u00e9tier des sauniers.<\/span><\/p>\n<p style=\"text-align: justify;\"><span style=\"font-size: 14px;\"><br\/>\u00a0 Les sacs cabas qui ont \u00e9t\u00e9 s\u00e9lectionn\u00e9s pour ce client sont en polypropyl\u00e8ne tiss\u00e9, mati\u00e8re recyclable et tr\u00e8s r\u00e9sistante puisque ces sacs peuvent \u00eatre r\u00e9utilis\u00e9s de nombreuses fois, la meilleure solution possible pour le respect de l&rsquo;environnement! C&rsquo;est cette m\u00eame mati\u00e8re qui est utilis\u00e9e pour les sacs cabas r\u00e9utilisables que vous trouvez \u00e9galement aux caisses des hypermarch\u00e9s.<\/span><\/p>\n<p style=\"text-align: justify;\"><span style=\"font-size: 14px;\"><br\/> A noter que vous pouvez exprimer votre cr\u00e9ativit\u00e9 sans aucune limite pour ce type de sac puisque l&rsquo;int\u00e9gralit\u00e9 du sac peut \u00eatre imprim\u00e9 sur toute sa surface, aussi bien les deux faces que les deux soufflets, et cela avec une ou plusieurs couleurs (quadrichromie possible).<\/span><\/p>\n<p style=\"text-align: justify;\"><span style=\"font-size: 14px;\"><br\/> N&rsquo;h\u00e9sitez pas \u00e0 consulter les <strong>dimensions les plus couramment utilis\u00e9es ainsi que les tarifs<\/strong> correspondant pour une quantit\u00e9 de 1 000 pi\u00e8ces <strong>en cliquant <span style=\"text-decoration: underline;\"><span style=\"color: #0000ff;\"><a title=\"Sac cabas r\u00e9utilisable personnalis\u00e9\" href=\"https:\/\/www.monsacpublicitaire.com\/19-sacs-polypropylene-tisse\" target=\"_blank\" rel=\"noopener\"><span style=\"color: #0000ff; text-decoration: underline;\">ici<\/span><\/a><\/span><\/span><\/strong> et \u00e0 nous consulter pour toute quantit\u00e9 sup\u00e9rieure car les tarifs sont d\u00e9gressifs de fa\u00e7on assez importante sur ce produit.<strong><a title=\"Sac cabas r\u00e9utilisable personnalis\u00e9\" href=\"http:\/\/www.monsacpublicitaire.com\/19-sacs-polypropylene-tisse\" target=\"_blank\" rel=\"noopener\"><br \/>\n<\/a><\/strong><\/span><\/p>\n<p style=\"text-align: justify;\"><span style=\"font-size: 14px;\"><br\/> Si vous manquez d&rsquo;inspiration pour la cr\u00e9ation de votre visuel, <strong>vous pouvez consulter notre galerie photos <span style=\"text-decoration: underline;\"><span style=\"color: #0000ff;\"><a title=\"Galerie sac cabas personnalis\u00e9\" href=\"https:\/\/www.monsacpublicitaire.com\/galeries\/8-sac-cabas-polypropylene-tisse\/\" target=\"_blank\" rel=\"noopener\"><span style=\"color: #0000ff; text-decoration: underline;\">ici<\/span><\/a><\/span><\/span><\/strong><\/span><\/p>\n<br\/>\n<p><a href=\"https:\/\/www.monsacpublicitaire.com\/blog\/wp-content\/uploads\/2016\/07\/BAT-SAUNIERS.png\"><img decoding=\"async\" loading=\"lazy\" class=\"alignnone size-full wp-image-1368\" title=\"BAT sac cabas polypropyl\u00e8ne tiss\u00e9 SAUNIERS\" src=\"https:\/\/www.monsacpublicitaire.com\/blog\/wp-content\/uploads\/2016\/07\/BAT-SAUNIERS.png\" alt=\"\" width=\"432\" height=\"693\" srcset=\"https:\/\/www.monsacpublicitaire.com\/blog\/wp-content\/uploads\/2016\/07\/BAT-SAUNIERS.png 432w, https:\/\/www.monsacpublicitaire.com\/blog\/wp-content\/uploads\/2016\/07\/BAT-SAUNIERS-187x300.png 187w, https:\/\/www.monsacpublicitaire.com\/blog\/wp-content\/uploads\/2016\/07\/BAT-SAUNIERS-250x401.png 250w, https:\/\/www.monsacpublicitaire.com\/blog\/wp-content\/uploads\/2016\/07\/BAT-SAUNIERS-62x100.png 62w\" sizes=\"(max-width: 432px) 100vw, 432px\" \/><\/a><\/p>\n<p style=\"text-align: justify;\"><span style=\"font-size: 14px;\"><strong><br\/> Cot\u00e9 technique:<\/strong><\/span><\/p>\n<p style=\"text-align: justify;\"><span style=\"font-size: 14px;\">&#8211; Sac cabas r\u00e9utilisable<\/span><\/p>\n<p style=\"text-align: justify;\"><span style=\"font-size: 14px;\">&#8211; Format 36+23&#215;35 cm<\/span><\/p>\n<p style=\"text-align: justify;\"><span style=\"font-size: 14px;\">&#8211; Polypropyl\u00e8ne tiss\u00e9 140 gr\/m2 (bon rapport qualit\u00e9\/prix\/robustesse)<\/span><\/p>\n<p style=\"text-align: justify;\"><span style=\"font-size: 14px;\">&#8211; Impression quadrichromie + 1 couleur<\/span><\/p>\n<p style=\"text-align: justify;\"><span style=\"font-size: 14px;\">&#8211; Pelliculage brillant<\/span><\/p>\n<p style=\"text-align: justify;\"><span style=\"font-size: 14px;\">&#8211; Anses 40 cm (pour porter le sac \u00e0 la main)<\/span><\/p>\n<p style=\"text-align: justify;\"><span style=\"font-size: 14px;\">&#8211; Liser\u00e9s en polypropyl\u00e8ne tiss\u00e9 pellicul\u00e9s brillant<\/span><\/p>\n<p style=\"text-align: justify;\"><span style=\"font-size: 14px;\"><strong><br\/> Le plus monsacpublicitaire<\/strong>: les anses sont dot\u00e9es d&rsquo;une couture en X pour une plus grande solidit\u00e9 et les liser\u00e9s du sac (coutures lat\u00e9rales) sont dot\u00e9s d&rsquo;un revers qui conf\u00e8rent une plus grande long\u00e9vit\u00e9 au sac.<\/span><\/p>\n","protected":false},"excerpt":{"rendered":"<p>Nous avons r\u00e9alis\u00e9 pour la Coop\u00e9rative des Sauniers de l&rsquo;Ile de R\u00e9 des sacs cabas r\u00e9utilisables personnalis\u00e9s tr\u00e8s tendance avec &hellip;<\/p>\n<p class=\"read-more\"> <a class=\"ast-button\" href=\"https:\/\/www.monsacpublicitaire.com\/blog\/les-sacs-cabas-personnalises-des-sauniers-de-lile-de-re\/\"> <span class=\"screen-reader-text\">Les sacs cabas personnalis\u00e9s des sauniers de l&rsquo;Ile de R\u00e9<\/span> Lire la suite \u00bb<\/a><\/p>\n","protected":false},"author":2,"featured_media":1369,"comment_status":"open","ping_status":"open","sticky":false,"template":"","format":"standard","meta":{"site-sidebar-layout":"default","site-content-layout":"default","ast-global-header-display":"","ast-banner-title-visibility":"","ast-main-header-display":"","ast-hfb-above-header-display":"","ast-hfb-below-header-display":"","ast-hfb-mobile-header-display":"","site-post-title":"","ast-breadcrumbs-content":"","ast-featured-img":"","footer-sml-layout":"","theme-transparent-header-meta":"","adv-header-id-meta":"","stick-header-meta":"","header-above-stick-meta":"","header-main-stick-meta":"","header-below-stick-meta":""},"categories":[1,11,8],"tags":[25,24,26,47,12,28,27,14,48],"_links":{"self":[{"href":"https:\/\/www.monsacpublicitaire.com\/blog\/wp-json\/wp\/v2\/posts\/1364"}],"collection":[{"href":"https:\/\/www.monsacpublicitaire.com\/blog\/wp-json\/wp\/v2\/posts"}],"about":[{"href":"https:\/\/www.monsacpublicitaire.com\/blog\/wp-json\/wp\/v2\/types\/post"}],"author":[{"embeddable":true,"href":"https:\/\/www.monsacpublicitaire.com\/blog\/wp-json\/wp\/v2\/users\/2"}],"replies":[{"embeddable":true,"href":"https:\/\/www.monsacpublicitaire.com\/blog\/wp-json\/wp\/v2\/comments?post=1364"}],"version-history":[{"count":13,"href":"https:\/\/www.monsacpublicitaire.com\/blog\/wp-json\/wp\/v2\/posts\/1364\/revisions"}],"predecessor-version":[{"id":2170,"href":"https:\/\/www.monsacpublicitaire.com\/blog\/wp-json\/wp\/v2\/posts\/1364\/revisions\/2170"}],"wp:featuredmedia":[{"embeddable":true,"href":"https:\/\/www.monsacpublicitaire.com\/blog\/wp-json\/wp\/v2\/media\/1369"}],"wp:attachment":[{"href":"https:\/\/www.monsacpublicitaire.com\/blog\/wp-json\/wp\/v2\/media?parent=1364"}],"wp:term":[{"taxonomy":"category","embeddable":true,"href":"https:\/\/www.monsacpublicitaire.com\/blog\/wp-json\/wp\/v2\/categories?post=1364"},{"taxonomy":"post_tag","embeddable":true,"href":"https:\/\/www.monsacpublicitaire.com\/blog\/wp-json\/wp\/v2\/tags?post=1364"}],"curies":[{"name":"wp","href":"https:\/\/api.w.org\/{rel}","templated":true}]}}