{"id":1395,"date":"2016-07-12T09:37:11","date_gmt":"2016-07-12T07:37:11","guid":{"rendered":"http:\/\/www.monsacpublicitaire.com\/blog\/?p=1395"},"modified":"2023-11-28T16:54:42","modified_gmt":"2023-11-28T15:54:42","slug":"sac-cabas-personnalise-pour-le-site-de-vente-en-ligne-tootici","status":"publish","type":"post","link":"https:\/\/www.monsacpublicitaire.com\/blog\/sac-cabas-personnalise-pour-le-site-de-vente-en-ligne-tootici\/","title":{"rendered":"Sac cabas personnalis\u00e9 pour le site de vente en ligne TOOTICI"},"content":{"rendered":"<p style=\"text-align: justify;\"><a href=\"https:\/\/www.monsacpublicitaire.com\/blog\/wp-content\/uploads\/2016\/07\/TOOTICI-2.png\"><img decoding=\"async\" loading=\"lazy\" class=\"alignnone size-full wp-image-1396\" title=\"Sac cabas r\u00e9utilisable en polypropyl\u00e8ne non tiss\u00e9 TOOTICI\" src=\"https:\/\/www.monsacpublicitaire.com\/blog\/wp-content\/uploads\/2016\/07\/TOOTICI-2.png\" alt=\"\" width=\"754\" height=\"400\" srcset=\"https:\/\/www.monsacpublicitaire.com\/blog\/wp-content\/uploads\/2016\/07\/TOOTICI-2.png 754w, https:\/\/www.monsacpublicitaire.com\/blog\/wp-content\/uploads\/2016\/07\/TOOTICI-2-300x159.png 300w, https:\/\/www.monsacpublicitaire.com\/blog\/wp-content\/uploads\/2016\/07\/TOOTICI-2-250x132.png 250w, https:\/\/www.monsacpublicitaire.com\/blog\/wp-content\/uploads\/2016\/07\/TOOTICI-2-500x265.png 500w, https:\/\/www.monsacpublicitaire.com\/blog\/wp-content\/uploads\/2016\/07\/TOOTICI-2-150x79.png 150w\" sizes=\"(max-width: 754px) 100vw, 754px\" \/><\/a><\/p>\n<p style=\"text-align: justify;\">[<span style=\"font-size: 14px;\">hop] \u00ab Tootici.fr \u00bb est un site de e-commerce d\u00e9di\u00e9 au commerce de proximit\u00e9. Alternative \u00e0 taille humaine aux g\u00e9ants du e-commerce et promoteur des circuits courts, il est port\u00e9 par Square Connexion, filiale du Cr\u00e9dit Agricole Sud Rh\u00f4ne Alpes. <\/span><\/p>\n<p style=\"text-align: justify;\"><span style=\"font-size: 14px;\"><br\/> Nous avons r\u00e9alis\u00e9 pour ce e-commer\u00e7ant des sacs cabas r\u00e9utilisables en polypropyl\u00e8ne non tiss\u00e9 avec pelliculage brillant et impression en 6 couleurs pantone, un visuel tr\u00e8s color\u00e9!<\/span><\/p>\n<p style=\"text-align: justify;\"><span style=\"font-size: 14px;\"><br\/>\u00a0 Les sacs cabas qui ont \u00e9t\u00e9 demand\u00e9s par ce client sont en polypropyl\u00e8ne non tiss\u00e9 plastifi\u00e9, mati\u00e8re recyclable et r\u00e9utilisables de nombreuses fois mais beaucoup moins r\u00e9sistant que les <strong><span style=\"text-decoration: underline;\"><span style=\"color: #0000ff;\"><a title=\"Sac cabas r\u00e9utilisable personnalis\u00e9 en polypropyl\u00e8ne tiss\u00e9\" href=\"https:\/\/www.monsacpublicitaire.com\/19-sacs-polypropylene-tisse\" target=\"_blank\" rel=\"noopener\"><span style=\"color: #0000ff; text-decoration: underline;\">sacs cabas en polypropyl\u00e8ne tiss\u00e9<\/span><\/a><\/span><\/span><\/strong>. Cela dit, ce produit est un peu plus esth\u00e9tique que les sacs cabas en polypropyl\u00e8ne tiss\u00e9 puisque l&rsquo;aspect mati\u00e8re est visuellement moins pr\u00e9sente puisque de pr\u00e8s, on voit des petits points et non pas un quadrillage.<\/span><\/p>\n<p style=\"text-align: justify;\"><span style=\"font-size: 14px;\"><br\/> A noter que vous pouvez exprimer votre cr\u00e9ativit\u00e9 sans aucune limite pour ce type de sac puisque l&rsquo;int\u00e9gralit\u00e9 du sac peut \u00eatre imprim\u00e9 sur toute sa surface, aussi bien les deux faces que les deux soufflets, et cela avec une ou plusieurs couleurs (quadrichromie possible) et bien entendu le recto et le verso du sac peuvent \u00eatre diff\u00e9rents.<\/span><\/p>\n<p style=\"text-align: justify;\"><span style=\"font-size: 14px;\"><br\/> N&rsquo;h\u00e9sitez pas \u00e0 consulter les <strong>dimensions les plus couramment utilis\u00e9es ainsi que les tarifs<\/strong> correspondant pour une quantit\u00e9 de 1 000 pi\u00e8ces <strong>en cliquant <span style=\"text-decoration: underline;\"><span style=\"color: #0000ff; text-decoration: underline;\"><a title=\"Sac cabas r\u00e9utilisable personnalis\u00e9 en polypropyl\u00e8ne non tiss\u00e9 plastifi\u00e9\" href=\"https:\/\/www.monsacpublicitaire.com\/29-sac-tissu-non-tisse-tnt-avec-plastification\" target=\"_blank\" rel=\"noopener\"><span style=\"color: #0000ff; text-decoration: underline;\">ici<\/span><\/a><\/span><\/span><\/strong> et \u00e0 nous consulter pour toute quantit\u00e9 sup\u00e9rieure car les tarifs sont d\u00e9gressifs de fa\u00e7on assez importante sur ce produit.<strong><a title=\"Sac cabas r\u00e9utilisable personnalis\u00e9\" href=\"http:\/\/www.monsacpublicitaire.com\/19-sacs-polypropylene-tisse\" target=\"_blank\" rel=\"noopener\"><br \/>\n<\/a><\/strong><\/span><\/p>\n<p style=\"text-align: justify;\"><span style=\"font-size: 14px;\"><br\/> Si vous manquez d&rsquo;inspiration pour la cr\u00e9ation de votre visuel, <strong>vous pouvez consulter notre galerie photos <span style=\"text-decoration: underline;\"><span style=\"color: #0000ff;\"><a title=\"Galerie sac cabas personnalis\u00e9\" href=\"https:\/\/www.monsacpublicitaire.com\/galeries\/8-sac-cabas-polypropylene-tisse\/\" target=\"_blank\" rel=\"noopener\"><span style=\"color: #0000ff; text-decoration: underline;\">ici<\/span><\/a><\/span><\/span><\/strong><\/span><\/p>\n<p style=\"text-align: justify;\"><span style=\"font-size: 14px;\"><br\/><\/span><\/p>\n<p><a href=\"https:\/\/www.monsacpublicitaire.com\/blog\/wp-content\/uploads\/2016\/07\/TOOTICI.png\"><img decoding=\"async\" loading=\"lazy\" class=\"alignnone size-full wp-image-1397\" title=\"BAT sac polypropyl\u00e8ne tiss\u00e9 non tiss\u00e9 brillant TOOTICI\" src=\"https:\/\/www.monsacpublicitaire.com\/blog\/wp-content\/uploads\/2016\/07\/TOOTICI.png\" alt=\"\" width=\"407\" height=\"730\" srcset=\"https:\/\/www.monsacpublicitaire.com\/blog\/wp-content\/uploads\/2016\/07\/TOOTICI.png 407w, https:\/\/www.monsacpublicitaire.com\/blog\/wp-content\/uploads\/2016\/07\/TOOTICI-167x300.png 167w, https:\/\/www.monsacpublicitaire.com\/blog\/wp-content\/uploads\/2016\/07\/TOOTICI-250x448.png 250w, https:\/\/www.monsacpublicitaire.com\/blog\/wp-content\/uploads\/2016\/07\/TOOTICI-55x100.png 55w\" sizes=\"(max-width: 407px) 100vw, 407px\" \/><\/a><\/p>\n<p style=\"text-align: justify;\"><span style=\"font-size: 14px;\"><strong><br\/> Cot\u00e9 technique:<\/strong><\/span><\/p>\n<p style=\"text-align: justify;\"><span style=\"font-size: 14px;\">&#8211; Sac cabas r\u00e9utilisable<\/span><\/p>\n<p style=\"text-align: justify;\"><span style=\"font-size: 14px;\">&#8211; Format 40+15&#215;40 cm<\/span><\/p>\n<p style=\"text-align: justify;\"><span style=\"font-size: 14px;\">&#8211; Polypropyl\u00e8ne non tiss\u00e9 140 gr\/m2 (bon rapport qualit\u00e9\/prix\/robustesse)<\/span><\/p>\n<p style=\"text-align: justify;\"><span style=\"font-size: 14px;\">&#8211; Impression 6 couleurs pantone<\/span><\/p>\n<p style=\"text-align: justify;\"><span style=\"font-size: 14px;\">&#8211; Pelliculage brillant<\/span><\/p>\n<p style=\"text-align: justify;\"><span style=\"font-size: 14px;\">&#8211; Anses 40 cm (pour porter le sac \u00e0 la main)<\/span><\/p>\n<p style=\"text-align: justify;\"><span style=\"font-size: 14px;\">&#8211; Liser\u00e9s en polypropyl\u00e8ne non tiss\u00e9 pellicul\u00e9s brillant<\/span><\/p>\n<p style=\"text-align: justify;\"><span style=\"font-size: 14px;\"><strong><br\/> Le plus monsacpublicitaire<\/strong>: les anses sont dot\u00e9es d&rsquo;une couture en X pour une plus grande solidit\u00e9 et les liser\u00e9s du sac (coutures lat\u00e9rales) sont dot\u00e9s d&rsquo;un revers qui conf\u00e8rent une plus grande long\u00e9vit\u00e9 au sac.<\/span><\/p>\n","protected":false},"excerpt":{"rendered":"<p>[hop] \u00ab Tootici.fr \u00bb est un site de e-commerce d\u00e9di\u00e9 au commerce de proximit\u00e9. Alternative \u00e0 taille humaine aux g\u00e9ants &hellip;<\/p>\n<p class=\"read-more\"> <a class=\"ast-button\" href=\"https:\/\/www.monsacpublicitaire.com\/blog\/sac-cabas-personnalise-pour-le-site-de-vente-en-ligne-tootici\/\"> <span class=\"screen-reader-text\">Sac cabas personnalis\u00e9 pour le site de vente en ligne TOOTICI<\/span> Lire la suite \u00bb<\/a><\/p>\n","protected":false},"author":2,"featured_media":1396,"comment_status":"open","ping_status":"open","sticky":false,"template":"","format":"standard","meta":{"site-sidebar-layout":"default","site-content-layout":"default","ast-global-header-display":"","ast-banner-title-visibility":"","ast-main-header-display":"","ast-hfb-above-header-display":"","ast-hfb-below-header-display":"","ast-hfb-mobile-header-display":"","site-post-title":"","ast-breadcrumbs-content":"","ast-featured-img":"","footer-sml-layout":"","theme-transparent-header-meta":"","adv-header-id-meta":"","stick-header-meta":"","header-above-stick-meta":"","header-main-stick-meta":"","header-below-stick-meta":""},"categories":[1,11,8],"tags":[50,49,35,52,47,12,51,36,14,48],"_links":{"self":[{"href":"https:\/\/www.monsacpublicitaire.com\/blog\/wp-json\/wp\/v2\/posts\/1395"}],"collection":[{"href":"https:\/\/www.monsacpublicitaire.com\/blog\/wp-json\/wp\/v2\/posts"}],"about":[{"href":"https:\/\/www.monsacpublicitaire.com\/blog\/wp-json\/wp\/v2\/types\/post"}],"author":[{"embeddable":true,"href":"https:\/\/www.monsacpublicitaire.com\/blog\/wp-json\/wp\/v2\/users\/2"}],"replies":[{"embeddable":true,"href":"https:\/\/www.monsacpublicitaire.com\/blog\/wp-json\/wp\/v2\/comments?post=1395"}],"version-history":[{"count":9,"href":"https:\/\/www.monsacpublicitaire.com\/blog\/wp-json\/wp\/v2\/posts\/1395\/revisions"}],"predecessor-version":[{"id":2174,"href":"https:\/\/www.monsacpublicitaire.com\/blog\/wp-json\/wp\/v2\/posts\/1395\/revisions\/2174"}],"wp:featuredmedia":[{"embeddable":true,"href":"https:\/\/www.monsacpublicitaire.com\/blog\/wp-json\/wp\/v2\/media\/1396"}],"wp:attachment":[{"href":"https:\/\/www.monsacpublicitaire.com\/blog\/wp-json\/wp\/v2\/media?parent=1395"}],"wp:term":[{"taxonomy":"category","embeddable":true,"href":"https:\/\/www.monsacpublicitaire.com\/blog\/wp-json\/wp\/v2\/categories?post=1395"},{"taxonomy":"post_tag","embeddable":true,"href":"https:\/\/www.monsacpublicitaire.com\/blog\/wp-json\/wp\/v2\/tags?post=1395"}],"curies":[{"name":"wp","href":"https:\/\/api.w.org\/{rel}","templated":true}]}}