{"id":1407,"date":"2016-07-14T11:49:32","date_gmt":"2016-07-14T09:49:32","guid":{"rendered":"http:\/\/www.monsacpublicitaire.com\/blog\/?p=1407"},"modified":"2023-11-28T17:02:12","modified_gmt":"2023-11-28T16:02:12","slug":"sac-personnalise-pour-le-foie-gras-johann-bonnet","status":"publish","type":"post","link":"https:\/\/www.monsacpublicitaire.com\/blog\/sac-personnalise-pour-le-foie-gras-johann-bonnet\/","title":{"rendered":"Sac personnalis\u00e9 pour le foie gras Johann Bonnet"},"content":{"rendered":"<p><a href=\"https:\/\/www.monsacpublicitaire.com\/blog\/wp-content\/uploads\/2016\/07\/JOHANN-BONNET.png\"><img decoding=\"async\" loading=\"lazy\" class=\"alignnone size-full wp-image-1408\" title=\"Sac personnalis\u00e9 JOHANN-BONNET\" src=\"https:\/\/www.monsacpublicitaire.com\/blog\/wp-content\/uploads\/2016\/07\/JOHANN-BONNET.png\" alt=\"\" width=\"754\" height=\"400\" srcset=\"https:\/\/www.monsacpublicitaire.com\/blog\/wp-content\/uploads\/2016\/07\/JOHANN-BONNET.png 754w, https:\/\/www.monsacpublicitaire.com\/blog\/wp-content\/uploads\/2016\/07\/JOHANN-BONNET-300x159.png 300w, https:\/\/www.monsacpublicitaire.com\/blog\/wp-content\/uploads\/2016\/07\/JOHANN-BONNET-250x132.png 250w, https:\/\/www.monsacpublicitaire.com\/blog\/wp-content\/uploads\/2016\/07\/JOHANN-BONNET-500x265.png 500w, https:\/\/www.monsacpublicitaire.com\/blog\/wp-content\/uploads\/2016\/07\/JOHANN-BONNET-150x79.png 150w\" sizes=\"(max-width: 754px) 100vw, 754px\" \/><\/a><\/p>\n<p style=\"text-align: justify;\"><span style=\"font-size: 14px;\"><br\/> Johann Bonnet propose des volailles du P\u00e9rigord des producteurs directement aux march\u00e9s.<\/span><\/p>\n<p style=\"text-align: justify;\"><span style=\"font-size: 14px;\"><br\/> A l&rsquo;occasion des festivit\u00e9s de fin d&rsquo;ann\u00e9e, nous avons confectionn\u00e9 un sac papier luxe avec poign\u00e9es d\u00e9coup\u00e9es renforc\u00e9es personnalis\u00e9 avec un visuel en quadrichromie comportant des reflets dor\u00e9s et agr\u00e9ment\u00e9 d&rsquo;un pelliculage mat du plus bel effet.<\/span><\/p>\n<p style=\"text-align: justify;\"><span style=\"font-size: 14px;\"><br\/> Ces sacs publicitaires tr\u00e8s haut de gamme ont \u00e9t\u00e9 remis aux clients lors de chaque achat de foie gras et cot\u00e9 solidit\u00e9, aucun soucis \u00e0 se faire puisqu&rsquo;il y a un renfort en carton au fond du sac et au niveau des poign\u00e9es.<\/span><\/p>\n<p style=\"text-align: justify;\"><span style=\"font-size: 14px;\"><br\/> Nous vous rappelons que l&rsquo;impression offset utilis\u00e9e lors de la fabrication des sacs papier luxe permet d&rsquo;obtenir des r\u00e9sultats spectaculaires lorsqu&rsquo;on imprime des visuels en quadrichromie qui comportent souvent de nombreuses nuances diff\u00e9rentes et \u00e9galement des d\u00e9grad\u00e9s.<\/span><\/p>\n<p style=\"text-align: justify;\"><span style=\"font-size: 14px;\"><br\/> C&rsquo;est pour cela, que nous recommandons syst\u00e9matiquement ce produit lorsque les clients souhaitent imprimer un visuel en quadrichromie, d&rsquo;autant plus que ces sacs sont accessibles \u00e0 partir de 250 exemplaires et peuvent \u00eatre disponibles en cas d&rsquo;urgence sous un d\u00e9lai de 15 jours! Cela dit, le prix unitaire de ce produit sera nettement plus int\u00e9ressant \u00e0 partir de 1 000 exemplaires.<\/span><\/p>\n<p style=\"text-align: justify;\"><span style=\"font-size: 14px;\"><br\/> N&rsquo;h\u00e9sitez pas \u00e0 consulter les <strong>dimensions les plus couramment utilis\u00e9es ainsi que les tarifs<\/strong> correspondant pour une quantit\u00e9 de 1 000 pi\u00e8ces <strong>en cliquant <span style=\"text-decoration: underline;\"><span style=\"color: #0000ff;\"><a title=\"Sac papier luxe personnalis\u00e9\" href=\"https:\/\/www.monsacpublicitaire.com\/6-sac-papier-luxe\" target=\"_blank\" rel=\"noopener\"><span style=\"color: #0000ff; text-decoration: underline;\">ici<\/span><\/a><\/span><\/span><\/strong><\/span><\/p>\n<p style=\"text-align: justify;\"><span style=\"font-size: 14px;\"><br\/> Si vous manquez d&rsquo;inspiration pour la cr\u00e9ation de votre visuel ou si vous souhaitez tout simplement explorer les multiples possibilit\u00e9 de personnalisation qui s&rsquo;offrent \u00e0 vous, <strong>vous pouvez consulter notre galerie photos <span style=\"text-decoration: underline; color: #0000ff;\"><a title=\"Galerie sac papier luxe personnalis\u00e9\" href=\"https:\/\/www.monsacpublicitaire.com\/galeries\/1-sac-papier-luxe\/\" target=\"_blank\" rel=\"noopener\"><span style=\"color: #0000ff; text-decoration: underline;\">ici<\/span><\/a><\/span><\/strong><\/span><\/p>\n<p style=\"text-align: justify;\"><span style=\"font-size: 14px;\"><br\/><\/span><\/p>\n<p><a href=\"https:\/\/www.monsacpublicitaire.com\/blog\/wp-content\/uploads\/2016\/07\/Johann-Bonnet.png\"><img decoding=\"async\" loading=\"lazy\" class=\"alignnone size-full wp-image-1412\" title=\"BAT sacs papier luxe Johann Bonnet\" src=\"https:\/\/www.monsacpublicitaire.com\/blog\/wp-content\/uploads\/2016\/07\/Johann-Bonnet.png\" alt=\"\" width=\"986\" height=\"615\" srcset=\"https:\/\/www.monsacpublicitaire.com\/blog\/wp-content\/uploads\/2016\/07\/Johann-Bonnet.png 986w, https:\/\/www.monsacpublicitaire.com\/blog\/wp-content\/uploads\/2016\/07\/Johann-Bonnet-300x187.png 300w, https:\/\/www.monsacpublicitaire.com\/blog\/wp-content\/uploads\/2016\/07\/Johann-Bonnet-250x155.png 250w, https:\/\/www.monsacpublicitaire.com\/blog\/wp-content\/uploads\/2016\/07\/Johann-Bonnet-480x300.png 480w, https:\/\/www.monsacpublicitaire.com\/blog\/wp-content\/uploads\/2016\/07\/Johann-Bonnet-150x93.png 150w\" sizes=\"(max-width: 986px) 100vw, 986px\" \/><\/a><\/p>\n<p style=\"text-align: justify;\"><span style=\"font-size: 14px;\"><strong><br\/> Cot\u00e9 technique:<\/strong><\/span><\/p>\n<p style=\"text-align: justify;\"><span style=\"font-size: 14px;\">&#8211; Sac papier luxe personnalis\u00e9 format 25+11&#215;31 cm<\/span><\/p>\n<p style=\"text-align: justify;\"><span style=\"font-size: 14px;\">&#8211; Papier couch\u00e9 190 gr\/m2 (existe aussi en 170, 200 et 250 gr\/m2)<\/span><\/p>\n<p style=\"text-align: justify;\"><span style=\"font-size: 14px;\">&#8211; Pelliculage mat<\/span><\/p>\n<p style=\"text-align: justify;\"><span style=\"font-size: 14px;\">&#8211; Impression quadrichromie 100% (offset)<\/span><\/p>\n<p style=\"text-align: justify;\"><span style=\"font-size: 14px;\">&#8211; Poign\u00e9es d\u00e9coup\u00e9es renforc\u00e9es<\/span><\/p>\n<p style=\"text-align: justify;\"><span style=\"font-size: 14px;\">&#8211; Quantit\u00e9 minimum: \u00e0 partir de 250 exemplaires<\/span><\/p>\n<p style=\"text-align: justify;\"><span style=\"font-size: 14px;\">&#8211; D\u00e9lai: \u00e0 partir de 2 semaines<\/span><\/p>\n","protected":false},"excerpt":{"rendered":"<p>Johann Bonnet propose des volailles du P\u00e9rigord des producteurs directement aux march\u00e9s. A l&rsquo;occasion des festivit\u00e9s de fin d&rsquo;ann\u00e9e, nous &hellip;<\/p>\n<p class=\"read-more\"> <a class=\"ast-button\" href=\"https:\/\/www.monsacpublicitaire.com\/blog\/sac-personnalise-pour-le-foie-gras-johann-bonnet\/\"> <span class=\"screen-reader-text\">Sac personnalis\u00e9 pour le foie gras Johann Bonnet<\/span> Lire la suite \u00bb<\/a><\/p>\n","protected":false},"author":2,"featured_media":1408,"comment_status":"open","ping_status":"open","sticky":false,"template":"","format":"standard","meta":{"site-sidebar-layout":"default","site-content-layout":"default","ast-global-header-display":"","ast-banner-title-visibility":"","ast-main-header-display":"","ast-hfb-above-header-display":"","ast-hfb-below-header-display":"","ast-hfb-mobile-header-display":"","site-post-title":"","ast-breadcrumbs-content":"","ast-featured-img":"","footer-sml-layout":"","theme-transparent-header-meta":"","adv-header-id-meta":"","stick-header-meta":"","header-above-stick-meta":"","header-main-stick-meta":"","header-below-stick-meta":""},"categories":[1,11,6],"tags":[45,19,20,21,53,23,22],"_links":{"self":[{"href":"https:\/\/www.monsacpublicitaire.com\/blog\/wp-json\/wp\/v2\/posts\/1407"}],"collection":[{"href":"https:\/\/www.monsacpublicitaire.com\/blog\/wp-json\/wp\/v2\/posts"}],"about":[{"href":"https:\/\/www.monsacpublicitaire.com\/blog\/wp-json\/wp\/v2\/types\/post"}],"author":[{"embeddable":true,"href":"https:\/\/www.monsacpublicitaire.com\/blog\/wp-json\/wp\/v2\/users\/2"}],"replies":[{"embeddable":true,"href":"https:\/\/www.monsacpublicitaire.com\/blog\/wp-json\/wp\/v2\/comments?post=1407"}],"version-history":[{"count":10,"href":"https:\/\/www.monsacpublicitaire.com\/blog\/wp-json\/wp\/v2\/posts\/1407\/revisions"}],"predecessor-version":[{"id":2180,"href":"https:\/\/www.monsacpublicitaire.com\/blog\/wp-json\/wp\/v2\/posts\/1407\/revisions\/2180"}],"wp:featuredmedia":[{"embeddable":true,"href":"https:\/\/www.monsacpublicitaire.com\/blog\/wp-json\/wp\/v2\/media\/1408"}],"wp:attachment":[{"href":"https:\/\/www.monsacpublicitaire.com\/blog\/wp-json\/wp\/v2\/media?parent=1407"}],"wp:term":[{"taxonomy":"category","embeddable":true,"href":"https:\/\/www.monsacpublicitaire.com\/blog\/wp-json\/wp\/v2\/categories?post=1407"},{"taxonomy":"post_tag","embeddable":true,"href":"https:\/\/www.monsacpublicitaire.com\/blog\/wp-json\/wp\/v2\/tags?post=1407"}],"curies":[{"name":"wp","href":"https:\/\/api.w.org\/{rel}","templated":true}]}}