{"id":1418,"date":"2016-07-21T09:21:22","date_gmt":"2016-07-21T07:21:22","guid":{"rendered":"http:\/\/www.monsacpublicitaire.com\/blog\/?p=1418"},"modified":"2023-11-28T17:00:44","modified_gmt":"2023-11-28T16:00:44","slug":"sac-cabas-reutilisable-personnalise-pour-lanpeip","status":"publish","type":"post","link":"https:\/\/www.monsacpublicitaire.com\/blog\/sac-cabas-reutilisable-personnalise-pour-lanpeip\/","title":{"rendered":"Sac cabas r\u00e9utilisable personnalis\u00e9 pour l&rsquo;ANPEIP"},"content":{"rendered":"<p><a href=\"https:\/\/www.monsacpublicitaire.com\/blog\/wp-content\/uploads\/2016\/07\/ANPEIP-.png\"><img decoding=\"async\" loading=\"lazy\" class=\"alignnone size-full wp-image-1419\" title=\"Sac cabas personnalis\u00e9 en polypropyl\u00e8ne tiss\u00e9 ANPEIP\" src=\"https:\/\/www.monsacpublicitaire.com\/blog\/wp-content\/uploads\/2016\/07\/ANPEIP-.png\" alt=\"\" width=\"754\" height=\"400\" srcset=\"https:\/\/www.monsacpublicitaire.com\/blog\/wp-content\/uploads\/2016\/07\/ANPEIP-.png 754w, https:\/\/www.monsacpublicitaire.com\/blog\/wp-content\/uploads\/2016\/07\/ANPEIP--300x159.png 300w, https:\/\/www.monsacpublicitaire.com\/blog\/wp-content\/uploads\/2016\/07\/ANPEIP--250x132.png 250w, https:\/\/www.monsacpublicitaire.com\/blog\/wp-content\/uploads\/2016\/07\/ANPEIP--500x265.png 500w, https:\/\/www.monsacpublicitaire.com\/blog\/wp-content\/uploads\/2016\/07\/ANPEIP--150x79.png 150w\" sizes=\"(max-width: 754px) 100vw, 754px\" \/><\/a><\/p>\n<p style=\"text-align: justify;\"><span style=\"font-size: 14px;\"><br\/> L&rsquo;Association Nationale pour les Parents d&rsquo;Enfants Intellectuellement Pr\u00e9coces (ANPEIP) soutient et guide les parents qui rencontrent des difficult\u00e9s dans leur t\u00e2che \u00e9ducative et d&rsquo;orientation. Nous avons r\u00e9alis\u00e9 pour ce client, des sacs cabas r\u00e9utilisables personnalis\u00e9s tr\u00e8s color\u00e9s avec le logo et le visuel de l&rsquo;Association.<\/span><\/p>\n<p style=\"text-align: justify;\"><span style=\"font-size: 14px;\"><br\/> Les sacs cabas r\u00e9utilisables en polypropyl\u00e8ne tiss\u00e9 sont \u00e0 la fois recyclables et tr\u00e8s r\u00e9sistants. Ce produit constitue une des meilleurs solutions actuellement pour pr\u00e9server l&rsquo;environnement, surtout avec l&rsquo;interdiction des sacs plastiques les plus fins depuis le 1er juillet 2016.<\/span><\/p>\n<p style=\"text-align: justify;\"><span style=\"font-size: 14px;\"><br\/> En effet, ces sacs cabas peuvent \u00eatre r\u00e9utilis\u00e9s de nombreuses fois et permettent de transporter de lourdes charges. Ce sont ces sacs cabas r\u00e9utilisables que vous retrouvez \u00e9galement aux caisses des hypermarch\u00e9s mais il faut savoir que nous pouvons les fabriquer aussi bien dans des petits format type A4 par exemple pour vos salons, que dans des formats moyens tr\u00e8s utiles pour faire ces courses en centre ville ou au march\u00e9 ou bien encore dans des grands formats type hypermarch\u00e9s.<\/span><\/p>\n<p style=\"text-align: justify;\"><span style=\"font-size: 14px;\"><br\/> A noter que vous pouvez exprimer votre cr\u00e9ativit\u00e9 sans aucune limite pour ce type de sac puisque l&rsquo;int\u00e9gralit\u00e9 du sac peut \u00eatre imprim\u00e9 sur toute sa surface, aussi bien les deux faces que les deux soufflets, et cela avec une ou plusieurs couleurs pantone ou bien en quadrichromie.<\/span><\/p>\n<p style=\"text-align: justify;\"><span style=\"font-size: 14px;\"><br\/> N&rsquo;h\u00e9sitez pas \u00e0 consulter les <strong>dimensions les plus couramment utilis\u00e9es ainsi que les tarifs<\/strong> correspondant pour une quantit\u00e9 de 1 000 pi\u00e8ces <strong>en cliquant <span style=\"text-decoration: underline;\"><span style=\"color: #0000ff; text-decoration: underline;\"><a title=\"Sac cabas r\u00e9utilisable personnalis\u00e9\" href=\"https:\/\/www.monsacpublicitaire.com\/19-sacs-polypropylene-tisse\" target=\"_blank\" rel=\"noopener\"><span style=\"color: #0000ff; text-decoration: underline;\">ici<\/span><\/a><\/span><\/span><\/strong> et \u00e0 nous consulter pour toute quantit\u00e9 sup\u00e9rieure car les tarifs sont d\u00e9gressifs de fa\u00e7on assez significative sur ce produit.<strong><a title=\"Sac cabas r\u00e9utilisable personnalis\u00e9\" href=\"http:\/\/www.monsacpublicitaire.com\/19-sacs-polypropylene-tisse\" target=\"_blank\" rel=\"noopener\"><br \/>\n<\/a><\/strong><\/span><\/p>\n<p style=\"text-align: justify;\"><span style=\"font-size: 14px;\"><br\/> Si vous manquez d&rsquo;inspiration pour la cr\u00e9ation de votre visuel, <strong>vous pouvez consulter nos derni\u00e8res r\u00e9alisations dans notre galerie photos <span style=\"text-decoration: underline;\"><span style=\"color: #0000ff;\"><a title=\"Galerie sac cabas personnalis\u00e9\" href=\"https:\/\/www.monsacpublicitaire.com\/galeries\/8-sac-cabas-polypropylene-tisse\/\" target=\"_blank\" rel=\"noopener\"><span style=\"color: #0000ff; text-decoration: underline;\">ici<\/span><\/a><\/span><\/span><\/strong><\/span><\/p>\n<p style=\"text-align: justify;\"><span style=\"font-size: 14px;\"><br\/><\/span><\/p>\n<p><a href=\"https:\/\/www.monsacpublicitaire.com\/blog\/wp-content\/uploads\/2016\/07\/ANPEIP.png\"><img decoding=\"async\" loading=\"lazy\" class=\"alignnone size-full wp-image-1421\" title=\"BAT sac cabas r\u00e9utilisable polypropyl\u00e8ne tiss\u00e9 publicitaire pour ANPEIP\" src=\"https:\/\/www.monsacpublicitaire.com\/blog\/wp-content\/uploads\/2016\/07\/ANPEIP.png\" alt=\"\" width=\"385\" height=\"712\" srcset=\"https:\/\/www.monsacpublicitaire.com\/blog\/wp-content\/uploads\/2016\/07\/ANPEIP.png 385w, https:\/\/www.monsacpublicitaire.com\/blog\/wp-content\/uploads\/2016\/07\/ANPEIP-162x300.png 162w, https:\/\/www.monsacpublicitaire.com\/blog\/wp-content\/uploads\/2016\/07\/ANPEIP-250x462.png 250w, https:\/\/www.monsacpublicitaire.com\/blog\/wp-content\/uploads\/2016\/07\/ANPEIP-54x100.png 54w\" sizes=\"(max-width: 385px) 100vw, 385px\" \/><\/a><\/p>\n<p style=\"text-align: justify;\"><span style=\"font-size: 14px;\"><strong><br\/> Cot\u00e9 technique:<\/strong><\/span><\/p>\n<p style=\"text-align: justify;\"><span style=\"font-size: 14px;\">&#8211; Sac cabas r\u00e9utilisable<\/span><\/p>\n<p style=\"text-align: justify;\"><span style=\"font-size: 14px;\">&#8211; Polypropyl\u00e8ne tiss\u00e9 140 gr\/m2 (bon rapport qualit\u00e9\/prix)<\/span><\/p>\n<p style=\"text-align: justify;\"><span style=\"font-size: 14px;\">&#8211; Dimension: 35+15&#215;40 cm<\/span><\/p>\n<p style=\"text-align: justify;\"><span style=\"font-size: 14px;\">&#8211; Impression 5 couleurs pantone<\/span><\/p>\n<p style=\"text-align: justify;\"><span style=\"font-size: 14px;\">&#8211; Pelliculage brillant<\/span><\/p>\n<p style=\"text-align: justify;\"><span style=\"font-size: 14px;\">&#8211; Anses 40 cm (pour porter le sac \u00e0 la main)<\/span><\/p>\n<p style=\"text-align: justify;\"><span style=\"font-size: 14px;\">&#8211; Liser\u00e9s en polypropyl\u00e8ne tiss\u00e9 pellicul\u00e9s brillant<\/span><\/p>\n<p style=\"text-align: justify;\"><span style=\"font-size: 14px;\"><strong><br\/> Le plus monsacpublicitaire<\/strong>: les anses sont dot\u00e9es d&rsquo;une couture en X pour une plus grande solidit\u00e9 et les liser\u00e9s du sac (coutures lat\u00e9rales) sont dot\u00e9s d&rsquo;un revers qui conf\u00e8rent une plus grande long\u00e9vit\u00e9 au sac.<\/span><\/p>\n","protected":false},"excerpt":{"rendered":"<p>L&rsquo;Association Nationale pour les Parents d&rsquo;Enfants Intellectuellement Pr\u00e9coces (ANPEIP) soutient et guide les parents qui rencontrent des difficult\u00e9s dans leur &hellip;<\/p>\n<p class=\"read-more\"> <a class=\"ast-button\" href=\"https:\/\/www.monsacpublicitaire.com\/blog\/sac-cabas-reutilisable-personnalise-pour-lanpeip\/\"> <span class=\"screen-reader-text\">Sac cabas r\u00e9utilisable personnalis\u00e9 pour l&rsquo;ANPEIP<\/span> Lire la suite \u00bb<\/a><\/p>\n","protected":false},"author":2,"featured_media":1419,"comment_status":"open","ping_status":"open","sticky":false,"template":"","format":"standard","meta":{"site-sidebar-layout":"default","site-content-layout":"default","ast-global-header-display":"","ast-banner-title-visibility":"","ast-main-header-display":"","ast-hfb-above-header-display":"","ast-hfb-below-header-display":"","ast-hfb-mobile-header-display":"","site-post-title":"","ast-breadcrumbs-content":"","ast-featured-img":"","footer-sml-layout":"","theme-transparent-header-meta":"","adv-header-id-meta":"","stick-header-meta":"","header-above-stick-meta":"","header-main-stick-meta":"","header-below-stick-meta":""},"categories":[1,11,8],"tags":[25,24,26,47,12,28,27,14,48],"_links":{"self":[{"href":"https:\/\/www.monsacpublicitaire.com\/blog\/wp-json\/wp\/v2\/posts\/1418"}],"collection":[{"href":"https:\/\/www.monsacpublicitaire.com\/blog\/wp-json\/wp\/v2\/posts"}],"about":[{"href":"https:\/\/www.monsacpublicitaire.com\/blog\/wp-json\/wp\/v2\/types\/post"}],"author":[{"embeddable":true,"href":"https:\/\/www.monsacpublicitaire.com\/blog\/wp-json\/wp\/v2\/users\/2"}],"replies":[{"embeddable":true,"href":"https:\/\/www.monsacpublicitaire.com\/blog\/wp-json\/wp\/v2\/comments?post=1418"}],"version-history":[{"count":16,"href":"https:\/\/www.monsacpublicitaire.com\/blog\/wp-json\/wp\/v2\/posts\/1418\/revisions"}],"predecessor-version":[{"id":2178,"href":"https:\/\/www.monsacpublicitaire.com\/blog\/wp-json\/wp\/v2\/posts\/1418\/revisions\/2178"}],"wp:featuredmedia":[{"embeddable":true,"href":"https:\/\/www.monsacpublicitaire.com\/blog\/wp-json\/wp\/v2\/media\/1419"}],"wp:attachment":[{"href":"https:\/\/www.monsacpublicitaire.com\/blog\/wp-json\/wp\/v2\/media?parent=1418"}],"wp:term":[{"taxonomy":"category","embeddable":true,"href":"https:\/\/www.monsacpublicitaire.com\/blog\/wp-json\/wp\/v2\/categories?post=1418"},{"taxonomy":"post_tag","embeddable":true,"href":"https:\/\/www.monsacpublicitaire.com\/blog\/wp-json\/wp\/v2\/tags?post=1418"}],"curies":[{"name":"wp","href":"https:\/\/api.w.org\/{rel}","templated":true}]}}