{"id":1455,"date":"2017-01-29T00:46:44","date_gmt":"2017-01-28T22:46:44","guid":{"rendered":"http:\/\/www.monsacpublicitaire.com\/blog\/?p=1455"},"modified":"2023-11-28T16:57:07","modified_gmt":"2023-11-28T15:57:07","slug":"sac-cabas-personnalise-reutilisable-pour-le-camping-les-embruns","status":"publish","type":"post","link":"https:\/\/www.monsacpublicitaire.com\/blog\/sac-cabas-personnalise-reutilisable-pour-le-camping-les-embruns\/","title":{"rendered":"Sac cabas personnalis\u00e9 r\u00e9utilisable pour le Camping Les Embruns"},"content":{"rendered":"<p><a href=\"https:\/\/www.monsacpublicitaire.com\/blog\/wp-content\/uploads\/2017\/01\/CAMPING-DES-EMBRUNS-1.png\"><img decoding=\"async\" loading=\"lazy\" class=\"alignnone size-full wp-image-1456\" title=\"Sac cabas polypropyl\u00e8ne tiss\u00e9 camping des embruns\" src=\"https:\/\/www.monsacpublicitaire.com\/blog\/wp-content\/uploads\/2017\/01\/CAMPING-DES-EMBRUNS-1.png\" alt=\"\" width=\"754\" height=\"400\" srcset=\"https:\/\/www.monsacpublicitaire.com\/blog\/wp-content\/uploads\/2017\/01\/CAMPING-DES-EMBRUNS-1.png 754w, https:\/\/www.monsacpublicitaire.com\/blog\/wp-content\/uploads\/2017\/01\/CAMPING-DES-EMBRUNS-1-300x159.png 300w, https:\/\/www.monsacpublicitaire.com\/blog\/wp-content\/uploads\/2017\/01\/CAMPING-DES-EMBRUNS-1-250x132.png 250w, https:\/\/www.monsacpublicitaire.com\/blog\/wp-content\/uploads\/2017\/01\/CAMPING-DES-EMBRUNS-1-500x265.png 500w, https:\/\/www.monsacpublicitaire.com\/blog\/wp-content\/uploads\/2017\/01\/CAMPING-DES-EMBRUNS-1-150x79.png 150w\" sizes=\"(max-width: 754px) 100vw, 754px\" \/><\/a><\/p>\n<p style=\"text-align: justify;\"><span style=\"font-size: 14px;\"><br\/> Le camping Les Embruns est un camping 5 \u00e9toiles situ\u00e9 en Finist\u00e8re Sud, en Bretagne, \u00e0 proximit\u00e9 imm\u00e9diate des plages de sable fin et du village du Pouldu. Nous avons r\u00e9alis\u00e9 pour ce client, un sac cabas personnalis\u00e9 r\u00e9utilisable avec un visuel tr\u00e8s haut de gamme aux couleurs du camping et de la Bretagne.<\/span><\/p>\n<p style=\"text-align: justify;\"><span style=\"font-size: 14px;\"><br\/> Les sacs cabas r\u00e9utilisables en polypropyl\u00e8ne tiss\u00e9 sont \u00e0 la fois recyclables et tr\u00e8s r\u00e9sistants. Ce produit constitue une solution de choix pour pr\u00e9server l&rsquo;environnement, surtout avec l&rsquo;interdiction des sacs plastiques les plus fins depuis le 1er juillet 2016.<\/span><\/p>\n<p style=\"text-align: justify;\"><span style=\"font-size: 14px;\"><br\/> En effet, ces sacs cabas personnalis\u00e9s peuvent \u00eatre r\u00e9utilis\u00e9s de nombreuses fois et permettent de transporter de lourdes charges sans jamais craquer ou \u00eatre transperc\u00e9 ce qui en fait une solution tr\u00e8s \u00e9cologique. Ce sont ces sacs cabas r\u00e9utilisables que vous retrouvez tr\u00e8s souvent aux caisses des hypermarch\u00e9s mais il faut savoir que nous pouvons les fabriquer aussi bien dans des petits format type A4 par exemple pour vos salons, que dans des formats moyens tr\u00e8s utiles pour faire ces courses en centre ville ou au march\u00e9 ou bien encore dans des grands formats type hypermarch\u00e9s. Dans le cas pr\u00e9sent, il s&rsquo;agit d&rsquo;un format moyen permettant de transporter serviette et accessoires pour la plage ou faire des courses d&rsquo;appoint.<\/span><\/p>\n<p style=\"text-align: justify;\"><span style=\"font-size: 14px;\"><br\/> A noter que vous pouvez exprimer votre cr\u00e9ativit\u00e9 sans aucune limite pour ce type de sac cabas puisque l&rsquo;int\u00e9gralit\u00e9 du sac peut \u00eatre imprim\u00e9 sur toute sa surface, aussi bien les deux faces que les deux soufflets, et cela avec une ou plusieurs couleurs pantone ou bien en quadrichromie. Pour cette r\u00e9alisation, le client a choisi des visuels diff\u00e9rents pour chacune des faces et des soufflets lat\u00e9raux.<\/span><\/p>\n<p style=\"text-align: justify;\"><span style=\"font-size: 14px;\"><br\/> N&rsquo;h\u00e9sitez pas \u00e0 consulter les <strong>dimensions les plus couramment utilis\u00e9es ainsi que les tarifs<\/strong> correspondant pour une quantit\u00e9 de 1 000 pi\u00e8ces <strong>en cliquant <span style=\"text-decoration: underline;\"><span style=\"color: #0000ff; text-decoration: underline;\"><a title=\"Sac cabas r\u00e9utilisable personnalis\u00e9\" href=\"https:\/\/www.monsacpublicitaire.com\/19-sacs-polypropylene-tisse\" target=\"_blank\" rel=\"noopener\"><span style=\"color: #0000ff; text-decoration: underline;\">ici<\/span><\/a><\/span><\/span><\/strong> et \u00e0 nous consulter pour toute quantit\u00e9 sup\u00e9rieure car les tarifs sont d\u00e9gressifs de fa\u00e7on assez significative sur ce produit.<strong><a title=\"Sac cabas r\u00e9utilisable personnalis\u00e9\" href=\"http:\/\/www.monsacpublicitaire.com\/19-sacs-polypropylene-tisse\" target=\"_blank\" rel=\"noopener\"><br \/>\n<\/a><\/strong><\/span><\/p>\n<p style=\"text-align: justify;\"><span style=\"font-size: 14px;\"><br\/> Si vous manquez d&rsquo;inspiration pour la cr\u00e9ation de votre visuel, <strong>vous pouvez consulter nos derni\u00e8res r\u00e9alisations dans notre galerie photos <span style=\"text-decoration: underline;\"><span style=\"color: #0000ff;\"><a title=\"Galerie sac cabas personnalis\u00e9\" href=\"https:\/\/www.monsacpublicitaire.com\/galeries\/8-sac-cabas-polypropylene-tisse\/\" target=\"_blank\" rel=\"noopener\"><span style=\"color: #0000ff; text-decoration: underline;\">ici<\/span><\/a><\/span><\/span><\/strong><\/span><\/p>\n<p><span style=\"font-size: 14px;\"><br\/><\/span><\/p>\n<p><a href=\"https:\/\/www.monsacpublicitaire.com\/blog\/wp-content\/uploads\/2017\/01\/BAT-sac-polypro-tisse\u0301-Les-Embruns.jpg\"><img decoding=\"async\" loading=\"lazy\" class=\"alignnone  wp-image-1457\" title=\"BAT sac polypro tisse\u0301 Les Embruns\" src=\"https:\/\/www.monsacpublicitaire.com\/blog\/wp-content\/uploads\/2017\/01\/BAT-sac-polypro-tisse\u0301-Les-Embruns.jpg\" alt=\"\" width=\"441\" height=\"775\" \/><\/a><\/p>\n<p><span style=\"font-size: 14px;\"><strong><br\/> Cot\u00e9 technique:<\/strong><\/span><\/p>\n<p><span style=\"font-size: 14px;\">&#8211; Sac cabas r\u00e9utilisable<\/span><\/p>\n<p><span style=\"font-size: 14px;\">&#8211; Polypropyl\u00e8ne tiss\u00e9 140 gr\/m2 (bon rapport qualit\u00e9\/prix)<\/span><\/p>\n<p>&#8211; Dimension: 30+15&#215;35 cm<\/p>\n<p><span style=\"font-size: 14px;\">&#8211; Impression quadrichromie + 1 couleur pantone<\/span><\/p>\n<p><span style=\"font-size: 14px;\">&#8211; Pelliculage brillant<\/span><\/p>\n<p><span style=\"font-size: 14px;\">&#8211; Anses 40 cm (pour porter le sac \u00e0 la main)<\/span><\/p>\n<p style=\"text-align: justify;\"><span style=\"font-size: 14px;\">&#8211; Liser\u00e9s en polypropyl\u00e8ne tiss\u00e9 pellicul\u00e9s brillant<\/span><\/p>\n<p style=\"text-align: justify;\"><span style=\"font-size: 14px;\"><strong><br\/> Le plus monsacpublicitaire<\/strong>: les anses sont dot\u00e9es d&rsquo;une couture en X pour une plus grande solidit\u00e9 et les liser\u00e9s du sac (coutures lat\u00e9rales) sont dot\u00e9s d&rsquo;un revers qui conf\u00e8rent une plus grande long\u00e9vit\u00e9 au sac.<\/span><\/p>\n","protected":false},"excerpt":{"rendered":"<p>Le camping Les Embruns est un camping 5 \u00e9toiles situ\u00e9 en Finist\u00e8re Sud, en Bretagne, \u00e0 proximit\u00e9 imm\u00e9diate des plages &hellip;<\/p>\n<p class=\"read-more\"> <a class=\"ast-button\" href=\"https:\/\/www.monsacpublicitaire.com\/blog\/sac-cabas-personnalise-reutilisable-pour-le-camping-les-embruns\/\"> <span class=\"screen-reader-text\">Sac cabas personnalis\u00e9 r\u00e9utilisable pour le Camping Les Embruns<\/span> Lire la suite \u00bb<\/a><\/p>\n","protected":false},"author":2,"featured_media":1456,"comment_status":"open","ping_status":"open","sticky":false,"template":"","format":"standard","meta":{"site-sidebar-layout":"default","site-content-layout":"default","ast-global-header-display":"","ast-banner-title-visibility":"","ast-main-header-display":"","ast-hfb-above-header-display":"","ast-hfb-below-header-display":"","ast-hfb-mobile-header-display":"","site-post-title":"","ast-breadcrumbs-content":"","ast-featured-img":"","footer-sml-layout":"","theme-transparent-header-meta":"","adv-header-id-meta":"","stick-header-meta":"","header-above-stick-meta":"","header-main-stick-meta":"","header-below-stick-meta":""},"categories":[1,11,8],"tags":[25,24,26,52,47,12,28,27,14,48],"_links":{"self":[{"href":"https:\/\/www.monsacpublicitaire.com\/blog\/wp-json\/wp\/v2\/posts\/1455"}],"collection":[{"href":"https:\/\/www.monsacpublicitaire.com\/blog\/wp-json\/wp\/v2\/posts"}],"about":[{"href":"https:\/\/www.monsacpublicitaire.com\/blog\/wp-json\/wp\/v2\/types\/post"}],"author":[{"embeddable":true,"href":"https:\/\/www.monsacpublicitaire.com\/blog\/wp-json\/wp\/v2\/users\/2"}],"replies":[{"embeddable":true,"href":"https:\/\/www.monsacpublicitaire.com\/blog\/wp-json\/wp\/v2\/comments?post=1455"}],"version-history":[{"count":10,"href":"https:\/\/www.monsacpublicitaire.com\/blog\/wp-json\/wp\/v2\/posts\/1455\/revisions"}],"predecessor-version":[{"id":2176,"href":"https:\/\/www.monsacpublicitaire.com\/blog\/wp-json\/wp\/v2\/posts\/1455\/revisions\/2176"}],"wp:featuredmedia":[{"embeddable":true,"href":"https:\/\/www.monsacpublicitaire.com\/blog\/wp-json\/wp\/v2\/media\/1456"}],"wp:attachment":[{"href":"https:\/\/www.monsacpublicitaire.com\/blog\/wp-json\/wp\/v2\/media?parent=1455"}],"wp:term":[{"taxonomy":"category","embeddable":true,"href":"https:\/\/www.monsacpublicitaire.com\/blog\/wp-json\/wp\/v2\/categories?post=1455"},{"taxonomy":"post_tag","embeddable":true,"href":"https:\/\/www.monsacpublicitaire.com\/blog\/wp-json\/wp\/v2\/tags?post=1455"}],"curies":[{"name":"wp","href":"https:\/\/api.w.org\/{rel}","templated":true}]}}