{"id":1475,"date":"2017-04-17T19:03:56","date_gmt":"2017-04-17T17:03:56","guid":{"rendered":"https:\/\/www.monsacpublicitaire.com\/blog\/?p=1475"},"modified":"2023-11-28T16:56:11","modified_gmt":"2023-11-28T15:56:11","slug":"sac-cabas-personnalise-reutilisable-pour-laboratoire-danalyse-medicale","status":"publish","type":"post","link":"https:\/\/www.monsacpublicitaire.com\/blog\/sac-cabas-personnalise-reutilisable-pour-laboratoire-danalyse-medicale\/","title":{"rendered":"Sac cabas personnalis\u00e9 r\u00e9utilisable pour laboratoire d&rsquo;analyse m\u00e9dicale"},"content":{"rendered":"<p><a href=\"https:\/\/www.monsacpublicitaire.com\/blog\/wp-content\/uploads\/2017\/04\/BIOLARIS.png\"><img decoding=\"async\" loading=\"lazy\" class=\"alignnone size-full wp-image-1476\" title=\"Sac cabas personnalis\u00e9 r\u00e9utilisable pour BIOLARIS\" src=\"https:\/\/www.monsacpublicitaire.com\/blog\/wp-content\/uploads\/2017\/04\/BIOLARIS.png\" alt=\"\" width=\"754\" height=\"400\" srcset=\"https:\/\/www.monsacpublicitaire.com\/blog\/wp-content\/uploads\/2017\/04\/BIOLARIS.png 754w, https:\/\/www.monsacpublicitaire.com\/blog\/wp-content\/uploads\/2017\/04\/BIOLARIS-300x159.png 300w, https:\/\/www.monsacpublicitaire.com\/blog\/wp-content\/uploads\/2017\/04\/BIOLARIS-250x132.png 250w, https:\/\/www.monsacpublicitaire.com\/blog\/wp-content\/uploads\/2017\/04\/BIOLARIS-500x265.png 500w, https:\/\/www.monsacpublicitaire.com\/blog\/wp-content\/uploads\/2017\/04\/BIOLARIS-150x79.png 150w\" sizes=\"(max-width: 754px) 100vw, 754px\" \/><\/a><\/p>\n<p style=\"text-align: justify;\"><span style=\"font-size: 14px;\"><br\/> BIOLARIS est un laboratoire d&rsquo;Analyses et de Biologie M\u00e9dicale situ\u00e9 \u00e0 Laval. Nous avons r\u00e9alis\u00e9 pour ce client, un sac cabas personnalis\u00e9 r\u00e9utilisable tr\u00e8s grand format avec un logo en une couleur.<\/span><\/p>\n<p style=\"text-align: justify;\"><span style=\"font-size: 14px;\"><br\/> Les sacs cabas r\u00e9utilisables en polypropyl\u00e8ne tiss\u00e9 sont \u00e0 la fois recyclables et tr\u00e8s r\u00e9sistants. Ce produit constitue une solution de choix pour pr\u00e9server l&rsquo;environnement, surtout avec l&rsquo;interdiction des sacs plastiques les plus fins depuis le 1er juillet 2016.<\/span><\/p>\n<p style=\"text-align: justify;\"><span style=\"font-size: 14px;\"><br\/> En effet, le sac cabas personnalis\u00e9 peut \u00eatre r\u00e9utilis\u00e9 de nombreuses fois et permet de transporter de lourdes charges sans jamais craquer ou \u00eatre transperc\u00e9 ce qui en fait une solution tr\u00e8s \u00e9cologique, surtout avec une tr\u00e8s grande taille de sac cabas comme l&rsquo;a choisi ce client.<\/span><\/p>\n<p style=\"text-align: justify;\"><span style=\"font-size: 14px;\"><br\/> Vous retrouvez ces sacs cabas r\u00e9utilisables tr\u00e8s souvent aux caisses des hypermarch\u00e9s mais il faut savoir que nous pouvons les fabriquer aussi bien dans des petits format type A4 par exemple pour vos salons, que dans des formats moyens tr\u00e8s utiles pour faire ces courses en centre ville ou au march\u00e9 ou bien encore dans des grands formats type hypermarch\u00e9s ou salon. Dans le cas pr\u00e9sent, il s&rsquo;agit d&rsquo;un tr\u00e8s grand format permettant de transporter ses courses en hypermarch\u00e9 ou d&rsquo;englober tous les sacs et goodies des concurrents pendant les salons afin d\u2019accroitre votre visibilit\u00e9.<\/span><\/p>\n<p style=\"text-align: justify;\"><span style=\"font-size: 14px;\"><br\/> A noter que vous pouvez exprimer votre cr\u00e9ativit\u00e9 sans aucune limite pour ce type de sac cabas puisque l&rsquo;int\u00e9gralit\u00e9 du sac peut \u00eatre imprim\u00e9 sur toute sa surface, aussi bien les deux faces que les deux soufflets, et cela avec une ou plusieurs couleurs pantone ou bien en quadrichromie. Pour cette r\u00e9alisation, le client a choisi un visuel un simple en une seule couleur pantone avec des poign\u00e9es et des bandeaux de protection de couture assorties.<\/span><\/p>\n<p style=\"text-align: justify;\"><span style=\"font-size: 14px;\"><br\/> N&rsquo;h\u00e9sitez pas \u00e0 consulter les <strong>dimensions les plus couramment utilis\u00e9es ainsi que les tarifs<\/strong> correspondant pour une quantit\u00e9 de 1 000 pi\u00e8ces <strong>en cliquant <span style=\"color: #0000ff;\"><a title=\"Sac cabas r\u00e9utilisable personnalis\u00e9\" href=\"https:\/\/www.monsacpublicitaire.com\/19-sacs-polypropylene-tisse\" target=\"_blank\" rel=\"noopener\"><span style=\"color: #0000ff;\">ici<\/span><\/a><\/span><\/strong> et \u00e0 nous consulter (<strong><a href=\"mailto:contact@monsacpublicitaire.com\">contact@monsacpublicitaire.com<\/a><\/strong>) pour toute quantit\u00e9 sup\u00e9rieure car les tarifs sont d\u00e9gressifs de fa\u00e7on assez significative sur ce produit.<strong><a title=\"Sac cabas r\u00e9utilisable personnalis\u00e9\" href=\"http:\/\/www.monsacpublicitaire.com\/19-sacs-polypropylene-tisse\" target=\"_blank\" rel=\"noopener\"><br \/>\n<\/a><\/strong><\/span><\/p>\n<p style=\"text-align: justify;\"><span style=\"font-size: 14px;\"><br\/> Si vous manquez d&rsquo;inspiration pour la cr\u00e9ation de votre visuel, <strong>vous pouvez consulter nos derni\u00e8res r\u00e9alisations dans notre galerie photos <span style=\"color: #0000ff;\"><a title=\"Galerie sac cabas personnalis\u00e9\" href=\"https:\/\/www.monsacpublicitaire.com\/galeries\/8-sac-cabas-polypropylene-tisse\/\" target=\"_blank\" rel=\"noopener\"><span style=\"color: #0000ff;\">ici<\/span><\/a><\/span><\/strong><\/span><\/p>\n<p style=\"text-align: justify;\"><span style=\"font-size: 14px;\"><br\/><\/span><\/p>\n<p style=\"text-align: justify;\"><a href=\"https:\/\/www.monsacpublicitaire.com\/blog\/wp-content\/uploads\/2017\/04\/Biolaris1.jpg\"><img decoding=\"async\" loading=\"lazy\" class=\"alignnone size-medium wp-image-1478\" title=\"Biolaris\" src=\"https:\/\/www.monsacpublicitaire.com\/blog\/wp-content\/uploads\/2017\/04\/Biolaris1-197x300.jpg\" alt=\"\" width=\"197\" height=\"300\" srcset=\"https:\/\/www.monsacpublicitaire.com\/blog\/wp-content\/uploads\/2017\/04\/Biolaris1-197x300.jpg 197w, https:\/\/www.monsacpublicitaire.com\/blog\/wp-content\/uploads\/2017\/04\/Biolaris1-250x380.jpg 250w, https:\/\/www.monsacpublicitaire.com\/blog\/wp-content\/uploads\/2017\/04\/Biolaris1-65x100.jpg 65w, https:\/\/www.monsacpublicitaire.com\/blog\/wp-content\/uploads\/2017\/04\/Biolaris1.jpg 442w\" sizes=\"(max-width: 197px) 100vw, 197px\" \/><\/a><\/p>\n<p style=\"text-align: justify;\"><span style=\"font-size: 14px;\"><strong><br\/> Cot\u00e9 technique:<\/strong><\/span><\/p>\n<p style=\"text-align: justify;\"><span style=\"font-size: 14px;\">&#8211; Sac cabas r\u00e9utilisable<\/span><\/p>\n<p style=\"text-align: justify;\"><span style=\"font-size: 14px;\">&#8211; Polypropyl\u00e8ne tiss\u00e9 140 gr\/m2 (bon rapport qualit\u00e9\/prix)<\/span><\/p>\n<p style=\"text-align: justify;\"><span style=\"font-size: 14px;\">&#8211; Dimension: 50+20&#215;45 cm<\/span><\/p>\n<p style=\"text-align: justify;\"><span style=\"font-size: 14px;\">&#8211; Impression 1 couleur pantone<\/span><\/p>\n<p style=\"text-align: justify;\"><span style=\"font-size: 14px;\">&#8211; Pelliculage brillant<\/span><\/p>\n<p style=\"text-align: justify;\"><span style=\"font-size: 14px;\">&#8211; Anses 40 cm (pour porter le sac \u00e0 la main)<\/span><\/p>\n<p style=\"text-align: justify;\"><span style=\"font-size: 14px;\">&#8211; Liser\u00e9s oranges en polypropyl\u00e8ne tiss\u00e9 pellicul\u00e9s brillant<\/span><\/p>\n<p style=\"text-align: justify;\"><span style=\"font-size: 14px;\"><strong><br\/> Le plus monsacpublicitaire<\/strong>: les anses sont dot\u00e9es d&rsquo;une couture en X pour une plus grande solidit\u00e9 et les liser\u00e9s du sac (coutures lat\u00e9rales) sont dot\u00e9s d&rsquo;un revers qui conf\u00e8rent une plus grande long\u00e9vit\u00e9 au sac.<\/span><\/p>\n","protected":false},"excerpt":{"rendered":"<p>BIOLARIS est un laboratoire d&rsquo;Analyses et de Biologie M\u00e9dicale situ\u00e9 \u00e0 Laval. Nous avons r\u00e9alis\u00e9 pour ce client, un sac &hellip;<\/p>\n<p class=\"read-more\"> <a class=\"ast-button\" href=\"https:\/\/www.monsacpublicitaire.com\/blog\/sac-cabas-personnalise-reutilisable-pour-laboratoire-danalyse-medicale\/\"> <span class=\"screen-reader-text\">Sac cabas personnalis\u00e9 r\u00e9utilisable pour laboratoire d&rsquo;analyse m\u00e9dicale<\/span> Lire la suite \u00bb<\/a><\/p>\n","protected":false},"author":2,"featured_media":1476,"comment_status":"open","ping_status":"open","sticky":false,"template":"","format":"standard","meta":{"site-sidebar-layout":"default","site-content-layout":"default","ast-global-header-display":"","ast-banner-title-visibility":"","ast-main-header-display":"","ast-hfb-above-header-display":"","ast-hfb-below-header-display":"","ast-hfb-mobile-header-display":"","site-post-title":"","ast-breadcrumbs-content":"","ast-featured-img":"","footer-sml-layout":"","theme-transparent-header-meta":"","adv-header-id-meta":"","stick-header-meta":"","header-above-stick-meta":"","header-main-stick-meta":"","header-below-stick-meta":""},"categories":[1,11,8],"tags":[25,24,26,52,47,12,28,27,14,48],"_links":{"self":[{"href":"https:\/\/www.monsacpublicitaire.com\/blog\/wp-json\/wp\/v2\/posts\/1475"}],"collection":[{"href":"https:\/\/www.monsacpublicitaire.com\/blog\/wp-json\/wp\/v2\/posts"}],"about":[{"href":"https:\/\/www.monsacpublicitaire.com\/blog\/wp-json\/wp\/v2\/types\/post"}],"author":[{"embeddable":true,"href":"https:\/\/www.monsacpublicitaire.com\/blog\/wp-json\/wp\/v2\/users\/2"}],"replies":[{"embeddable":true,"href":"https:\/\/www.monsacpublicitaire.com\/blog\/wp-json\/wp\/v2\/comments?post=1475"}],"version-history":[{"count":12,"href":"https:\/\/www.monsacpublicitaire.com\/blog\/wp-json\/wp\/v2\/posts\/1475\/revisions"}],"predecessor-version":[{"id":2175,"href":"https:\/\/www.monsacpublicitaire.com\/blog\/wp-json\/wp\/v2\/posts\/1475\/revisions\/2175"}],"wp:featuredmedia":[{"embeddable":true,"href":"https:\/\/www.monsacpublicitaire.com\/blog\/wp-json\/wp\/v2\/media\/1476"}],"wp:attachment":[{"href":"https:\/\/www.monsacpublicitaire.com\/blog\/wp-json\/wp\/v2\/media?parent=1475"}],"wp:term":[{"taxonomy":"category","embeddable":true,"href":"https:\/\/www.monsacpublicitaire.com\/blog\/wp-json\/wp\/v2\/categories?post=1475"},{"taxonomy":"post_tag","embeddable":true,"href":"https:\/\/www.monsacpublicitaire.com\/blog\/wp-json\/wp\/v2\/tags?post=1475"}],"curies":[{"name":"wp","href":"https:\/\/api.w.org\/{rel}","templated":true}]}}