{"id":1491,"date":"2017-04-30T18:57:31","date_gmt":"2017-04-30T16:57:31","guid":{"rendered":"https:\/\/www.monsacpublicitaire.com\/blog\/?p=1491"},"modified":"2023-11-28T16:58:24","modified_gmt":"2023-11-28T15:58:24","slug":"sac-cabas-personnalise-reutilisable-pour-salons-et-evenements","status":"publish","type":"post","link":"https:\/\/www.monsacpublicitaire.com\/blog\/sac-cabas-personnalise-reutilisable-pour-salons-et-evenements\/","title":{"rendered":"Sac cabas personnalis\u00e9 r\u00e9utilisable pour salons et \u00e9v\u00e8nements"},"content":{"rendered":"<p style=\"text-align: justify;\"><a href=\"https:\/\/www.monsacpublicitaire.com\/blog\/wp-content\/uploads\/2017\/04\/DIMELO.jpg\"><img decoding=\"async\" loading=\"lazy\" class=\"alignnone size-full wp-image-1492\" title=\"Sac cabas personnalis\u00e9 en polypropyl\u00e8ne tiss\u00e9 DIMELO\" src=\"https:\/\/www.monsacpublicitaire.com\/blog\/wp-content\/uploads\/2017\/04\/DIMELO.jpg\" alt=\"\" width=\"754\" height=\"503\" srcset=\"https:\/\/www.monsacpublicitaire.com\/blog\/wp-content\/uploads\/2017\/04\/DIMELO.jpg 754w, https:\/\/www.monsacpublicitaire.com\/blog\/wp-content\/uploads\/2017\/04\/DIMELO-300x200.jpg 300w, https:\/\/www.monsacpublicitaire.com\/blog\/wp-content\/uploads\/2017\/04\/DIMELO-250x166.jpg 250w, https:\/\/www.monsacpublicitaire.com\/blog\/wp-content\/uploads\/2017\/04\/DIMELO-449x300.jpg 449w, https:\/\/www.monsacpublicitaire.com\/blog\/wp-content\/uploads\/2017\/04\/DIMELO-150x100.jpg 150w\" sizes=\"(max-width: 754px) 100vw, 754px\" \/><\/a><\/p>\n<p style=\"text-align: justify;\"><span style=\"font-size: 14px;\"><br\/> Dimelo est une plateforme SaaS de gestion unifi\u00e9e de la Relation Client digitale. Elle permet \u00e0 ses clients de recevoir, traiter et r\u00e9pondre \u00e0 des messages provenant de tous les canaux digitaux (r\u00e9seaux sociaux, live-chat, mobile, emails, communaut\u00e9s\u2026), mais \u00e9galement de monitorer ces \u00e9changes et de suivre la satisfaction client.<\/span><\/p>\n<p style=\"text-align: justify;\"><span style=\"font-size: 14px;\"><br\/> Nous avons r\u00e9alis\u00e9 pour ce ce client un sac cabas personnalis\u00e9 avec le logo du client sur un fond bleu d\u00e9grad\u00e9 repris de la charte graphique du client. Le format utilis\u00e9 est un petit format sp\u00e9cial salon destin\u00e9 principalement au transport de brochures A4 et de goodies de petites taille.<\/span><\/p>\n<p style=\"text-align: justify;\"><span style=\"font-size: 14px;\"><br\/> Les sacs cabas r\u00e9utilisables en polypropyl\u00e8ne tiss\u00e9 sont \u00e0 la fois recyclables et tr\u00e8s r\u00e9sistants. Ils permettent d&rsquo;agir activement pour la pr\u00e9servation de l&rsquo;environnement, en particulier avec l&rsquo;interdiction des sacs plastiques les plus fins depuis le 1er juillet 2016.<\/span><\/p>\n<p style=\"text-align: justify;\"><span style=\"font-size: 14px;\"><br\/> En effet, les sacs cabas personnalis\u00e9s peuvent \u00eatre r\u00e9utilis\u00e9 de nombreuses fois et permettent de transporter de lourdes charges sans jamais craquer ou \u00eatre transperc\u00e9 ce qui en fait une solution tr\u00e8s \u00e9cologique.<\/span><\/p>\n<p style=\"text-align: justify;\"><span style=\"font-size: 14px;\"><br\/> De fa\u00e7on g\u00e9n\u00e9rale, vous retrouvez ces sacs cabas r\u00e9utilisables tr\u00e8s souvent aux caisses des hypermarch\u00e9s mais dans des assez grand formats. il faut savoir que nous pouvons les fabriquer aussi bien dans des petits format type A4 p, que dans des formats moyens tr\u00e8s utiles pour faire ces courses en centre ville ou au march\u00e9 ou bien encore dans des grands formats type hypermarch\u00e9s ou salon. Dans le cas pr\u00e9sent, il s&rsquo;agit d&rsquo;un format l\u00e9g\u00e8rement plus grand que le format A4 pour v\u00e9hiculer une image respectueuse de l&rsquo;environnement pour un budget tr\u00e8s int\u00e9ressant \u00e9tant donn\u00e9 la petite taille du sac.<\/span><\/p>\n<p style=\"text-align: justify;\"><span style=\"font-size: 14px;\"><br\/> A noter que vous pouvez exprimer votre cr\u00e9ativit\u00e9 sans aucune limite pour ce type de sac cabas puisque l&rsquo;int\u00e9gralit\u00e9 du sac peut \u00eatre imprim\u00e9 sur toute sa surface, aussi bien les deux faces que les deux soufflets, et cela avec une ou plusieurs couleurs pantone ou bien en quadrichromie comme cela a \u00e9t\u00e9 le cas pour ce client<\/span><\/p>\n<p style=\"text-align: justify;\"><span style=\"font-size: 14px;\"><br\/> N&rsquo;h\u00e9sitez pas \u00e0 consulter les <strong>dimensions les plus couramment utilis\u00e9es ainsi que les tarifs<\/strong> correspondant pour une quantit\u00e9 de 1 000 pi\u00e8ces <strong>en cliquant <span style=\"color: #0000ff;\"><a title=\"Sac cabas r\u00e9utilisable personnalis\u00e9\" href=\"https:\/\/www.monsacpublicitaire.com\/19-sacs-polypropylene-tisse\" target=\"_blank\" rel=\"noopener\"><span style=\"color: #0000ff;\">ici<\/span><\/a><\/span><\/strong> et \u00e0 nous consulter (<span style=\"color: #0000ff;\"><strong><a href=\"mailto:contact@monsacpublicitaire.com\"><span style=\"color: #0000ff;\">contact@monsacpublicitaire.com<\/span><\/a><\/strong><\/span>) pour toute quantit\u00e9 sup\u00e9rieure car les tarifs sont d\u00e9gressifs de fa\u00e7on assez significative sur ce produit.<strong><a title=\"Sac cabas r\u00e9utilisable personnalis\u00e9\" href=\"http:\/\/www.monsacpublicitaire.com\/19-sacs-polypropylene-tisse\" target=\"_blank\" rel=\"noopener\"><br \/>\n<\/a><\/strong><\/span><\/p>\n<p style=\"text-align: justify;\"><span style=\"font-size: 14px;\"><br\/> Si vous manquez d&rsquo;inspiration pour la cr\u00e9ation de votre visuel, <strong>vous pouvez consulter nos derni\u00e8res r\u00e9alisations dans notre galerie photos <span style=\"color: #0000ff;\"><a title=\"Galerie sac cabas personnalis\u00e9\" href=\"https:\/\/www.monsacpublicitaire.com\/galeries\/8-sac-cabas-polypropylene-tisse\/\" target=\"_blank\" rel=\"noopener\"><span style=\"color: #0000ff;\">ici<\/span><\/a><\/span><\/strong><\/span><\/p>\n<p><a href=\"https:\/\/www.monsacpublicitaire.com\/blog\/wp-content\/uploads\/2017\/04\/DIMELO1.jpg\"><img decoding=\"async\" loading=\"lazy\" class=\"alignnone size-large wp-image-1493\" title=\"BAT sac cabas polypropyl\u00e8ne tiss\u00e9 DIMELO\" src=\"https:\/\/www.monsacpublicitaire.com\/blog\/wp-content\/uploads\/2017\/04\/DIMELO1-564x1024.jpg\" alt=\"\" width=\"564\" height=\"1024\" srcset=\"https:\/\/www.monsacpublicitaire.com\/blog\/wp-content\/uploads\/2017\/04\/DIMELO1-564x1024.jpg 564w, https:\/\/www.monsacpublicitaire.com\/blog\/wp-content\/uploads\/2017\/04\/DIMELO1-165x300.jpg 165w, https:\/\/www.monsacpublicitaire.com\/blog\/wp-content\/uploads\/2017\/04\/DIMELO1-250x453.jpg 250w, https:\/\/www.monsacpublicitaire.com\/blog\/wp-content\/uploads\/2017\/04\/DIMELO1-55x100.jpg 55w\" sizes=\"(max-width: 564px) 100vw, 564px\" \/><\/a><\/p>\n<p style=\"text-align: justify;\"><span style=\"font-size: 14px;\"><strong><br\/> Cot\u00e9 technique:<\/strong><\/span><\/p>\n<p style=\"text-align: justify;\"><span style=\"font-size: 14px;\">&#8211; Sac cabas r\u00e9utilisable<\/span><\/p>\n<p style=\"text-align: justify;\"><span style=\"font-size: 14px;\">&#8211; Polypropyl\u00e8ne tiss\u00e9 140 gr\/m2 (bon rapport qualit\u00e9\/prix)<\/span><\/p>\n<p style=\"text-align: justify;\"><span style=\"font-size: 14px;\">&#8211; Dimension: 25+10&#215;35 cm<\/span><\/p>\n<p style=\"text-align: justify;\"><span style=\"font-size: 14px;\">&#8211; Impression quadrichromie 100%<\/span><\/p>\n<p style=\"text-align: justify;\"><span style=\"font-size: 14px;\">&#8211; Pelliculage brillant<\/span><\/p>\n<p style=\"text-align: justify;\"><span style=\"font-size: 14px;\">&#8211; Anses longues 60 cm (pour porter le sac \u00e0 l&rsquo;\u00e9paule)<\/span><\/p>\n<p style=\"text-align: justify;\"><span style=\"font-size: 14px;\">&#8211; Liser\u00e9s blancs en polypropyl\u00e8ne tiss\u00e9 pellicul\u00e9s brillant<\/span><\/p>\n<p style=\"text-align: justify;\"><span style=\"font-size: 14px;\"><strong><br\/> Le plus monsacpublicitaire<\/strong>: les anses sont dot\u00e9es d&rsquo;une couture en X pour une plus grande solidit\u00e9 et les liser\u00e9s du sac (coutures lat\u00e9rales) sont dot\u00e9s d&rsquo;un revers qui conf\u00e8rent une plus grande long\u00e9vit\u00e9 au sac.<\/span><\/p>\n","protected":false},"excerpt":{"rendered":"<p>Dimelo est une plateforme SaaS de gestion unifi\u00e9e de la Relation Client digitale. Elle permet \u00e0 ses clients de recevoir, &hellip;<\/p>\n<p class=\"read-more\"> <a class=\"ast-button\" href=\"https:\/\/www.monsacpublicitaire.com\/blog\/sac-cabas-personnalise-reutilisable-pour-salons-et-evenements\/\"> <span class=\"screen-reader-text\">Sac cabas personnalis\u00e9 r\u00e9utilisable pour salons et \u00e9v\u00e8nements<\/span> Lire la suite \u00bb<\/a><\/p>\n","protected":false},"author":2,"featured_media":1492,"comment_status":"open","ping_status":"open","sticky":false,"template":"","format":"standard","meta":{"site-sidebar-layout":"default","site-content-layout":"default","ast-global-header-display":"","ast-banner-title-visibility":"","ast-main-header-display":"","ast-hfb-above-header-display":"","ast-hfb-below-header-display":"","ast-hfb-mobile-header-display":"","site-post-title":"","ast-breadcrumbs-content":"","ast-featured-img":"","footer-sml-layout":"","theme-transparent-header-meta":"","adv-header-id-meta":"","stick-header-meta":"","header-above-stick-meta":"","header-main-stick-meta":"","header-below-stick-meta":""},"categories":[1,11,8],"tags":[55,25,24,26,52,47,12,28,27,14,48],"_links":{"self":[{"href":"https:\/\/www.monsacpublicitaire.com\/blog\/wp-json\/wp\/v2\/posts\/1491"}],"collection":[{"href":"https:\/\/www.monsacpublicitaire.com\/blog\/wp-json\/wp\/v2\/posts"}],"about":[{"href":"https:\/\/www.monsacpublicitaire.com\/blog\/wp-json\/wp\/v2\/types\/post"}],"author":[{"embeddable":true,"href":"https:\/\/www.monsacpublicitaire.com\/blog\/wp-json\/wp\/v2\/users\/2"}],"replies":[{"embeddable":true,"href":"https:\/\/www.monsacpublicitaire.com\/blog\/wp-json\/wp\/v2\/comments?post=1491"}],"version-history":[{"count":7,"href":"https:\/\/www.monsacpublicitaire.com\/blog\/wp-json\/wp\/v2\/posts\/1491\/revisions"}],"predecessor-version":[{"id":2177,"href":"https:\/\/www.monsacpublicitaire.com\/blog\/wp-json\/wp\/v2\/posts\/1491\/revisions\/2177"}],"wp:featuredmedia":[{"embeddable":true,"href":"https:\/\/www.monsacpublicitaire.com\/blog\/wp-json\/wp\/v2\/media\/1492"}],"wp:attachment":[{"href":"https:\/\/www.monsacpublicitaire.com\/blog\/wp-json\/wp\/v2\/media?parent=1491"}],"wp:term":[{"taxonomy":"category","embeddable":true,"href":"https:\/\/www.monsacpublicitaire.com\/blog\/wp-json\/wp\/v2\/categories?post=1491"},{"taxonomy":"post_tag","embeddable":true,"href":"https:\/\/www.monsacpublicitaire.com\/blog\/wp-json\/wp\/v2\/tags?post=1491"}],"curies":[{"name":"wp","href":"https:\/\/api.w.org\/{rel}","templated":true}]}}