{"id":1523,"date":"2019-06-02T18:54:05","date_gmt":"2019-06-02T16:54:05","guid":{"rendered":"https:\/\/www.monsacpublicitaire.com\/blog\/?p=1523"},"modified":"2019-06-02T18:54:07","modified_gmt":"2019-06-02T16:54:07","slug":"sac-cabas-personnalise-huitres-marennes-oleron","status":"publish","type":"post","link":"https:\/\/www.monsacpublicitaire.com\/blog\/sac-cabas-personnalise-huitres-marennes-oleron\/","title":{"rendered":"Sac cabas personnalis\u00e9 huitres Marennes Oleron"},"content":{"rendered":"<p><a href=\"https:\/\/www.monsacpublicitaire.com\/blog\/wp-content\/uploads\/2018\/11\/HUITRES-DE-MARENNE-OLERON.png\"><img decoding=\"async\" loading=\"lazy\" class=\"alignnone size-full wp-image-1524\" title=\"Sac cabas personnalis\u00e9 huitres de Marenne Oleron\" src=\"https:\/\/www.monsacpublicitaire.com\/blog\/wp-content\/uploads\/2018\/11\/HUITRES-DE-MARENNE-OLERON.png\" alt=\"\" width=\"754\" height=\"400\" srcset=\"https:\/\/www.monsacpublicitaire.com\/blog\/wp-content\/uploads\/2018\/11\/HUITRES-DE-MARENNE-OLERON.png 754w, https:\/\/www.monsacpublicitaire.com\/blog\/wp-content\/uploads\/2018\/11\/HUITRES-DE-MARENNE-OLERON-300x159.png 300w, https:\/\/www.monsacpublicitaire.com\/blog\/wp-content\/uploads\/2018\/11\/HUITRES-DE-MARENNE-OLERON-250x132.png 250w, https:\/\/www.monsacpublicitaire.com\/blog\/wp-content\/uploads\/2018\/11\/HUITRES-DE-MARENNE-OLERON-500x265.png 500w, https:\/\/www.monsacpublicitaire.com\/blog\/wp-content\/uploads\/2018\/11\/HUITRES-DE-MARENNE-OLERON-150x79.png 150w\" sizes=\"(max-width: 754px) 100vw, 754px\" \/><\/a><\/p>\n<p style=\"text-align: justify;\">Nous avons r\u00e9alis\u00e9 pour les hu\u00eetres de Marennes Ol\u00e9ron des sacs cabas r\u00e9utilisables personnalis\u00e9s avec un visuel repr\u00e9sentant les huitres du c\u00e9l\u00e8bre producteur en photo.<\/p>\n<p style=\"text-align: justify;\">Les huitres de Marennes Oleron b\u00e9n\u00e9ficient du Label Rouge et de l&rsquo;Indication G\u00e9ographique Prot\u00e9g\u00e9e.<\/p>\n<p style=\"text-align: justify;\">Le sac cabas personnalis\u00e9 r\u00e9alis\u00e9 pour ce client est en polypropyl\u00e8ne tiss\u00e9 et il a la particularit\u00e9 d&rsquo;avoir un fond assez large pour pouvoir accueillir les cagettes de la marque.<\/p>\n<p style=\"text-align: justify;\">Le polypropyl\u00e8ne tiss\u00e9 est une mati\u00e8re tr\u00e8s r\u00e9sistante qu&rsquo;on retrouve sur la plupart des sacs cabas d&rsquo;hypermarch\u00e9. Vous la reconnaitrez en observant de petits carreaux lorsque vous regardez la mati\u00e8re de pr\u00e8s.<\/p>\n<p style=\"text-align: justify;\">Ce type de sac pr\u00e9sente l&rsquo;avantage de pouvoir \u00eatre fabriqu\u00e9 sur mesure et pouvoir \u00eatre imprim\u00e9 sur sa totalit\u00e9 en une ou plusieurs couleurs ou en quadrichromie \u00e0 partir de 500 exemplaires.<\/p>\n\n\n<figure class=\"wp-block-image\"><img decoding=\"async\" loading=\"lazy\" width=\"649\" height=\"1024\" src=\"https:\/\/www.monsacpublicitaire.com\/blog\/wp-content\/uploads\/2019\/06\/Cabas-MARENNES-OLERON-649x1024.jpg\" alt=\"\" class=\"wp-image-1529\" srcset=\"https:\/\/www.monsacpublicitaire.com\/blog\/wp-content\/uploads\/2019\/06\/Cabas-MARENNES-OLERON-649x1024.jpg 649w, https:\/\/www.monsacpublicitaire.com\/blog\/wp-content\/uploads\/2019\/06\/Cabas-MARENNES-OLERON-190x300.jpg 190w, https:\/\/www.monsacpublicitaire.com\/blog\/wp-content\/uploads\/2019\/06\/Cabas-MARENNES-OLERON-768x1211.jpg 768w, https:\/\/www.monsacpublicitaire.com\/blog\/wp-content\/uploads\/2019\/06\/Cabas-MARENNES-OLERON-250x394.jpg 250w\" sizes=\"(max-width: 649px) 100vw, 649px\" \/><\/figure>\n\n\n\n<p><strong><br\/> Cot\u00e9 technique:<\/strong><\/p>\n\n\n\n<p>&#8211; Sac cabas r\u00e9utilisable<\/p>\n\n\n\n<p>&#8211; Polypropyl\u00e8ne tiss\u00e9 140 gr\/m2 (bon rapport qualit\u00e9\/prix)<\/p>\n\n\n\n<p>&#8211; Dimension: 33+23&#215;35 cm<\/p>\n\n\n\n<p>&#8211; Impression quadrichromie +1 couleur pantone \u00e0 100%<\/p>\n\n\n\n<p>&#8211; Pelliculage brillant<\/p>\n\n\n\n<p>&#8211; Anses courtes 40 cm (pour porter le sac \u00e0 la main)<\/p>\n\n\n\n<p>&#8211; Liser\u00e9s noirs en polypropyl\u00e8ne tiss\u00e9 pellicul\u00e9s brillants<strong> <\/strong><\/p>\n\n\n\n<p><strong>Le plus monsacpublicitaire<\/strong>: les anses sont dot\u00e9es d&rsquo;une couture en X pour une plus grande solidit\u00e9 et les liser\u00e9s du sac (coutures lat\u00e9rales) sont dot\u00e9s d&rsquo;un revers qui conf\u00e8rent une plus grande long\u00e9vit\u00e9 au sac.<\/p>\n","protected":false},"excerpt":{"rendered":"<p>Nous avons r\u00e9alis\u00e9 pour les hu\u00eetres de Marennes Ol\u00e9ron des sacs cabas r\u00e9utilisables personnalis\u00e9s avec un visuel repr\u00e9sentant les huitres &hellip;<\/p>\n<p class=\"read-more\"> <a class=\"ast-button\" href=\"https:\/\/www.monsacpublicitaire.com\/blog\/sac-cabas-personnalise-huitres-marennes-oleron\/\"> <span class=\"screen-reader-text\">Sac cabas personnalis\u00e9 huitres Marennes Oleron<\/span> Lire la suite \u00bb<\/a><\/p>\n","protected":false},"author":2,"featured_media":1524,"comment_status":"closed","ping_status":"closed","sticky":false,"template":"","format":"standard","meta":{"site-sidebar-layout":"default","site-content-layout":"default","ast-global-header-display":"","ast-banner-title-visibility":"","ast-main-header-display":"","ast-hfb-above-header-display":"","ast-hfb-below-header-display":"","ast-hfb-mobile-header-display":"","site-post-title":"","ast-breadcrumbs-content":"","ast-featured-img":"","footer-sml-layout":"","theme-transparent-header-meta":"","adv-header-id-meta":"","stick-header-meta":"","header-above-stick-meta":"","header-main-stick-meta":"","header-below-stick-meta":""},"categories":[1,11,8],"tags":[],"_links":{"self":[{"href":"https:\/\/www.monsacpublicitaire.com\/blog\/wp-json\/wp\/v2\/posts\/1523"}],"collection":[{"href":"https:\/\/www.monsacpublicitaire.com\/blog\/wp-json\/wp\/v2\/posts"}],"about":[{"href":"https:\/\/www.monsacpublicitaire.com\/blog\/wp-json\/wp\/v2\/types\/post"}],"author":[{"embeddable":true,"href":"https:\/\/www.monsacpublicitaire.com\/blog\/wp-json\/wp\/v2\/users\/2"}],"replies":[{"embeddable":true,"href":"https:\/\/www.monsacpublicitaire.com\/blog\/wp-json\/wp\/v2\/comments?post=1523"}],"version-history":[{"count":8,"href":"https:\/\/www.monsacpublicitaire.com\/blog\/wp-json\/wp\/v2\/posts\/1523\/revisions"}],"predecessor-version":[{"id":1535,"href":"https:\/\/www.monsacpublicitaire.com\/blog\/wp-json\/wp\/v2\/posts\/1523\/revisions\/1535"}],"wp:featuredmedia":[{"embeddable":true,"href":"https:\/\/www.monsacpublicitaire.com\/blog\/wp-json\/wp\/v2\/media\/1524"}],"wp:attachment":[{"href":"https:\/\/www.monsacpublicitaire.com\/blog\/wp-json\/wp\/v2\/media?parent=1523"}],"wp:term":[{"taxonomy":"category","embeddable":true,"href":"https:\/\/www.monsacpublicitaire.com\/blog\/wp-json\/wp\/v2\/categories?post=1523"},{"taxonomy":"post_tag","embeddable":true,"href":"https:\/\/www.monsacpublicitaire.com\/blog\/wp-json\/wp\/v2\/tags?post=1523"}],"curies":[{"name":"wp","href":"https:\/\/api.w.org\/{rel}","templated":true}]}}