{"id":1536,"date":"2020-02-23T23:16:14","date_gmt":"2020-02-23T22:16:14","guid":{"rendered":"https:\/\/www.monsacpublicitaire.com\/blog\/?p=1536"},"modified":"2020-02-23T23:16:15","modified_gmt":"2020-02-23T22:16:15","slug":"decouvrez-notre-gamme-de-sacs-cabas-thermosoudes","status":"publish","type":"post","link":"https:\/\/www.monsacpublicitaire.com\/blog\/decouvrez-notre-gamme-de-sacs-cabas-thermosoudes\/","title":{"rendered":"D\u00e9couvrez notre gamme de sacs cabas thermosoud\u00e9s"},"content":{"rendered":"\n<figure class=\"wp-block-image\"><img decoding=\"async\" loading=\"lazy\" width=\"1024\" height=\"568\" src=\"https:\/\/www.monsacpublicitaire.com\/blog\/wp-content\/uploads\/2020\/02\/polypro-non-tisse\u0301-pellicule\u0301-thermsoude\u0301_CENTURY21-1024x568.jpg\" alt=\"\" class=\"wp-image-1556\" srcset=\"https:\/\/www.monsacpublicitaire.com\/blog\/wp-content\/uploads\/2020\/02\/polypro-non-tisse\u0301-pellicule\u0301-thermsoude\u0301_CENTURY21-1024x568.jpg 1024w, https:\/\/www.monsacpublicitaire.com\/blog\/wp-content\/uploads\/2020\/02\/polypro-non-tisse\u0301-pellicule\u0301-thermsoude\u0301_CENTURY21-300x166.jpg 300w, https:\/\/www.monsacpublicitaire.com\/blog\/wp-content\/uploads\/2020\/02\/polypro-non-tisse\u0301-pellicule\u0301-thermsoude\u0301_CENTURY21-768x426.jpg 768w, https:\/\/www.monsacpublicitaire.com\/blog\/wp-content\/uploads\/2020\/02\/polypro-non-tisse\u0301-pellicule\u0301-thermsoude\u0301_CENTURY21-250x139.jpg 250w, https:\/\/www.monsacpublicitaire.com\/blog\/wp-content\/uploads\/2020\/02\/polypro-non-tisse\u0301-pellicule\u0301-thermsoude\u0301_CENTURY21-500x277.jpg 500w\" sizes=\"(max-width: 1024px) 100vw, 1024px\" \/><\/figure>\n\n\n\n<p><strong>Le sac cabas thermosoud\u00e9 \u00e0 prix attractif&nbsp;?<\/strong><\/p>\n\n\n\n<p align=\"justify\">Le sac cabas publicitaire vous\npermet de v\u00e9hiculer simplement mais efficacement un message et\/ou votre image.\nEn distribuant ces sacs \u00e0 vos clients ou partenaires, vous vous assurez un\ncanal de communication \u00e0 moindre co\u00fbt. Afin de r\u00e9pondre aux besoins les plus\nurgents en sacs cabas publicitaires nous proposons \u00e0 nos clients une solution\nparticuli\u00e8rement int\u00e9ressante. En effet, alors que les mod\u00e8les classiques\ncousus demandent g\u00e9n\u00e9ralement un d\u00e9lai de 3 mois pour obtenir le meilleur prix\npour des quantit\u00e9s importantes, nous proposons une alternative&nbsp;: le sac\ncabas thermosoud\u00e9, pouvant \u00eatre livr\u00e9 sous <strong>5 \u00e0 6 semaines <\/strong>en moyenne. Mais\nalors, comment pouvons-nous proposer un prix attractif, un d\u00e9lai de livraison\nr\u00e9duit et une qualit\u00e9 exemplaire&nbsp;? Vous trouverez les r\u00e9ponses \u00e0 ces\nquestions dans l\u2019article ci-dessous, pr\u00e9sentant notre offre de sacs cabas\nthermosoud\u00e9s.<\/p>\n\n\n\n<p align=\"justify\">Tout d\u2019abord il faut savoir que\nle terme thermosoud\u00e9 s\u2019applique \u00e0 l\u2019ensemble du sac. Ainsi, au lieu d\u2019avoir les\nanses et les c\u00f4t\u00e9s du sac cousus, ils sont enti\u00e8rement thermosoud\u00e9s,\nc&rsquo;est-\u00e0-dire soud\u00e9s gr\u00e2ce \u00e0 une pression \u00e0 chaud. La raison pour laquelle nous\npouvons vous proposer un sac cabas publicitaire thermosoud\u00e9 \u00e0 un bon prix est\ntr\u00e8s simple, et li\u00e9e \u00e0 la sp\u00e9cificit\u00e9 du sac, c&rsquo;est-\u00e0-dire \u00e0 la thermosoudure. En\neffet, ce proc\u00e9d\u00e9 de fabrication est enti\u00e8rement automatis\u00e9, ce qui n\u00e9cessite\nmoins d\u2019actions manuelles et donc moins de main d\u2019oeuvre que pour les mod\u00e8les\ncousus. En gagnant en simplicit\u00e9 de fabrication et en automatisation, nous\ngagnons en temps de fabrication et nous pouvons ainsi r\u00e9duire le co\u00fbt de\nproduction. Cela se traduit pour vous par un produit \u00e0 un prix tr\u00e8s int\u00e9ressant\navec une qualit\u00e9 constante et irr\u00e9prochable pour toute votre commande.<\/p>\n\n\n\n<p><strong>Comment allier prix attractif, qualit\u00e9 et d\u00e9lais de livraison\nr\u00e9duit&nbsp;?<\/strong><\/p>\n\n\n\n<p align=\"justify\">La qualit\u00e9 du sac est garantie\ngr\u00e2ce \u00e0 une <strong>fabrication europ\u00e9enne<\/strong>. En effet, pour nos sacs cabas thermosoud\u00e9s\nnous avons nou\u00e9 des accords avec des usines europ\u00e9ennes. En faisant le choix de\nl\u2019Europe plut\u00f4t que de l\u2019Asie, g\u00e9n\u00e9ralement privil\u00e9gi\u00e9e pour les sacs cabas cousus,\nnous garantissons des proc\u00e9d\u00e9s de fabrication modernes et le respect de normes\nde fabrication europ\u00e9ennes.&nbsp; Par\nailleurs, ce choix de partenaires europ\u00e9ens pour la fabrication de nos sacs\ncabas thermosoud\u00e9s nous permet de respecter le dernier point&nbsp;: des d\u00e9lais\nde livraison relativement courts. En effet, passer par l\u2019Asie demande ensuite,\npour une exp\u00e9dition \u00e0 moindre frais, un transport g\u00e9n\u00e9ralement plus long par\nbateau amenant \u00e0 un d\u00e9lai global de 3 mois environ. Alors que les livraisons de\nmarchandises depuis l\u2019Europe sont logiquement plus rapides et c\u2019est pourquoi\nnous pouvons vous proposer un d\u00e9lai de livraison compris entre 5 et 6 semaines\nen moyenne et cela pour de petites, moyennes ou grandes quantit\u00e9s.<\/p>\n\n\n\n<p><strong>Nos sacs cabas thermosoud\u00e9s respectueux de l\u2019environnement<\/strong><\/p>\n\n\n\n<p align=\"justify\"> Parce que nous nous devons d\u2019\u00eatre\npr\u00e9curseur en mati\u00e8re d\u2019environnement, nos sacs cabas thermosoud\u00e9s peuvent \u00eatre\ncompos\u00e9s, sur demande, <strong>de 50 \u00e0 80% de mati\u00e8re recycl\u00e9e<\/strong>. De plus, la fabrication\nen Europe permet de r\u00e9duire l\u2019empreinte carbone par rapport \u00e0 l\u2019importation\nasiatique. Fabriqu\u00e9s en polypropyl\u00e8ne non tiss\u00e9 avec pelliculage mat ou\nbrillant, ils sont tr\u00e8s r\u00e9sistants, extr\u00eamement facile \u00e0 nettoyer et sont bien\n\u00e9videmment r\u00e9utilisables et 100% recyclables. Comme pour tous nos sacs, nous utilisons\nuniquement des encres \u00e0 l\u2019eau respectueuses de l\u2019environnement, sans solvant ni\nautre substance toxique. Enfin, pour certains formats, sachez que la\nfabrication se fait en utilisant 100% d\u2019\u00e9nergie renouvelable.<\/p>\n\n\n\n<p><strong>Notre offre personnalis\u00e9e de sacs cabas thermosoud\u00e9s<\/strong><\/p>\n\n\n\n<p align=\"justify\">Nous travaillons avec plusieurs\nusines europ\u00e9ennes \u00e0 la pointe sur ce produit novateur. Nous pouvons ainsi\nr\u00e9pondre \u00e0 tous vos besoins en termes de quantit\u00e9s, formats, d\u00e9lais et\npersonnalisation. Lors de vos demandes de devis, n\u2019h\u00e9sitez pas \u00e0 nous faire de\nvos contraintes afin de vous proposer la solution la plus ad\u00e9quate.<\/p>\n\n\n\n<p align=\"justify\">L\u2019\u00e9paisseur du sac d\u00e9pend du\ngrammage du mat\u00e9riau utilis\u00e9, le polypropyl\u00e8ne non tiss\u00e9 en l\u2019occurrence. Pour\nce dernier nous avons fait le choix d\u2019un grammage \u00e0 100 gr\/m2 pour les sacs\nthermosoud\u00e9s en non tiss\u00e9 sans pelliculage et \u00e0 120g\/m\u00b2 pour les sacs\npellicul\u00e9s, ce qui offre un excellent compromis entre la r\u00e9sistance, la\nsouplesse et la l\u00e9g\u00e8ret\u00e9. <\/p>\n\n\n\n<p align=\"justify\">Par ailleurs, pour personnaliser\nles sacs nous imprimons en flexographie en une \u00e0 huit couleurs pantone ou en\nquadrichromie. <\/p>\n\n\n\n<p align=\"justify\">Enfin, afin de r\u00e9pondre aux\nbesoins de chacun de nos clients, nous nous effor\u00e7ons de proposer une gamme\ncompl\u00e8te, avec des sacs de dimensions tr\u00e8s vari\u00e9es. Le minimum de commande est\nde 1&nbsp;000 ou 3 000 exemplaires selon les formats (voir ci-dessous) et,\ninformation non n\u00e9gligeable, le prix est d\u00e9gressif suivant les quantit\u00e9s\ncommand\u00e9es.<\/p>\n\n\n\n<p><\/p>\n\n\n\n<p>Les formats disponibles actuellement sont les suivants&nbsp;:<\/p>\n\n\n\n<figure class=\"wp-block-image is-resized\"><img decoding=\"async\" loading=\"lazy\" src=\"https:\/\/www.monsacpublicitaire.com\/blog\/wp-content\/uploads\/2020\/02\/image-2.png\" alt=\"\" class=\"wp-image-1553\" width=\"432\" height=\"357\" srcset=\"https:\/\/www.monsacpublicitaire.com\/blog\/wp-content\/uploads\/2020\/02\/image-2.png 552w, https:\/\/www.monsacpublicitaire.com\/blog\/wp-content\/uploads\/2020\/02\/image-2-300x248.png 300w, https:\/\/www.monsacpublicitaire.com\/blog\/wp-content\/uploads\/2020\/02\/image-2-250x207.png 250w, https:\/\/www.monsacpublicitaire.com\/blog\/wp-content\/uploads\/2020\/02\/image-2-363x300.png 363w\" sizes=\"(max-width: 432px) 100vw, 432px\" \/><\/figure>\n\n\n\n<p align=\"justify\">Que ce sac soit destin\u00e9 \u00e0\ncontenir des courses, ou bien qu\u2019il soit destin\u00e9 \u00e0 promouvoir votre entreprise\nlors d\u2019un salon ou de tout autre \u00e9v\u00e8nement, n&rsquo;h\u00e9sitez pas \u00e0 nous contacter pour\nobtenir plus de renseignements. <\/p>\n","protected":false},"excerpt":{"rendered":"<p>Le sac cabas thermosoud\u00e9 \u00e0 prix attractif&nbsp;? Le sac cabas publicitaire vous permet de v\u00e9hiculer simplement mais efficacement un message &hellip;<\/p>\n<p class=\"read-more\"> <a class=\"ast-button\" href=\"https:\/\/www.monsacpublicitaire.com\/blog\/decouvrez-notre-gamme-de-sacs-cabas-thermosoudes\/\"> <span class=\"screen-reader-text\">D\u00e9couvrez notre gamme de sacs cabas thermosoud\u00e9s<\/span> Lire la suite \u00bb<\/a><\/p>\n","protected":false},"author":2,"featured_media":1556,"comment_status":"open","ping_status":"open","sticky":false,"template":"","format":"standard","meta":{"site-sidebar-layout":"default","site-content-layout":"default","ast-global-header-display":"","ast-banner-title-visibility":"","ast-main-header-display":"","ast-hfb-above-header-display":"","ast-hfb-below-header-display":"","ast-hfb-mobile-header-display":"","site-post-title":"","ast-breadcrumbs-content":"","ast-featured-img":"","footer-sml-layout":"","theme-transparent-header-meta":"","adv-header-id-meta":"","stick-header-meta":"","header-above-stick-meta":"","header-main-stick-meta":"","header-below-stick-meta":""},"categories":[1,11,8],"tags":[],"_links":{"self":[{"href":"https:\/\/www.monsacpublicitaire.com\/blog\/wp-json\/wp\/v2\/posts\/1536"}],"collection":[{"href":"https:\/\/www.monsacpublicitaire.com\/blog\/wp-json\/wp\/v2\/posts"}],"about":[{"href":"https:\/\/www.monsacpublicitaire.com\/blog\/wp-json\/wp\/v2\/types\/post"}],"author":[{"embeddable":true,"href":"https:\/\/www.monsacpublicitaire.com\/blog\/wp-json\/wp\/v2\/users\/2"}],"replies":[{"embeddable":true,"href":"https:\/\/www.monsacpublicitaire.com\/blog\/wp-json\/wp\/v2\/comments?post=1536"}],"version-history":[{"count":17,"href":"https:\/\/www.monsacpublicitaire.com\/blog\/wp-json\/wp\/v2\/posts\/1536\/revisions"}],"predecessor-version":[{"id":1558,"href":"https:\/\/www.monsacpublicitaire.com\/blog\/wp-json\/wp\/v2\/posts\/1536\/revisions\/1558"}],"wp:featuredmedia":[{"embeddable":true,"href":"https:\/\/www.monsacpublicitaire.com\/blog\/wp-json\/wp\/v2\/media\/1556"}],"wp:attachment":[{"href":"https:\/\/www.monsacpublicitaire.com\/blog\/wp-json\/wp\/v2\/media?parent=1536"}],"wp:term":[{"taxonomy":"category","embeddable":true,"href":"https:\/\/www.monsacpublicitaire.com\/blog\/wp-json\/wp\/v2\/categories?post=1536"},{"taxonomy":"post_tag","embeddable":true,"href":"https:\/\/www.monsacpublicitaire.com\/blog\/wp-json\/wp\/v2\/tags?post=1536"}],"curies":[{"name":"wp","href":"https:\/\/api.w.org\/{rel}","templated":true}]}}