{"id":1560,"date":"2020-03-13T10:18:54","date_gmt":"2020-03-13T09:18:54","guid":{"rendered":"https:\/\/www.monsacpublicitaire.com\/blog\/?p=1560"},"modified":"2020-03-13T10:18:55","modified_gmt":"2020-03-13T09:18:55","slug":"nouveaute-2020-le-sac-en-papier-realise-a-base-dherbe-certifie-fsc","status":"publish","type":"post","link":"https:\/\/www.monsacpublicitaire.com\/blog\/nouveaute-2020-le-sac-en-papier-realise-a-base-dherbe-certifie-fsc\/","title":{"rendered":"Nouveaut\u00e9 2020 : le sac en papier r\u00e9alis\u00e9 \u00e0 base d\u2019herbe certifi\u00e9 FSC"},"content":{"rendered":"\n<p align=\"justify\"><p><strong>La question de la durabilit\u00e9 nous tient \u00e0 c\u0153ur dans le cadre du d\u00e9veloppement de nos produits. Nous sommes donc ravis d\u2019ajouter \u00e0 notre portefeuille de sacs publicitaires le SAC EN PAPIER A BASE D\u2019HERBE personnalis\u00e9.<\/strong><\/p><\/p>\n\n\n\n<p><strong>La fibre \u00e0\nbase d\u2019herbe&nbsp;: <\/strong><\/p>\n\n\n\n<p align=\"justify\">Ce sac en papier est r\u00e9utilisable, recyclable et \u00e9cologique. Il r\u00e9pond parfaitement aux pr\u00e9occupations actuelles du d\u00e9veloppement durable. En effet, le processus de production de ce papier \u00e0 base d\u2019herbe n\u00e9cessite tr\u00e8s peu d\u2019eau et moins d\u2019\u00e9nergie que la fabrication d\u2019un papier classique. L\u2019empreinte \u00e9cologique de ce nouveau type de papier est donc moindre par rapport \u00e0 celle du papier conventionnel.<\/p>\n\n\n\n<p align=\"justify\">Il est d\u00e9sormais possible de fabriquer du papier avec des fibres \u00e0 partir d\u2019herbe \u00e0 la place du bois. Contrairement \u00e0 l\u2019extraction de fibres \u00e0 partir de bois o\u00f9 la cellulose est s\u00e9par\u00e9e de la lignine via un processus tr\u00e8s consommateur d\u2019\u00e9nergie, d\u2019eau et de produits chimiques, le traitement des fibres \u00e0 base d\u2019herbe peut \u00eatre r\u00e9alis\u00e9 de mani\u00e8re purement m\u00e9canique et donc particuli\u00e8rement \u00e9cologique. Environ un tiers seulement de l\u2019\u00e9quivalent CO2 est n\u00e9cessaire pour produire une fibre de papier \u00e0 partir d\u2019herbe par rapport au bois. De plus, la mati\u00e8re premi\u00e8re de cette fibre est l\u2019herbe et ne nuit ni aux ressources naturelles ni \u00e0 l\u2019environnement. Cette herbe repousse plus rapidement que les arbres et les fibres vierges d\u2019herbe utilis\u00e9es sont issues d\u2019une production locale install\u00e9e \u00e0 proximit\u00e9 de l\u2019usine. Enfin, comme pour tous nos sacs en papier, nous excluons toute utilisation de produits chimiques pour la fabrication de ce papier.<\/p>\n\n\n\n<p><strong>Le sac\npersonnalis\u00e9 en papier \u00e0 base d\u2019herbe certifi\u00e9 FSC&nbsp;:<\/strong><\/p>\n\n\n\n<p align=\"justify\">Ce nouveau sac personnalisable \u00e0 la particularit\u00e9 de contenir jusqu\u2019\u00e0 30% de fibres d\u2019herbe.<\/p>\n\n\n\n<p align=\"justify\">Son aspect sp\u00e9cial et naturel permet de se d\u00e9marquer. Il pr\u00e9sente un aspect brut et h\u00e9t\u00e9rog\u00e8ne avec des points d\u2019herbe sur un fond beige\/vert et offre&nbsp;une sensation tactile sp\u00e9ciale.<\/p>\n\n\n\n<ul class=\"wp-block-gallery columns-2 is-cropped wp-block-gallery-1 is-layout-flex\"><li class=\"blocks-gallery-item\"><figure><img decoding=\"async\" loading=\"lazy\" width=\"1024\" height=\"768\" src=\"https:\/\/www.monsacpublicitaire.com\/blog\/wp-content\/uploads\/2020\/03\/zoom-de-laspect-du-papier-echantillon-poigne\u0301es-plates-1024x768.jpg\" alt=\"\" data-id=\"1564\" data-link=\"https:\/\/www.monsacpublicitaire.com\/blog\/?attachment_id=1564\" class=\"wp-image-1564\" srcset=\"https:\/\/www.monsacpublicitaire.com\/blog\/wp-content\/uploads\/2020\/03\/zoom-de-laspect-du-papier-echantillon-poigne\u0301es-plates-1024x768.jpg 1024w, https:\/\/www.monsacpublicitaire.com\/blog\/wp-content\/uploads\/2020\/03\/zoom-de-laspect-du-papier-echantillon-poigne\u0301es-plates-300x225.jpg 300w, https:\/\/www.monsacpublicitaire.com\/blog\/wp-content\/uploads\/2020\/03\/zoom-de-laspect-du-papier-echantillon-poigne\u0301es-plates-768x576.jpg 768w, https:\/\/www.monsacpublicitaire.com\/blog\/wp-content\/uploads\/2020\/03\/zoom-de-laspect-du-papier-echantillon-poigne\u0301es-plates-250x188.jpg 250w, https:\/\/www.monsacpublicitaire.com\/blog\/wp-content\/uploads\/2020\/03\/zoom-de-laspect-du-papier-echantillon-poigne\u0301es-plates-400x300.jpg 400w\" sizes=\"(max-width: 1024px) 100vw, 1024px\" \/><\/figure><\/li><li class=\"blocks-gallery-item\"><figure><img decoding=\"async\" loading=\"lazy\" width=\"1024\" height=\"768\" src=\"https:\/\/www.monsacpublicitaire.com\/blog\/wp-content\/uploads\/2020\/03\/zoom-de-laspect-du-papier-echantillon-poigne\u0301es-torsade\u0301es-1024x768.jpg\" alt=\"\" data-id=\"1565\" data-link=\"https:\/\/www.monsacpublicitaire.com\/blog\/?attachment_id=1565\" class=\"wp-image-1565\" srcset=\"https:\/\/www.monsacpublicitaire.com\/blog\/wp-content\/uploads\/2020\/03\/zoom-de-laspect-du-papier-echantillon-poigne\u0301es-torsade\u0301es-1024x768.jpg 1024w, https:\/\/www.monsacpublicitaire.com\/blog\/wp-content\/uploads\/2020\/03\/zoom-de-laspect-du-papier-echantillon-poigne\u0301es-torsade\u0301es-300x225.jpg 300w, https:\/\/www.monsacpublicitaire.com\/blog\/wp-content\/uploads\/2020\/03\/zoom-de-laspect-du-papier-echantillon-poigne\u0301es-torsade\u0301es-768x576.jpg 768w, https:\/\/www.monsacpublicitaire.com\/blog\/wp-content\/uploads\/2020\/03\/zoom-de-laspect-du-papier-echantillon-poigne\u0301es-torsade\u0301es-250x188.jpg 250w, https:\/\/www.monsacpublicitaire.com\/blog\/wp-content\/uploads\/2020\/03\/zoom-de-laspect-du-papier-echantillon-poigne\u0301es-torsade\u0301es-400x300.jpg 400w\" sizes=\"(max-width: 1024px) 100vw, 1024px\" \/><\/figure><\/li><\/ul>\n\n\n\n<h2 class=\"wp-block-heading\">&nbsp;&nbsp;&nbsp;&nbsp;&nbsp;&nbsp;&nbsp;&nbsp;&nbsp;&nbsp;&nbsp; <\/h2>\n\n\n\n<p align=\"justify\">La couleur du papier peut varier car elle d\u00e9pend notamment de la \u00abr\u00e9colte\u00bb, du sol, de la pluie, de l\u2019ensoleillement comme on peut le voir sur la photo ci-dessous repr\u00e9sentant deux sacs en papier \u00e0 base d\u2019herbe.<\/p>\n\n\n\n<figure class=\"wp-block-image\"><img decoding=\"async\" loading=\"lazy\" width=\"1024\" height=\"768\" src=\"https:\/\/www.monsacpublicitaire.com\/blog\/wp-content\/uploads\/2020\/03\/IMG_7293-1024x768.jpg\" alt=\"\" class=\"wp-image-1563\" srcset=\"https:\/\/www.monsacpublicitaire.com\/blog\/wp-content\/uploads\/2020\/03\/IMG_7293-1024x768.jpg 1024w, https:\/\/www.monsacpublicitaire.com\/blog\/wp-content\/uploads\/2020\/03\/IMG_7293-300x225.jpg 300w, https:\/\/www.monsacpublicitaire.com\/blog\/wp-content\/uploads\/2020\/03\/IMG_7293-768x576.jpg 768w, https:\/\/www.monsacpublicitaire.com\/blog\/wp-content\/uploads\/2020\/03\/IMG_7293-250x188.jpg 250w, https:\/\/www.monsacpublicitaire.com\/blog\/wp-content\/uploads\/2020\/03\/IMG_7293-400x300.jpg 400w\" sizes=\"(max-width: 1024px) 100vw, 1024px\" \/><\/figure>\n\n\n\n<p align=\"justify\">Comme tous nos sacs, ce nouveau sac en papier \u00e0 base d\u2019herbe est totalement personnalisable selon vos souhaits avec une impression en flexographie de qualit\u00e9. Bien entendu, vous pourrez apposer des logos pro environnement accrocheurs.<\/p>\n\n\n\n<figure class=\"wp-block-image\"><img decoding=\"async\" loading=\"lazy\" width=\"497\" height=\"272\" src=\"https:\/\/www.monsacpublicitaire.com\/blog\/wp-content\/uploads\/2020\/03\/Sans-titre.png\" alt=\"\" class=\"wp-image-1566\" srcset=\"https:\/\/www.monsacpublicitaire.com\/blog\/wp-content\/uploads\/2020\/03\/Sans-titre.png 497w, https:\/\/www.monsacpublicitaire.com\/blog\/wp-content\/uploads\/2020\/03\/Sans-titre-300x164.png 300w, https:\/\/www.monsacpublicitaire.com\/blog\/wp-content\/uploads\/2020\/03\/Sans-titre-250x137.png 250w\" sizes=\"(max-width: 497px) 100vw, 497px\" \/><\/figure>\n\n\n\n<p align=\"justify\">Ces nouveaux sacs sont propos\u00e9s\navec des poign\u00e9es plates. Nous pouvons \u00e9galement vous proposer en guise de poign\u00e9es des ficelles en papier \u00e0 base d\u2019herbe.<\/p>\n\n\n\n<p align=\"justify\">Ces sacs en papier \u00e0 base d\u2019herbe \u00e0 poign\u00e9es plates sont actuellement disponibles \u00e0 partir de<strong> 10 000 \nexemplaires<\/strong> dans les formats suivants:<\/p>\n\n\n\n<ul><li>22 cm + 10,5 cm x 28 cm en 95 g\/m2<\/li><li>22 cm + 10,5 cm x 36 cm en 95 g\/m2<\/li><li>32 cm + 17 cm x 38 cm en 120 g\/m2<\/li><li>32 cm + 17 cm x 41 cm en 120 g\/m2<\/li><\/ul>\n\n\n\n<p align=\"justify\">D\u2019autres formats sont disponibles sur demande pour des quantit\u00e9s plus importantes.<\/p>\n\n\n\n<p align=\"justify\">Avec ce nouveau type de sac, vous v\u00e9hiculerez une image de nature et de caract\u00e8re durable, mais il sera \u00e9galement le vecteur d\u2019une production respectueuse de l\u2019environnement. <\/p>\n\n\n\n<h2 class=\"wp-block-heading\">&nbsp;<\/h2>\n","protected":false},"excerpt":{"rendered":"<p>La question de la durabilit\u00e9 nous tient \u00e0 c\u0153ur dans le cadre du d\u00e9veloppement de nos produits. Nous sommes donc &hellip;<\/p>\n<p class=\"read-more\"> <a class=\"ast-button\" href=\"https:\/\/www.monsacpublicitaire.com\/blog\/nouveaute-2020-le-sac-en-papier-realise-a-base-dherbe-certifie-fsc\/\"> <span class=\"screen-reader-text\">Nouveaut\u00e9 2020 : le sac en papier r\u00e9alis\u00e9 \u00e0 base d\u2019herbe certifi\u00e9 FSC<\/span> Lire la suite \u00bb<\/a><\/p>\n","protected":false},"author":2,"featured_media":0,"comment_status":"open","ping_status":"open","sticky":false,"template":"","format":"standard","meta":{"site-sidebar-layout":"default","site-content-layout":"default","ast-global-header-display":"","ast-banner-title-visibility":"","ast-main-header-display":"","ast-hfb-above-header-display":"","ast-hfb-below-header-display":"","ast-hfb-mobile-header-display":"","site-post-title":"","ast-breadcrumbs-content":"","ast-featured-img":"","footer-sml-layout":"","theme-transparent-header-meta":"","adv-header-id-meta":"","stick-header-meta":"","header-above-stick-meta":"","header-main-stick-meta":"","header-below-stick-meta":""},"categories":[1,6],"tags":[],"_links":{"self":[{"href":"https:\/\/www.monsacpublicitaire.com\/blog\/wp-json\/wp\/v2\/posts\/1560"}],"collection":[{"href":"https:\/\/www.monsacpublicitaire.com\/blog\/wp-json\/wp\/v2\/posts"}],"about":[{"href":"https:\/\/www.monsacpublicitaire.com\/blog\/wp-json\/wp\/v2\/types\/post"}],"author":[{"embeddable":true,"href":"https:\/\/www.monsacpublicitaire.com\/blog\/wp-json\/wp\/v2\/users\/2"}],"replies":[{"embeddable":true,"href":"https:\/\/www.monsacpublicitaire.com\/blog\/wp-json\/wp\/v2\/comments?post=1560"}],"version-history":[{"count":3,"href":"https:\/\/www.monsacpublicitaire.com\/blog\/wp-json\/wp\/v2\/posts\/1560\/revisions"}],"predecessor-version":[{"id":1567,"href":"https:\/\/www.monsacpublicitaire.com\/blog\/wp-json\/wp\/v2\/posts\/1560\/revisions\/1567"}],"wp:attachment":[{"href":"https:\/\/www.monsacpublicitaire.com\/blog\/wp-json\/wp\/v2\/media?parent=1560"}],"wp:term":[{"taxonomy":"category","embeddable":true,"href":"https:\/\/www.monsacpublicitaire.com\/blog\/wp-json\/wp\/v2\/categories?post=1560"},{"taxonomy":"post_tag","embeddable":true,"href":"https:\/\/www.monsacpublicitaire.com\/blog\/wp-json\/wp\/v2\/tags?post=1560"}],"curies":[{"name":"wp","href":"https:\/\/api.w.org\/{rel}","templated":true}]}}