{"id":1571,"date":"2020-04-28T19:05:48","date_gmt":"2020-04-28T17:05:48","guid":{"rendered":"https:\/\/www.monsacpublicitaire.com\/blog\/?p=1571"},"modified":"2020-05-25T18:32:18","modified_gmt":"2020-05-25T16:32:18","slug":"sacs-de-precollecte-les-communautes-de-commune-nous-font-confiance","status":"publish","type":"post","link":"https:\/\/www.monsacpublicitaire.com\/blog\/sacs-de-precollecte-les-communautes-de-commune-nous-font-confiance\/","title":{"rendered":"SACS DE PRECOLLECTE : LES COMMUNAUTES DE COMMUNE NOUS FONT CONFIANCE !"},"content":{"rendered":"\n<p align=\"justify\">Les communaut\u00e9s de commune, les communaut\u00e9s d\u2019agglom\u00e9ration et les syndicats intercommunaux nous sollicitent r\u00e9guli\u00e8rement pour la fabrication de <strong>sacs de pr\u00e9collecte<\/strong>. Il s\u2019agit de sacs cabas personnalis\u00e9s avec les consignes de tri des emballages et de tri des d\u00e9chets propres \u00e0 chaque collectivit\u00e9. Ces sacs cabas sont distribu\u00e9s gratuitement aux citoyens des communes concern\u00e9es pour les aider dans leur d\u00e9marche de recyclage.<\/p>\n\n\n\n<p align=\"justify\">Pour r\u00e9pondre \u00e0 ces besoins, nous\nproposons trois types de sacs cabas r\u00e9utilisables de tri s\u00e9lectif.<\/p>\n\n\n\n<p align=\"justify\">Le premier type de sac cabas est\ncelui en <strong>polypropyl\u00e8ne tiss\u00e9 <\/strong>pellicul\u00e9 mat ou brillant, pouvant contenir <strong>jusqu\u2019\u00e0\n50% de mati\u00e8re recycl\u00e9<\/strong>. Ce type de sac sur lequel on peut voir de petits carreaux tress\u00e9s est tr\u00e8s souvent utilis\u00e9 aux caisses d\u2019hypermarch\u00e9s.\nIl s\u2019agit d\u2019un mod\u00e8le cousu qui peut \u00eatre <strong>fabriqu\u00e9 en Europe ou en Asie<\/strong>, accessible\n\u00e0 partir de 1&nbsp;000 exemplaires et livrable dans un d\u00e9lai minimum de 3 \u00e0 4\nsemaines lorsque la demande est urgente (tous les formats sont possibles). <\/p>\n\n\n\n<div class=\"wp-block-image\"><figure class=\"aligncenter is-resized\"><img decoding=\"async\" loading=\"lazy\" src=\"https:\/\/www.monsacpublicitaire.com\/blog\/wp-content\/uploads\/2020\/03\/image-2-981x1024.png\" alt=\"Sac de pr\u00e9collecte\" class=\"wp-image-1573\" width=\"339\" height=\"354\" srcset=\"https:\/\/www.monsacpublicitaire.com\/blog\/wp-content\/uploads\/2020\/03\/image-2-981x1024.png 981w, https:\/\/www.monsacpublicitaire.com\/blog\/wp-content\/uploads\/2020\/03\/image-2-287x300.png 287w, https:\/\/www.monsacpublicitaire.com\/blog\/wp-content\/uploads\/2020\/03\/image-2-768x802.png 768w, https:\/\/www.monsacpublicitaire.com\/blog\/wp-content\/uploads\/2020\/03\/image-2-250x261.png 250w, https:\/\/www.monsacpublicitaire.com\/blog\/wp-content\/uploads\/2020\/03\/image-2.png 1200w\" sizes=\"(max-width: 339px) 100vw, 339px\" \/><figcaption>Sac pr\u00e9collecte en polypropyl\u00e8ne tiss\u00e9<\/figcaption><\/figure><\/div>\n\n\n\n<p align=\"justify\"> Le second type de sac cabas est celui en <strong>PET recycl\u00e9 <strong> pellicul\u00e9 mat ou brillant, <strong>fabriqu\u00e9 \u00e0 partir de bouteilles plastiques recycl\u00e9es<\/strong>. Ce type de sac cabas est un peu moins r\u00e9pandu car plus cher que les sacs cabas en polypropyl\u00e8ne tiss\u00e9. On le trouve en g\u00e9n\u00e9ral dans certaines chaines de magasins de bricolage comme CASTORAMA par exemple mais il est \u00e9galement utilis\u00e9 dans le cadre de salons professionnels. Ce type de sac de fabrication cousue est <strong>exclusivement fabriqu\u00e9 en Asie<\/strong>, accessible \u00e0 partir de 1\u00a0000 exemplaires et livrable dans un d\u00e9lai minimum de 3 \u00e0 4 semaines lorsque la demande est urgente (tous les formats sont possibles). <\/p>\n\n\n\n<div class=\"wp-block-image\"><figure class=\"aligncenter is-resized\"><img decoding=\"async\" loading=\"lazy\" src=\"https:\/\/www.monsacpublicitaire.com\/blog\/wp-content\/uploads\/2020\/04\/Sac-cabas-PET-recycle\u0301-768x1024.png\" alt=\"Sac pr\u00e9collecte en PET recycl\u00e9\" class=\"wp-image-1578\" width=\"394\" height=\"525\" srcset=\"https:\/\/www.monsacpublicitaire.com\/blog\/wp-content\/uploads\/2020\/04\/Sac-cabas-PET-recycle\u0301-768x1024.png 768w, https:\/\/www.monsacpublicitaire.com\/blog\/wp-content\/uploads\/2020\/04\/Sac-cabas-PET-recycle\u0301-225x300.png 225w, https:\/\/www.monsacpublicitaire.com\/blog\/wp-content\/uploads\/2020\/04\/Sac-cabas-PET-recycle\u0301-250x333.png 250w\" sizes=\"(max-width: 394px) 100vw, 394px\" \/><figcaption>Sac cabas PET recycl\u00e9<\/figcaption><\/figure><\/div>\n\n\n\n<p align=\"justify\"> Enfin, le dernier type de sac\ncabas propos\u00e9 pour les sacs cabas de pr\u00e9collecte est le <strong>sac cabas thermosoud\u00e9\nen non tiss\u00e9 pellicul\u00e9<\/strong> mat ou brillant <strong>pouvant contenir jusqu\u2019\u00e0 70% de mati\u00e8re\nrecycl\u00e9e <\/strong>(\u00e0 partir de 3&nbsp;000 exemplaires). Il s\u2019agit d\u2019un mod\u00e8le\nthermosoud\u00e9 fabriqu\u00e9 en Europe accessible \u00e0 partir de 1&nbsp;000 exemplaires et\nlivrable dans un d\u00e9lai minimum de 30 jours. Point important, malgr\u00e9 la\nfabrication thermosoud\u00e9e, ce type de sac supporte au moins jusqu\u2019\u00e0 15 kilos\nsans probl\u00e8me (formats standard uniquement).<\/p>\n\n\n\n<div class=\"wp-block-image\"><figure class=\"aligncenter is-resized\"><img decoding=\"async\" loading=\"lazy\" src=\"https:\/\/www.monsacpublicitaire.com\/blog\/wp-content\/uploads\/2020\/04\/Sac-pre\u0301collecte-thermosoude\u0301-768x1024.png\" alt=\"Sac pr\u00e9collecte thermosoud\u00e9 recycl\u00e9\" class=\"wp-image-1581\" width=\"396\" height=\"528\" srcset=\"https:\/\/www.monsacpublicitaire.com\/blog\/wp-content\/uploads\/2020\/04\/Sac-pre\u0301collecte-thermosoude\u0301-768x1024.png 768w, https:\/\/www.monsacpublicitaire.com\/blog\/wp-content\/uploads\/2020\/04\/Sac-pre\u0301collecte-thermosoude\u0301-225x300.png 225w, https:\/\/www.monsacpublicitaire.com\/blog\/wp-content\/uploads\/2020\/04\/Sac-pre\u0301collecte-thermosoude\u0301-250x333.png 250w\" sizes=\"(max-width: 396px) 100vw, 396px\" \/><figcaption>Sac pr\u00e9collecte thermosoud\u00e9 recycl\u00e9 RECTO<\/figcaption><\/figure><\/div>\n\n\n\n<div class=\"wp-block-image\"><figure class=\"aligncenter is-resized\"><img decoding=\"async\" loading=\"lazy\" src=\"https:\/\/www.monsacpublicitaire.com\/blog\/wp-content\/uploads\/2020\/04\/Sac-pre\u0301collecte-thermosoude\u0301-2-768x1024.png\" alt=\"Sac pr\u00e9collecte thermosoud\u00e9 recycl\u00e9\" class=\"wp-image-1582\" width=\"469\" height=\"625\" srcset=\"https:\/\/www.monsacpublicitaire.com\/blog\/wp-content\/uploads\/2020\/04\/Sac-pre\u0301collecte-thermosoude\u0301-2-768x1024.png 768w, https:\/\/www.monsacpublicitaire.com\/blog\/wp-content\/uploads\/2020\/04\/Sac-pre\u0301collecte-thermosoude\u0301-2-225x300.png 225w, https:\/\/www.monsacpublicitaire.com\/blog\/wp-content\/uploads\/2020\/04\/Sac-pre\u0301collecte-thermosoude\u0301-2-250x333.png 250w\" sizes=\"(max-width: 469px) 100vw, 469px\" \/><figcaption>Sac pr\u00e9collecte thermosoud\u00e9 recycl\u00e9 VERSO<\/figcaption><\/figure><\/div>\n\n\n\n<p align=\"justify\">Ces 3 mod\u00e8les de sacs de\nrecyclage peuvent \u00eatre imprim\u00e9s en quadrichromie sur toute la surface du sac.\nAinsi vous pourrez y faire figurer clairement toutes les consignes de tri \u00e0\ndestination des usagers.<\/p>\n\n\n\n<p align=\"justify\">Le format pr\u00e9conis\u00e9 pour les sacs\nde pr\u00e9collecte est le format 45+20&#215;40 cm, format suffisamment grand pour\nstocker les d\u00e9chets pendant quelques jours et les transporter jusqu\u2019au point de\ncollecte mais d\u2019autres formats sont \u00e9galement possibles sur demande.<\/p>\n\n\n\n<p align=\"justify\">En fonction de la quantit\u00e9 souhait\u00e9e,\ndu d\u00e9lai demand\u00e9 et de vos objectifs environnementaux, nous pourrons vous\nconseiller le mod\u00e8le le plus \u00e9conomique, le plus rapide ou celui avec l\u2019empreinte\nla plus restreinte sur l\u2019environnement.<\/p>\n\n\n\n<p align=\"justify\"> Pour plus d\u2019informations sur nos\nsacs cabas de pr\u00e9collecte, contactez-nous par email \u00e0 <a href=\"mailto:contact@monsacpublicitaire.com\">contact@monsacpublicitaire.com<\/a>\nou&nbsp; par t\u00e9l\u00e9phone au 01.42.37.32.61.<\/p>\n","protected":false},"excerpt":{"rendered":"<p>Les communaut\u00e9s de commune, les communaut\u00e9s d\u2019agglom\u00e9ration et les syndicats intercommunaux nous sollicitent r\u00e9guli\u00e8rement pour la fabrication de sacs de &hellip;<\/p>\n<p class=\"read-more\"> <a class=\"ast-button\" href=\"https:\/\/www.monsacpublicitaire.com\/blog\/sacs-de-precollecte-les-communautes-de-commune-nous-font-confiance\/\"> <span class=\"screen-reader-text\">SACS DE PRECOLLECTE : LES COMMUNAUTES DE COMMUNE NOUS FONT CONFIANCE !<\/span> Lire la suite \u00bb<\/a><\/p>\n","protected":false},"author":2,"featured_media":1577,"comment_status":"open","ping_status":"open","sticky":false,"template":"","format":"standard","meta":{"site-sidebar-layout":"default","site-content-layout":"default","ast-global-header-display":"","ast-banner-title-visibility":"","ast-main-header-display":"","ast-hfb-above-header-display":"","ast-hfb-below-header-display":"","ast-hfb-mobile-header-display":"","site-post-title":"","ast-breadcrumbs-content":"","ast-featured-img":"","footer-sml-layout":"","theme-transparent-header-meta":"","adv-header-id-meta":"","stick-header-meta":"","header-above-stick-meta":"","header-main-stick-meta":"","header-below-stick-meta":""},"categories":[1,11,8],"tags":[],"_links":{"self":[{"href":"https:\/\/www.monsacpublicitaire.com\/blog\/wp-json\/wp\/v2\/posts\/1571"}],"collection":[{"href":"https:\/\/www.monsacpublicitaire.com\/blog\/wp-json\/wp\/v2\/posts"}],"about":[{"href":"https:\/\/www.monsacpublicitaire.com\/blog\/wp-json\/wp\/v2\/types\/post"}],"author":[{"embeddable":true,"href":"https:\/\/www.monsacpublicitaire.com\/blog\/wp-json\/wp\/v2\/users\/2"}],"replies":[{"embeddable":true,"href":"https:\/\/www.monsacpublicitaire.com\/blog\/wp-json\/wp\/v2\/comments?post=1571"}],"version-history":[{"count":5,"href":"https:\/\/www.monsacpublicitaire.com\/blog\/wp-json\/wp\/v2\/posts\/1571\/revisions"}],"predecessor-version":[{"id":1583,"href":"https:\/\/www.monsacpublicitaire.com\/blog\/wp-json\/wp\/v2\/posts\/1571\/revisions\/1583"}],"wp:featuredmedia":[{"embeddable":true,"href":"https:\/\/www.monsacpublicitaire.com\/blog\/wp-json\/wp\/v2\/media\/1577"}],"wp:attachment":[{"href":"https:\/\/www.monsacpublicitaire.com\/blog\/wp-json\/wp\/v2\/media?parent=1571"}],"wp:term":[{"taxonomy":"category","embeddable":true,"href":"https:\/\/www.monsacpublicitaire.com\/blog\/wp-json\/wp\/v2\/categories?post=1571"},{"taxonomy":"post_tag","embeddable":true,"href":"https:\/\/www.monsacpublicitaire.com\/blog\/wp-json\/wp\/v2\/tags?post=1571"}],"curies":[{"name":"wp","href":"https:\/\/api.w.org\/{rel}","templated":true}]}}