{"id":1585,"date":"2020-04-06T10:04:14","date_gmt":"2020-04-06T08:04:14","guid":{"rendered":"https:\/\/www.monsacpublicitaire.com\/blog\/?p=1585"},"modified":"2020-04-19T17:05:04","modified_gmt":"2020-04-19T15:05:04","slug":"tous-masques","status":"publish","type":"post","link":"https:\/\/www.monsacpublicitaire.com\/blog\/tous-masques\/","title":{"rendered":"Tous masqu\u00e9s!"},"content":{"rendered":"\n<div class=\"wp-block-image\"><figure class=\"aligncenter\"><img decoding=\"async\" loading=\"lazy\" width=\"419\" height=\"369\" src=\"https:\/\/www.monsacpublicitaire.com\/blog\/wp-content\/uploads\/2020\/04\/masque-bleu-de-face.jpg\" alt=\"\" class=\"wp-image-1592\" srcset=\"https:\/\/www.monsacpublicitaire.com\/blog\/wp-content\/uploads\/2020\/04\/masque-bleu-de-face.jpg 419w, https:\/\/www.monsacpublicitaire.com\/blog\/wp-content\/uploads\/2020\/04\/masque-bleu-de-face-300x264.jpg 300w, https:\/\/www.monsacpublicitaire.com\/blog\/wp-content\/uploads\/2020\/04\/masque-bleu-de-face-250x220.jpg 250w, https:\/\/www.monsacpublicitaire.com\/blog\/wp-content\/uploads\/2020\/04\/masque-bleu-de-face-341x300.jpg 341w\" sizes=\"(max-width: 419px) 100vw, 419px\" \/><\/figure><\/div>\n\n\n\n<p align=\"justify\"> Fin f\u00e9vrier c\u2019est le d\u00e9but des annulations des salons en Europe (salon international de l&rsquo;automobile de Gen\u00e8ve) puis en France. Le 17 Mars 2020, le confinement est g\u00e9n\u00e9ralis\u00e9 en France. Nos clients sont alors oblig\u00e9s de fermer leurs magasins, d&rsquo;arr\u00eater d\u2019organiser des \u00e9v\u00e9nements&#8230;Notre activit\u00e9 de sacs personnalis\u00e9s s\u2019en trouve, vous vous en doutez, lourdement impact\u00e9e comme pour la plupart des entreprises fran\u00e7aises.\nNous sommes confin\u00e9s, nous en profitons pour mettre \u00e0 jour notre site, travailler sur notre identit\u00e9 graphique &#8230;.mais cela ne peut pas durer ainsi \u00e9ternellement.\nL&rsquo;inactivit\u00e9, ne fait pas partie de notre ADN! Comme vous le savez, chez MON SAC PUBLICITAIRE, on ne l\u00e2che jamais devant la difficult\u00e9, on cherche toujours une solution. On s&rsquo;est dit \u00ab\u00a0il faut rebondir\u00a0\u00bb, trouver quelque chose de nouveaux avant que notre activit\u00e9 de sacs personnalis\u00e9s ne reprenne car forc\u00e9ment l&rsquo;activit\u00e9 \u00e9conomique de notre pays va repartir, c&rsquo;est une pause, longue, difficile &#8230;<\/p>\n\n\n\n<p align=\"justify\"> \nFin mars-d\u00e9but avril, nous commen\u00e7ons \u00e0 entendre parler dans les m\u00e9dias des masques r\u00e9utilisables non destin\u00e9s aux personnels de sant\u00e9 que la population fran\u00e7aise est invit\u00e9e \u00e0 confectionner pour son propre usage. La plupart des scientifiques ainsi que le gouvernement commencent \u00e0 pr\u00e9coniser un port de masque de protection g\u00e9n\u00e9ralis\u00e9 \u00e0 l&rsquo;ensemble de la population. Nous prenons alors conscience que toute la population fran\u00e7aise va devoir \u00eatre \u00e9quip\u00e9e. Or tout le monde n&rsquo;est pas couturier pour s&rsquo;en fabriquer et l&rsquo;Etat ne pourra certainement pas en procurer rapidement \u00e0 tous les fran\u00e7ais compte tenu des difficult\u00e9s d&rsquo;approvisionnement en masques de protection jetables type FFP1 et FFP2 r\u00e9serv\u00e9s au personnel soignant. Nous recevons beaucoup d&rsquo;offres de masques jetables d&rsquo;Asie, mais nous ne sommes pas convaincu par les usines qui les commercialisent et par les normes sanitaires de certaines usines qui emballent ces masques dans des conditions d&rsquo;hygi\u00e8ne qui nous paraissent vraiment tr\u00e8s probl\u00e9matiques. Nous ne nous voyons pas contaminer le personnel soignant en essayant de les prot\u00e9ger. Nous \u00e9cartons donc purement et simplement ce type de produit.\/p>\n\n\n\n<p align=\"justify\"> Nous commen\u00e7ons \u00e0 demander \u00e0 nos usines partenaires historiques si elles seraient en mesure de fabriquer des masques r\u00e9utilisables et nous recevons plusieurs offres de masques que nous passons en revue. Epaisseur du tissu, nombre de lavages possibles, type de mat\u00e9riau, temprature de lavage, personnalisation, prix,&#8230; tout y passe.\nAu final, un premier produit id\u00e9al semble sortir du lot et nous convainc particuli\u00e8rement mais allons-nous prendre le risque de nous lancer et d&rsquo;investir sur un nouveau produit dans une p\u00e9riode de crise \u00e9conomique?\n\n\n\n<p align=\"justify\"> Ca y est! Nous sommes le 6 avril, en plein confinement comme toute la population fran\u00e7aise et comme pr\u00e8s de 4 milliards de personnes dans le monde, et nous d\u00e9cidons d&rsquo;agir nous aussi en tant qu&rsquo;entreprise pour apporter notre modeste pierre \u00e0 l&rsquo;\u00e9difice, comme plusieurs autres soci\u00e9t\u00e9s fran\u00e7aises.<\/p>\n\n\n\n<p align=\"justify\">Aussi, nous d\u00e9cidons de commercialiser des masques de protection. Mais attention, pas n&rsquo;importe quel type de masque, des masques r\u00e9utilisables et lavables. En effet, depuis notre cr\u00e9ation en 2012, nous avons toujours agi pour d\u00e9fendre les solutions les plus respectueuses de l&rsquo;environnement et les plus \u00e9cologiques en mettant en avant tout particuli\u00e8rement les sacs cabas r\u00e9utilisables qui permettent de r\u00e9duire consid\u00e9rablement la quantit\u00e9 de d\u00e9chets par rapport aux sacs \u00e0 usage unique qu&rsquo;ils soient en papier ou en plastique. <\/p>\n\n\n\n<p align=\"justify\">Face \u00e0 l&rsquo;oc\u00e9an de d\u00e9chets g\u00e9n\u00e9r\u00e9s par les millions de masques jetables consomm\u00e9s quotidiennement, nous pensons qu&rsquo;il s&rsquo;agit de la solution la plus responsable d&rsquo;un point de vue \u00e9cologique. Mais c&rsquo;est \u00e9galement la meilleure solution d&rsquo;un point de vue \u00e9conomique car les masques de protection que nous commercialisons sont r\u00e9utilisables de nombreuses fois apr\u00e8s lavage, contrairement aux masques FFP1 et FFP2 qui sont \u00e0 usage unique, m\u00eame si ils ne sont pas destin\u00e9s au m\u00eame usage.\nNous avons pris la d\u00e9cision de ne travailler qu&rsquo;avec nos partenaires historiques fran\u00e7ais et internationaux de sacs personnalis\u00e9s qui ont r\u00e9orient\u00e9 leur outil de production car nous avons confiance en eux et par la m\u00eame occasion cela permet de nous soutenir mutuellement pendant la crise. <\/p>\n\n\n\n<p align=\"justify\">Et pour pouvoir \u00eatre utile au plus grand nombre, nous avons choisi de proposer ces masques \u00e0 partir de 5 exemplaires seulement et \u00e0 tous (particuliers et professionnels).<\/p>\n\n\n\n<p align=\"justify\">Vous pouvez consulter cette nouveaut\u00e9 dans notre prochain article en cliquant <a href=\"https:\/\/www.monsacpublicitaire.com\/blog\/nos-masques-reutilisables-en-coton-a-3-plis-style-chirurgical-avec-liens-elastiques\/\">ici<\/a>.<\/p>\n\n\n\n<p><\/p>\n","protected":false},"excerpt":{"rendered":"<p>Fin f\u00e9vrier c\u2019est le d\u00e9but des annulations des salons en Europe (salon international de l&rsquo;automobile de Gen\u00e8ve) puis en France. &hellip;<\/p>\n<p class=\"read-more\"> <a class=\"ast-button\" href=\"https:\/\/www.monsacpublicitaire.com\/blog\/tous-masques\/\"> <span class=\"screen-reader-text\">Tous masqu\u00e9s!<\/span> Lire la suite \u00bb<\/a><\/p>\n","protected":false},"author":2,"featured_media":1592,"comment_status":"open","ping_status":"open","sticky":false,"template":"","format":"standard","meta":{"site-sidebar-layout":"default","site-content-layout":"default","ast-global-header-display":"","ast-banner-title-visibility":"","ast-main-header-display":"","ast-hfb-above-header-display":"","ast-hfb-below-header-display":"","ast-hfb-mobile-header-display":"","site-post-title":"","ast-breadcrumbs-content":"","ast-featured-img":"","footer-sml-layout":"","theme-transparent-header-meta":"","adv-header-id-meta":"","stick-header-meta":"","header-above-stick-meta":"","header-main-stick-meta":"","header-below-stick-meta":""},"categories":[1,58],"tags":[],"_links":{"self":[{"href":"https:\/\/www.monsacpublicitaire.com\/blog\/wp-json\/wp\/v2\/posts\/1585"}],"collection":[{"href":"https:\/\/www.monsacpublicitaire.com\/blog\/wp-json\/wp\/v2\/posts"}],"about":[{"href":"https:\/\/www.monsacpublicitaire.com\/blog\/wp-json\/wp\/v2\/types\/post"}],"author":[{"embeddable":true,"href":"https:\/\/www.monsacpublicitaire.com\/blog\/wp-json\/wp\/v2\/users\/2"}],"replies":[{"embeddable":true,"href":"https:\/\/www.monsacpublicitaire.com\/blog\/wp-json\/wp\/v2\/comments?post=1585"}],"version-history":[{"count":13,"href":"https:\/\/www.monsacpublicitaire.com\/blog\/wp-json\/wp\/v2\/posts\/1585\/revisions"}],"predecessor-version":[{"id":1620,"href":"https:\/\/www.monsacpublicitaire.com\/blog\/wp-json\/wp\/v2\/posts\/1585\/revisions\/1620"}],"wp:featuredmedia":[{"embeddable":true,"href":"https:\/\/www.monsacpublicitaire.com\/blog\/wp-json\/wp\/v2\/media\/1592"}],"wp:attachment":[{"href":"https:\/\/www.monsacpublicitaire.com\/blog\/wp-json\/wp\/v2\/media?parent=1585"}],"wp:term":[{"taxonomy":"category","embeddable":true,"href":"https:\/\/www.monsacpublicitaire.com\/blog\/wp-json\/wp\/v2\/categories?post=1585"},{"taxonomy":"post_tag","embeddable":true,"href":"https:\/\/www.monsacpublicitaire.com\/blog\/wp-json\/wp\/v2\/tags?post=1585"}],"curies":[{"name":"wp","href":"https:\/\/api.w.org\/{rel}","templated":true}]}}