{"id":1622,"date":"2020-05-02T15:36:39","date_gmt":"2020-05-02T13:36:39","guid":{"rendered":"https:\/\/www.monsacpublicitaire.com\/blog\/?p=1622"},"modified":"2020-05-02T15:37:23","modified_gmt":"2020-05-02T13:37:23","slug":"les-communes-nous-font-confiance-pour-leurs-masques","status":"publish","type":"post","link":"https:\/\/www.monsacpublicitaire.com\/blog\/les-communes-nous-font-confiance-pour-leurs-masques\/","title":{"rendered":"Les communes nous font confiance pour leurs masques!"},"content":{"rendered":"\n<figure class=\"wp-block-image\"><img decoding=\"async\" loading=\"lazy\" width=\"1024\" height=\"577\" src=\"https:\/\/www.monsacpublicitaire.com\/blog\/wp-content\/uploads\/2020\/05\/image-1024x577.png\" alt=\"\" class=\"wp-image-1626\" srcset=\"https:\/\/www.monsacpublicitaire.com\/blog\/wp-content\/uploads\/2020\/05\/image-1024x577.png 1024w, https:\/\/www.monsacpublicitaire.com\/blog\/wp-content\/uploads\/2020\/05\/image-300x169.png 300w, https:\/\/www.monsacpublicitaire.com\/blog\/wp-content\/uploads\/2020\/05\/image-768x433.png 768w, https:\/\/www.monsacpublicitaire.com\/blog\/wp-content\/uploads\/2020\/05\/image-250x141.png 250w, https:\/\/www.monsacpublicitaire.com\/blog\/wp-content\/uploads\/2020\/05\/image-500x282.png 500w, https:\/\/www.monsacpublicitaire.com\/blog\/wp-content\/uploads\/2020\/05\/image.png 1864w\" sizes=\"(max-width: 1024px) 100vw, 1024px\" \/><\/figure>\n\n\n\n<p>Depuis notre dernier article, nous n&rsquo;avons pas ch\u00f4m\u00e9 pour fournir de nombreux acteurs en masques r\u00e9utilisables.<\/p>\n\n\n\n<p>Aussi, nous avons le plaisir de vous informer que plusieurs communes et communaut\u00e9s de communes nous ont fait confiance pour les fournir en masques r\u00e9utilisables en coton fabriqu\u00e9s en Europe et en polyester + polyamide fabriqu\u00e9s en France avant le d\u00e9confinement du 11\/05.<\/p>\n\n\n\n<p>D&rsquo;ailleurs, les communes voisines de Sceaux et de Massy ont d\u00e9j\u00e0 fait appel \u00e0 nos service. <\/p>\n\n\n\n<p>Sceaux a d\u00e9j\u00e0 commenc\u00e9 la distribution: <a href=\"http:\/\/www.leparisien.fr\/video\/video-a-sceaux-le-maire-distribue-des-masques-dans-les-boites-aux-lettres-29-04-2020-8308287.php\">http:\/\/www.leparisien.fr\/video\/video-a-sceaux-le-maire-distribue-des-masques-dans-les-boites-aux-lettres-29-04-2020-8308287.php<\/a><\/p>\n\n\n\n<p>et Massy va les recevoir cette semaine.<\/p>\n\n\n\n<p>On parle de nos masques dans la presse: <a href=\"http:\/\/www.leparisien.fr\/hauts-de-seine-92\/comment-sceaux-a-evite-l-intermediaire-russe-pour-ses-masques-en-tissu-23-04-2020-8304741.php\">http:\/\/www.leparisien.fr\/hauts-de-seine-92\/comment-sceaux-a-evite-l-intermediaire-russe-pour-ses-masques-en-tissu-23-04-2020-8304741.php<\/a><\/p>\n\n\n\n<p><\/p>\n","protected":false},"excerpt":{"rendered":"<p>Depuis notre dernier article, nous n&rsquo;avons pas ch\u00f4m\u00e9 pour fournir de nombreux acteurs en masques r\u00e9utilisables. Aussi, nous avons le &hellip;<\/p>\n<p class=\"read-more\"> <a class=\"ast-button\" href=\"https:\/\/www.monsacpublicitaire.com\/blog\/les-communes-nous-font-confiance-pour-leurs-masques\/\"> <span class=\"screen-reader-text\">Les communes nous font confiance pour leurs masques!<\/span> Lire la suite \u00bb<\/a><\/p>\n","protected":false},"author":2,"featured_media":1626,"comment_status":"open","ping_status":"open","sticky":false,"template":"","format":"standard","meta":{"site-sidebar-layout":"default","site-content-layout":"default","ast-global-header-display":"","ast-banner-title-visibility":"","ast-main-header-display":"","ast-hfb-above-header-display":"","ast-hfb-below-header-display":"","ast-hfb-mobile-header-display":"","site-post-title":"","ast-breadcrumbs-content":"","ast-featured-img":"","footer-sml-layout":"","theme-transparent-header-meta":"","adv-header-id-meta":"","stick-header-meta":"","header-above-stick-meta":"","header-main-stick-meta":"","header-below-stick-meta":""},"categories":[1,58],"tags":[],"_links":{"self":[{"href":"https:\/\/www.monsacpublicitaire.com\/blog\/wp-json\/wp\/v2\/posts\/1622"}],"collection":[{"href":"https:\/\/www.monsacpublicitaire.com\/blog\/wp-json\/wp\/v2\/posts"}],"about":[{"href":"https:\/\/www.monsacpublicitaire.com\/blog\/wp-json\/wp\/v2\/types\/post"}],"author":[{"embeddable":true,"href":"https:\/\/www.monsacpublicitaire.com\/blog\/wp-json\/wp\/v2\/users\/2"}],"replies":[{"embeddable":true,"href":"https:\/\/www.monsacpublicitaire.com\/blog\/wp-json\/wp\/v2\/comments?post=1622"}],"version-history":[{"count":5,"href":"https:\/\/www.monsacpublicitaire.com\/blog\/wp-json\/wp\/v2\/posts\/1622\/revisions"}],"predecessor-version":[{"id":1628,"href":"https:\/\/www.monsacpublicitaire.com\/blog\/wp-json\/wp\/v2\/posts\/1622\/revisions\/1628"}],"wp:featuredmedia":[{"embeddable":true,"href":"https:\/\/www.monsacpublicitaire.com\/blog\/wp-json\/wp\/v2\/media\/1626"}],"wp:attachment":[{"href":"https:\/\/www.monsacpublicitaire.com\/blog\/wp-json\/wp\/v2\/media?parent=1622"}],"wp:term":[{"taxonomy":"category","embeddable":true,"href":"https:\/\/www.monsacpublicitaire.com\/blog\/wp-json\/wp\/v2\/categories?post=1622"},{"taxonomy":"post_tag","embeddable":true,"href":"https:\/\/www.monsacpublicitaire.com\/blog\/wp-json\/wp\/v2\/tags?post=1622"}],"curies":[{"name":"wp","href":"https:\/\/api.w.org\/{rel}","templated":true}]}}