{"id":1630,"date":"2020-05-11T22:33:08","date_gmt":"2020-05-11T20:33:08","guid":{"rendered":"https:\/\/www.monsacpublicitaire.com\/blog\/?p=1630"},"modified":"2020-05-25T13:32:57","modified_gmt":"2020-05-25T11:32:57","slug":"nos-masques-grand-public-certifies-pour-au-moins-10-lavages-par-la-dga","status":"publish","type":"post","link":"https:\/\/www.monsacpublicitaire.com\/blog\/nos-masques-grand-public-certifies-pour-au-moins-10-lavages-par-la-dga\/","title":{"rendered":"Nos masques grand-public certifi\u00e9s pour au moins 10 lavages par la DGA!"},"content":{"rendered":"\n<div class=\"wp-block-image\"><figure class=\"aligncenter\"><img decoding=\"async\" loading=\"lazy\" width=\"456\" height=\"456\" src=\"https:\/\/www.monsacpublicitaire.com\/blog\/wp-content\/uploads\/2020\/05\/logo-10-lavages-cmjn.jpg\" alt=\"\" class=\"wp-image-1633\" srcset=\"https:\/\/www.monsacpublicitaire.com\/blog\/wp-content\/uploads\/2020\/05\/logo-10-lavages-cmjn.jpg 456w, https:\/\/www.monsacpublicitaire.com\/blog\/wp-content\/uploads\/2020\/05\/logo-10-lavages-cmjn-150x150.jpg 150w, https:\/\/www.monsacpublicitaire.com\/blog\/wp-content\/uploads\/2020\/05\/logo-10-lavages-cmjn-300x300.jpg 300w, https:\/\/www.monsacpublicitaire.com\/blog\/wp-content\/uploads\/2020\/05\/logo-10-lavages-cmjn-250x250.jpg 250w\" sizes=\"(max-width: 456px) 100vw, 456px\" \/><\/figure><\/div>\n\n\n\n<p>Apr\u00e8s de longues semaines d&rsquo;attente, nous avons eu le plaisir d&rsquo;apprendre le 04\/05 que nos masques avaient \u00e9t\u00e9 class\u00e9s en cat\u00e9gorie 1 par la Direction G\u00e9n\u00e9rale de l&rsquo;Armement (DGA) apr\u00e8s 10 lavages. Et ils sont actuellement en cours de test pour 20, 30, 40 et 50 lavages.<\/p>\n\n\n\n<p>Il s&rsquo;agit de la cat\u00e9gorie de masque la plus protectrice pour les masques grand-public, m\u00eame si la cat\u00e9gorie 2 est \u00e9galement tr\u00e8s protectrice.<\/p>\n\n\n\n<p>Pour vous expliquer un peu plus, le gouvernement a cr\u00e9\u00e9 l&rsquo;appellation de masques grand-public afin de mettre un peu d&rsquo;ordre sur le march\u00e9 des masques r\u00e9utilisables et de permettre ainsi de rassurer les utilisateurs sur les performances des diff\u00e9rentes cat\u00e9gories de masques lavables.<\/p>\n\n\n\n<p>Ainsi, deux cat\u00e9gories de masques grand-public ont \u00e9t\u00e9 cr\u00e9\u00e9es:<\/p>\n\n\n\n<ul><li><strong>Les masques individuels \u00e0 usage des professionnels en contact avec le public (cat\u00e9gorie 1)<\/strong><\/li><\/ul>\n\n\n\n<p>L\u2019usage de ces masques est destin\u00e9 aux personnels \naffect\u00e9s \u00e0 des postes ou missions comportant un contact r\u00e9gulier avec le\n public. Ils filtrent au moins 90% des particules \u00e9mises d\u2019une taille \nsup\u00e9rieure ou \u00e9gale \u00e0 3 microns<\/p>\n\n\n\n<ul><li><strong>Les masques \u00e0 vis\u00e9e collective pour prot\u00e9ger l\u2019ensemble d\u2019un groupe portant ces masques (cat\u00e9gorie 2)<\/strong><\/li><\/ul>\n\n\n\n<p>Ces masques filtrent 70% des particules \u00e9mises  d\u2019une taille sup\u00e9rieure ou \u00e9gale \u00e0 3 microns. Ils sont destin\u00e9s aux  personnes dans le milieu professionnel ayant des contacts occasionnels  avec d\u2019autres personnes. Ce masque pourra \u00eatre port\u00e9 par l\u2019ensemble des  individus d\u2019un sous-groupe (entreprise, service\u2026) ou en pr\u00e9sence  d\u2019autres individus porteurs d\u2019un masque d\u2019une autre cat\u00e9gorie, lorsque  le poste ou les conditions de travail le n\u00e9cessitent.<\/p>\n\n\n\n<p>Ainsi, vous pouvez choisir nos masques grand-public les yeux ferm\u00e9s pour vos entreprises sachant que nous proposons nos masques avec ou sans personnalisation. Bien entendu, nous tenons le rapport de test de la DGA \u00e0 votre disposition si vous souhaitez consulter le r\u00e9sultat des tests d\u00e9taill\u00e9s.<\/p>\n\n\n\n<p>Pour rappel, nos masques sont constitu\u00e9s de <strong>2 couches de coton certifi\u00e9s OEKO-TEX<\/strong>, permettant ainsi un contact prolong\u00e9 avec la peau, et sont fabriqu\u00e9s en Europe.<\/p>\n\n\n\n<p>Pour faire une demande de devis, rendez-vous sur la page suivante <a href=\"https:\/\/www.monsacpublicitaire.com\/masque-grand-public-dga\/609-masque-grand-public-coton-3-plis-dga.html\">https:\/\/www.monsacpublicitaire.com\/masque-grand-public-dga\/609-masque-grand-public-coton-3-plis-dga.html<\/a> puis remplissez la quantit\u00e9 souhait\u00e9e, vos coordonn\u00e9es et cliquer sur obtenir un devis.<\/p>\n\n\n\n<p>Dans le prochain article, nous vous parlerons des masques personnalis\u00e9s ou publicitaires que nous pouvons r\u00e9aliser sur la base de ces masques grand-public certifi\u00e9s par la DGA.<\/p>\n","protected":false},"excerpt":{"rendered":"<p>Apr\u00e8s de longues semaines d&rsquo;attente, nous avons eu le plaisir d&rsquo;apprendre le 04\/05 que nos masques avaient \u00e9t\u00e9 class\u00e9s en &hellip;<\/p>\n<p class=\"read-more\"> <a class=\"ast-button\" href=\"https:\/\/www.monsacpublicitaire.com\/blog\/nos-masques-grand-public-certifies-pour-au-moins-10-lavages-par-la-dga\/\"> <span class=\"screen-reader-text\">Nos masques grand-public certifi\u00e9s pour au moins 10 lavages par la DGA!<\/span> Lire la suite \u00bb<\/a><\/p>\n","protected":false},"author":2,"featured_media":1633,"comment_status":"open","ping_status":"open","sticky":false,"template":"","format":"standard","meta":{"site-sidebar-layout":"default","site-content-layout":"default","ast-global-header-display":"","ast-banner-title-visibility":"","ast-main-header-display":"","ast-hfb-above-header-display":"","ast-hfb-below-header-display":"","ast-hfb-mobile-header-display":"","site-post-title":"","ast-breadcrumbs-content":"","ast-featured-img":"","footer-sml-layout":"","theme-transparent-header-meta":"","adv-header-id-meta":"","stick-header-meta":"","header-above-stick-meta":"","header-main-stick-meta":"","header-below-stick-meta":""},"categories":[1,59,58],"tags":[],"_links":{"self":[{"href":"https:\/\/www.monsacpublicitaire.com\/blog\/wp-json\/wp\/v2\/posts\/1630"}],"collection":[{"href":"https:\/\/www.monsacpublicitaire.com\/blog\/wp-json\/wp\/v2\/posts"}],"about":[{"href":"https:\/\/www.monsacpublicitaire.com\/blog\/wp-json\/wp\/v2\/types\/post"}],"author":[{"embeddable":true,"href":"https:\/\/www.monsacpublicitaire.com\/blog\/wp-json\/wp\/v2\/users\/2"}],"replies":[{"embeddable":true,"href":"https:\/\/www.monsacpublicitaire.com\/blog\/wp-json\/wp\/v2\/comments?post=1630"}],"version-history":[{"count":7,"href":"https:\/\/www.monsacpublicitaire.com\/blog\/wp-json\/wp\/v2\/posts\/1630\/revisions"}],"predecessor-version":[{"id":1638,"href":"https:\/\/www.monsacpublicitaire.com\/blog\/wp-json\/wp\/v2\/posts\/1630\/revisions\/1638"}],"wp:featuredmedia":[{"embeddable":true,"href":"https:\/\/www.monsacpublicitaire.com\/blog\/wp-json\/wp\/v2\/media\/1633"}],"wp:attachment":[{"href":"https:\/\/www.monsacpublicitaire.com\/blog\/wp-json\/wp\/v2\/media?parent=1630"}],"wp:term":[{"taxonomy":"category","embeddable":true,"href":"https:\/\/www.monsacpublicitaire.com\/blog\/wp-json\/wp\/v2\/categories?post=1630"},{"taxonomy":"post_tag","embeddable":true,"href":"https:\/\/www.monsacpublicitaire.com\/blog\/wp-json\/wp\/v2\/tags?post=1630"}],"curies":[{"name":"wp","href":"https:\/\/api.w.org\/{rel}","templated":true}]}}