{"id":1639,"date":"2020-05-25T22:20:48","date_gmt":"2020-05-25T20:20:48","guid":{"rendered":"https:\/\/www.monsacpublicitaire.com\/blog\/?p=1639"},"modified":"2020-05-25T22:20:49","modified_gmt":"2020-05-25T20:20:49","slug":"des-masques-grand-public-personnalises-avec-votre-logo","status":"publish","type":"post","link":"https:\/\/www.monsacpublicitaire.com\/blog\/des-masques-grand-public-personnalises-avec-votre-logo\/","title":{"rendered":"Des masques grand-public personnalis\u00e9s avec votre logo."},"content":{"rendered":"\n<figure class=\"wp-block-image\"><img decoding=\"async\" loading=\"lazy\" width=\"922\" height=\"478\" src=\"https:\/\/www.monsacpublicitaire.com\/blog\/wp-content\/uploads\/2020\/05\/image-1.png\" alt=\"\" class=\"wp-image-1640\" srcset=\"https:\/\/www.monsacpublicitaire.com\/blog\/wp-content\/uploads\/2020\/05\/image-1.png 922w, https:\/\/www.monsacpublicitaire.com\/blog\/wp-content\/uploads\/2020\/05\/image-1-300x156.png 300w, https:\/\/www.monsacpublicitaire.com\/blog\/wp-content\/uploads\/2020\/05\/image-1-768x398.png 768w, https:\/\/www.monsacpublicitaire.com\/blog\/wp-content\/uploads\/2020\/05\/image-1-250x130.png 250w, https:\/\/www.monsacpublicitaire.com\/blog\/wp-content\/uploads\/2020\/05\/image-1-500x259.png 500w\" sizes=\"(max-width: 922px) 100vw, 922px\" \/><\/figure>\n\n\n\n<figure class=\"wp-block-image\"><img alt=\"\"\/><\/figure>\n\n\n\n<p>Comme vous le savez, nous fabriquons des masques grand-public en coton certifi\u00e9 OEKO-TEX100 qui ont \u00e9t\u00e9 test\u00e9s positivement en cat\u00e9gorie 1 par la Direction G\u00e9n\u00e9rale de l&rsquo;Armement (DGA) jusqu&rsquo;\u00e0 au moins 10 lavages.<\/p>\n\n\n\n<p>Cela dit, vous avez \u00e9t\u00e9 tr\u00e8s nombreux \u00e0 nous demander \u00e0 pouvoir personnaliser des masques de protection grand-public test\u00e9s avec votre logo ou votre baseline car l&rsquo;offre de masques personnalis\u00e9s actuellement sur le march\u00e9 ne concerne en majorit\u00e9 que des masques fantaisistes ou des masques sans v\u00e9ritable protection fiable (pas de test DGA\/IFTH).<\/p>\n\n\n\n<p>Ainsi, pour pouvoir r\u00e9pondre \u00e0 ce besoin, nous vous informons que nous sommes d\u00e9sormais en mesure de vous proposer des masques personnalis\u00e9s \u00e0 partir de 50 exemplaires afin de pouvoir \u00e9quiper le plus grand nombre de professionnels et de soci\u00e9t\u00e9s. <\/p>\n\n\n\n<p>L&rsquo;impression est possible en 1 \u00e0 6 couleurs pantone et il est possible d&rsquo;imprimer soit sur le masque avant fabrication, soit sur le masque assembl\u00e9. Tout d\u00e9pendra de l&#8217;emplacement souhait\u00e9 mais nous recommandons une impression dans un des coins sup\u00e9rieurs du masque pour plusieurs raisons:<\/p>\n\n\n\n<ul><li>une impression dans les coins permet une lisibilit\u00e9 parfaite de votre logo ou de votre message, quelque soit la fa\u00e7on dont est d\u00e9pli\u00e9 le masque<\/li><li>une impression centrale ou sur la partie basse du masque pourra ne pas \u00eatre visible selon la fa\u00e7on dont le masque \u00e0 pli est d\u00e9pli\u00e9<\/li><li>une impression dans la zone centrale pourrait d\u00e9grader la performance du masque, au niveau de sa respirabilit\u00e9 et de sa filtration en bouchant les pores du coton <\/li><\/ul>\n\n\n\n<p>L&rsquo;encre utilis\u00e9e est une encre \u00e9cologique \u00e0 base d&rsquo;eau qui ne cr\u00e9\u00e9 pas d&rsquo;\u00e9paisseur sur le masque, qui est r\u00e9sistante au lavage et qui peut \u00eatre repass\u00e9e.<\/p>\n\n\n\n<p>Les couleurs de masques propos\u00e9es pour la personnalisation sont le blanc et le noir pour le moment.<\/p>\n\n\n\n<p>Selon les quantit\u00e9s demand\u00e9es, nous sommes en mesure de vous livrer ces masques personnalis\u00e9s sous 1 \u00e0 2 semaines \u00e0 compter de la validation du BAT.<\/p>\n\n\n\n<p>Pour demander un devis de masques personnalis\u00e9s, contactez-nous \u00e0 contact@monsacpublicitaire.com ou faites une demande sur la <a href=\"https:\/\/www.monsacpublicitaire.com\/masque-grand-public-dga\/610-masque-grand-public-coton-3-plis-dga-personnalise.html\">page suivante<\/a> en renseignant vos coordonn\u00e9es, la quantit\u00e9 de masque souhait\u00e9e et le nombre de couleurs \u00e0 imprimer.<br><\/p>\n","protected":false},"excerpt":{"rendered":"<p>Comme vous le savez, nous fabriquons des masques grand-public en coton certifi\u00e9 OEKO-TEX100 qui ont \u00e9t\u00e9 test\u00e9s positivement en cat\u00e9gorie &hellip;<\/p>\n<p class=\"read-more\"> <a class=\"ast-button\" href=\"https:\/\/www.monsacpublicitaire.com\/blog\/des-masques-grand-public-personnalises-avec-votre-logo\/\"> <span class=\"screen-reader-text\">Des masques grand-public personnalis\u00e9s avec votre logo.<\/span> Lire la suite \u00bb<\/a><\/p>\n","protected":false},"author":2,"featured_media":1640,"comment_status":"open","ping_status":"open","sticky":false,"template":"","format":"standard","meta":{"site-sidebar-layout":"default","site-content-layout":"default","ast-global-header-display":"","ast-banner-title-visibility":"","ast-main-header-display":"","ast-hfb-above-header-display":"","ast-hfb-below-header-display":"","ast-hfb-mobile-header-display":"","site-post-title":"","ast-breadcrumbs-content":"","ast-featured-img":"","footer-sml-layout":"","theme-transparent-header-meta":"","adv-header-id-meta":"","stick-header-meta":"","header-above-stick-meta":"","header-main-stick-meta":"","header-below-stick-meta":""},"categories":[1,59,58],"tags":[],"_links":{"self":[{"href":"https:\/\/www.monsacpublicitaire.com\/blog\/wp-json\/wp\/v2\/posts\/1639"}],"collection":[{"href":"https:\/\/www.monsacpublicitaire.com\/blog\/wp-json\/wp\/v2\/posts"}],"about":[{"href":"https:\/\/www.monsacpublicitaire.com\/blog\/wp-json\/wp\/v2\/types\/post"}],"author":[{"embeddable":true,"href":"https:\/\/www.monsacpublicitaire.com\/blog\/wp-json\/wp\/v2\/users\/2"}],"replies":[{"embeddable":true,"href":"https:\/\/www.monsacpublicitaire.com\/blog\/wp-json\/wp\/v2\/comments?post=1639"}],"version-history":[{"count":1,"href":"https:\/\/www.monsacpublicitaire.com\/blog\/wp-json\/wp\/v2\/posts\/1639\/revisions"}],"predecessor-version":[{"id":1641,"href":"https:\/\/www.monsacpublicitaire.com\/blog\/wp-json\/wp\/v2\/posts\/1639\/revisions\/1641"}],"wp:featuredmedia":[{"embeddable":true,"href":"https:\/\/www.monsacpublicitaire.com\/blog\/wp-json\/wp\/v2\/media\/1640"}],"wp:attachment":[{"href":"https:\/\/www.monsacpublicitaire.com\/blog\/wp-json\/wp\/v2\/media?parent=1639"}],"wp:term":[{"taxonomy":"category","embeddable":true,"href":"https:\/\/www.monsacpublicitaire.com\/blog\/wp-json\/wp\/v2\/categories?post=1639"},{"taxonomy":"post_tag","embeddable":true,"href":"https:\/\/www.monsacpublicitaire.com\/blog\/wp-json\/wp\/v2\/tags?post=1639"}],"curies":[{"name":"wp","href":"https:\/\/api.w.org\/{rel}","templated":true}]}}