{"id":1650,"date":"2021-03-16T15:23:52","date_gmt":"2021-03-16T14:23:52","guid":{"rendered":"https:\/\/www.monsacpublicitaire.com\/blog\/?p=1650"},"modified":"2023-06-22T11:41:42","modified_gmt":"2023-06-22T09:41:42","slug":"quels-types-de-sac-choisir-pour-des-produits-bio-ou-eco-responsables","status":"publish","type":"post","link":"https:\/\/www.monsacpublicitaire.com\/blog\/quels-types-de-sac-choisir-pour-des-produits-bio-ou-eco-responsables\/","title":{"rendered":"Quels types de sac choisir pour des produits bio ou eco-responsables ?"},"content":{"rendered":"\n<figure class=\"wp-block-image\"><img decoding=\"async\" loading=\"lazy\" width=\"800\" height=\"533\" src=\"https:\/\/www.monsacpublicitaire.com\/blog\/wp-content\/uploads\/2021\/03\/bag-groceries-with-copy-space.jpg\" alt=\"\" class=\"wp-image-1651\" srcset=\"https:\/\/www.monsacpublicitaire.com\/blog\/wp-content\/uploads\/2021\/03\/bag-groceries-with-copy-space.jpg 800w, https:\/\/www.monsacpublicitaire.com\/blog\/wp-content\/uploads\/2021\/03\/bag-groceries-with-copy-space-300x200.jpg 300w, https:\/\/www.monsacpublicitaire.com\/blog\/wp-content\/uploads\/2021\/03\/bag-groceries-with-copy-space-768x512.jpg 768w, https:\/\/www.monsacpublicitaire.com\/blog\/wp-content\/uploads\/2021\/03\/bag-groceries-with-copy-space-250x167.jpg 250w, https:\/\/www.monsacpublicitaire.com\/blog\/wp-content\/uploads\/2021\/03\/bag-groceries-with-copy-space-450x300.jpg 450w\" sizes=\"(max-width: 800px) 100vw, 800px\" \/><\/figure>\n\n\n\n<p>Aujourd\u2019hui, le respect de l\u2019environnement est un enjeu primordial et les fran\u00e7ais s&rsquo;inqui\u00e8tent de plus en plus de leur impact \u00e9cologique.<\/p>\n\n\n\n<p>Par cons\u00e9quent les magasins bio proposent des sacs qui sont recyclables et biod\u00e9gradables.<\/p>\n\n\n\n<p>La plupart de ces sacs sont faits avec des mat\u00e9riaux naturels et r\u00e9pondent aux diff\u00e9rents besoins gr\u00e2ce aux nombreux format disponibles, mais LEQUEL CHOISIR ?<\/p>\n\n\n\n<div style=\"height:19px\" aria-hidden=\"true\" class=\"wp-block-spacer\"><\/div>\n\n\n\n<h2 class=\"wp-block-heading\"><strong>Le sac en toile de jute&nbsp;<\/strong><\/h2>\n\n\n\n<p>Le sac en toile de jute est \u00e0 la fois <strong>robuste\net \u00e9cologique<\/strong>.<\/p>\n\n\n\n<p>La toile de jute est <strong>une mati\u00e8re naturelle<\/strong>\nayant un <strong>impact extr\u00eamement r\u00e9duit sur l\u2019environnement<\/strong>. La toile de jute\nest un tissu 100% <strong>naturel, \u00e9cologique et biod\u00e9gradable<\/strong>. Le jute provient\nd\u2019un extrait d\u2019\u00e9corce et c\u2019est gr\u00e2ce \u00e0 cela que la jute est <strong>100% naturelle\net \u00e9cologique<\/strong>. Lorsqu\u2019elle est utilis\u00e9e pour la fabrication des sacs, elle\nest rev\u00eatue d\u2019un pelliculage int\u00e9rieur qui lui conf\u00e8re une durabilit\u00e9 tr\u00e8s\nimportante. <\/p>\n\n\n\n<center><figure class=\"wp-block-image is-resized\"><img decoding=\"async\" loading=\"lazy\" src=\"https:\/\/www.monsacpublicitaire.com\/blog\/wp-content\/uploads\/2021\/03\/sac-1.jpg\" alt=\"\" class=\"wp-image-1679\" width=\"204\" height=\"248\" srcset=\"https:\/\/www.monsacpublicitaire.com\/blog\/wp-content\/uploads\/2021\/03\/sac-1.jpg 500w, https:\/\/www.monsacpublicitaire.com\/blog\/wp-content\/uploads\/2021\/03\/sac-1-246x300.jpg 246w, https:\/\/www.monsacpublicitaire.com\/blog\/wp-content\/uploads\/2021\/03\/sac-1-250x305.jpg 250w\" sizes=\"(max-width: 204px) 100vw, 204px\" \/><\/figure><\/center>\n\n\n\n<p class=\"has-medium-font-size\"><strong>Quels sont les avantages de ce sac&nbsp;?<\/strong><\/p>\n\n\n\n<p>Ce type de sac est <strong>quasiment indestructible<\/strong>\net il est peut donc \u00eatre utilis\u00e9 des centaines de fois. Sa plastification\nint\u00e9rieure, encore appel\u00e9e pelliculage, lui conf\u00e8re une tenue tr\u00e8s appr\u00e9ciable.\nEn effet, lorsque vous posez le sac en caisse ou au sol pour le remplir, il\nreste bien ouvert facilitant ainsi son remplissage. De plus, comme l\u2019int\u00e9rieur\ndu sac, est plastifi\u00e9, il est \u00e0 la fois lavable et imperm\u00e9able, ce qui est bien\npratique pour les courses et permet de l\u2019utiliser souvent.<\/p>\n\n\n\n<p>A noter que le pelliculage int\u00e9rieur du sac est recyclable.<\/p>\n\n\n\n<p class=\"has-medium-font-size\"><strong>Quel format pour quelle\nutilisation&nbsp;?<\/strong><\/p>\n\n\n\n<p>Nous pr\u00e9conisons deux formats&nbsp;:<\/p>\n\n\n\n<ul>\n<li><a href=\"https:\/\/www.monsacpublicitaire.com\/sacs-toile-de-jute\/611-sac-en-toile-de-jute-format-moyen.html\">Le forma<\/a><a href=\"https:\/\/www.monsacpublicitaire.com\/sacs-toile-de-jute\/611-sac-en-toile-de-jute-format-moyen.html\" target=\"_blank\" rel=\"noreferrer noopener\" aria-label=\"t moye (s\u2019ouvre dans un nouvel onglet)\">t moye<\/a><a href=\"https:\/\/www.monsacpublicitaire.com\/sacs-toile-de-jute\/611-sac-en-toile-de-jute-format-moyen.html\">n<\/a> offre une contenance de 24 litres et sera donc pr\u00e9conis\u00e9 pour des achats d\u2019encombrement moyen (fruits et l\u00e9gumes ou courses d\u2019appoint).<\/li>\n\n\n\n<li><a rel=\"noreferrer noopener\" aria-label=\"Le grand format (s\u2019ouvre dans un nouvel onglet)\" href=\"https:\/\/www.monsacpublicitaire.com\/sacs-toile-de-jute\/612-sac-en-toile-de-jute-grand-format.html\ufeff\" target=\"_blank\">Le grand format<\/a> offre lui une contenance de 32 litres permettant de transporter des articles plus encombrants (fruits et l\u00e9gumes ou courses importantes).<\/li>\n<\/ul>\n\n\n\n<p>Ces deux formats sont parfaitement adapt\u00e9s pour faire <strong>ses courses chez un primeur<\/strong> ou une \u00e9picerie BIO.<\/p>\n\n\n\n<div style=\"height:20px\" aria-hidden=\"true\" class=\"wp-block-spacer\"><\/div>\n\n\n\n<h2 class=\"wp-block-heading\"><strong>Le Sac\nen coton naturel avec ou sans soufflet<\/strong><strong> <\/strong><\/h2>\n\n\n\n<center><figure class=\"wp-block-image\"><img decoding=\"async\" loading=\"lazy\" width=\"165\" height=\"300\" src=\"https:\/\/www.monsacpublicitaire.com\/blog\/wp-content\/uploads\/2021\/03\/image0-165x300.jpg\" alt=\"\" class=\"wp-image-1655\" srcset=\"https:\/\/www.monsacpublicitaire.com\/blog\/wp-content\/uploads\/2021\/03\/image0-165x300.jpg 165w, https:\/\/www.monsacpublicitaire.com\/blog\/wp-content\/uploads\/2021\/03\/image0-768x1397.jpg 768w, https:\/\/www.monsacpublicitaire.com\/blog\/wp-content\/uploads\/2021\/03\/image0-563x1024.jpg 563w, https:\/\/www.monsacpublicitaire.com\/blog\/wp-content\/uploads\/2021\/03\/image0-250x455.jpg 250w\" sizes=\"(max-width: 165px) 100vw, 165px\" \/><\/figure><\/center>\n\n\n\n<p>Le sac en coton naturel est un produit \u00e0 la\nfois <strong>\u00e9cologique et \u00e9conomique<\/strong>.<\/p>\n\n\n\n<p>En effet, le coton dont il est issu est obtenu\n\u00e0 partir de la fibre naturelle du cotonnier, en provenance principalement\nd\u2019Inde, du Bangladesh ou de Chine.<\/p>\n\n\n\n<p class=\"has-medium-font-size\"><strong>Quel format pour quelle\nutilisation&nbsp;?<\/strong><\/p>\n\n\n\n<p>Les deux formats standards que nous\nrecommandons sont les suivants&nbsp;:<\/p>\n\n\n\n<ul>\n<li><a href=\"https:\/\/www.monsacpublicitaire.com\/sac-coton-personnalise\/597-sac-publicitaire-coton-naturel-160-gr-38x42-cm.html)\" target=\"_blank\" rel=\"noreferrer noopener\" aria-label=\"Le format avec anses longues en coton naturel  (s\u2019ouvre dans un nouvel onglet)\">Le format avec anses longues en coton naturel <\/a><\/li>\n<\/ul>\n\n\n\n<p>Ce format permet de faire <strong>des courses\nd\u2019appoint<\/strong> ou <strong>d\u2019y mettre ses baguettes ou autres produits de boulangerie <\/strong>de\nfaible volume, car il ne poss\u00e8de pas de fond.<\/p>\n\n\n\n<ul>\n<li><a rel=\"noreferrer noopener\" aria-label=\"Le format   (s\u2019ouvre dans un nouvel onglet)\" href=\"https:\/\/www.monsacpublicitaire.com\/sac-coton-personnalise\/621-sac-publicitaire-coton-naturel-avec-soufflets-140-gr-38x4210-cm.html)\" target=\"_blank\">Le format<\/a><a href=\"https:\/\/www.monsacpublicitaire.com\/sac-coton-personnalise\/621-sac-publicitaire-coton-naturel-avec-soufflets-140-gr-38x4210-cm.html)\" target=\"_blank\" rel=\"noreferrer noopener\" aria-label=\"  avec soufflets lat\u00e9raux et de fond&nbsp;en coton  (s\u2019ouvre dans un nouvel onglet)\">  avec soufflets lat\u00e9raux et de fond&nbsp;en coton <\/a><\/li>\n<\/ul>\n\n\n\n<p>Grace \u00e0 ses soufflets lat\u00e9raux et son soufflet\nde fond de 10 cm, ce mod\u00e8le permet de transporter <strong>un volume de marchandise\nplus important.<\/strong><\/p>\n\n\n\n<p class=\"has-medium-font-size\"><strong>Quels sont les avantages de ce\nsac&nbsp;?<\/strong><\/p>\n\n\n\n<p>Ce produit pr\u00e9sente <strong>l\u2019avantage<\/strong> d\u2019\u00eatre\npeu encombrant puisqu\u2019il peut <strong>\u00eatre pli\u00e9 en quatre<\/strong> ou <strong>mis en boule au\nfond d\u2019un sac, <\/strong>car ce sac n\u2019est pas plastifi\u00e9. Ainsi, vos clients peuvent\ntoujours avoir <strong>ce sac d\u2019appoint sur eux.<\/strong><\/p>\n\n\n\n<p><strong>Par contre, ce sac est un peu moins\npratique \u00e0 remplir que les sacs en toile de jute <\/strong>car, en l\u2019absence\nde plastification, il ne tient pas debout.<\/p>\n\n\n\n<div style=\"height:20px\" aria-hidden=\"true\" class=\"wp-block-spacer\"><\/div>\n\n\n\n<h2 class=\"wp-block-heading\"><strong>Sacs en papier kraft brun ou blanc sans poign\u00e9es, avec poign\u00e9es plates\nou torsad\u00e9es <\/strong><\/h2>\n\n\n\n<center><figure class=\"wp-block-image is-resized\"><img decoding=\"async\" loading=\"lazy\" src=\"https:\/\/www.monsacpublicitaire.com\/blog\/wp-content\/uploads\/2021\/03\/echantillion-575x1024.jpg\" alt=\"\" class=\"wp-image-1656\" width=\"176\" height=\"314\" srcset=\"https:\/\/www.monsacpublicitaire.com\/blog\/wp-content\/uploads\/2021\/03\/echantillion-575x1024.jpg 575w, https:\/\/www.monsacpublicitaire.com\/blog\/wp-content\/uploads\/2021\/03\/echantillion-768x1367.jpg 768w, https:\/\/www.monsacpublicitaire.com\/blog\/wp-content\/uploads\/2021\/03\/echantillion-250x445.jpg 250w, https:\/\/www.monsacpublicitaire.com\/blog\/wp-content\/uploads\/2021\/03\/echantillion.jpg 1421w\" sizes=\"(max-width: 176px) 100vw, 176px\" \/><\/figure><\/center>\n\n\n\n<p>Le sac en papier kraft est un produit \u00e0 la <strong>fois\nrecyclable et biod\u00e9gradable<\/strong>. Il est peut-\u00eatre propos\u00e9 dans <strong>sa couleur\nnaturelle<\/strong>, c\u2019est-\u00e0-dire en <strong>kraft brun<\/strong> ou bien <strong>en kraft blanc<\/strong>.<\/p>\n\n\n\n<p>Ce sac est fabriqu\u00e9 \u00e0 partir <strong>de fibres de\ncellulose tr\u00e8s r\u00e9sistantes<\/strong>.<\/p>\n\n\n\n<p>Plusieurs mod\u00e8les existent pour ce type de\nsac&nbsp;:<\/p>\n\n\n\n<center><figure class=\"wp-block-image is-resized\"><img decoding=\"async\" loading=\"lazy\" src=\"https:\/\/www.monsacpublicitaire.com\/blog\/wp-content\/uploads\/2021\/03\/Sac-Kraft-animation-lombricompost-1-554x1024.jpg\" alt=\"\" class=\"wp-image-1657\" width=\"165\" height=\"305\" srcset=\"https:\/\/www.monsacpublicitaire.com\/blog\/wp-content\/uploads\/2021\/03\/Sac-Kraft-animation-lombricompost-1-554x1024.jpg 554w, https:\/\/www.monsacpublicitaire.com\/blog\/wp-content\/uploads\/2021\/03\/Sac-Kraft-animation-lombricompost-1-162x300.jpg 162w, https:\/\/www.monsacpublicitaire.com\/blog\/wp-content\/uploads\/2021\/03\/Sac-Kraft-animation-lombricompost-1-768x1419.jpg 768w, https:\/\/www.monsacpublicitaire.com\/blog\/wp-content\/uploads\/2021\/03\/Sac-Kraft-animation-lombricompost-1-250x462.jpg 250w, https:\/\/www.monsacpublicitaire.com\/blog\/wp-content\/uploads\/2021\/03\/Sac-Kraft-animation-lombricompost-1.jpg 819w\" sizes=\"(max-width: 165px) 100vw, 165px\" \/><\/figure><\/center>\n\n\n\n<p class=\"has-medium-font-size\"><strong>Sac sans poign\u00e9es (avec une \u00e9paisseur\nde 70-80 gr\/m2)<\/strong><\/p>\n\n\n\n<center><figure class=\"wp-block-image is-resized\"><img decoding=\"async\" loading=\"lazy\" src=\"https:\/\/www.monsacpublicitaire.com\/blog\/wp-content\/uploads\/2021\/03\/BCR-724x1024.jpg\" alt=\"\" class=\"wp-image-1659\" width=\"174\" height=\"246\" srcset=\"https:\/\/www.monsacpublicitaire.com\/blog\/wp-content\/uploads\/2021\/03\/BCR-724x1024.jpg 724w, https:\/\/www.monsacpublicitaire.com\/blog\/wp-content\/uploads\/2021\/03\/BCR-212x300.jpg 212w, https:\/\/www.monsacpublicitaire.com\/blog\/wp-content\/uploads\/2021\/03\/BCR-768x1087.jpg 768w, https:\/\/www.monsacpublicitaire.com\/blog\/wp-content\/uploads\/2021\/03\/BCR-250x354.jpg 250w, https:\/\/www.monsacpublicitaire.com\/blog\/wp-content\/uploads\/2021\/03\/BCR.jpg 1799w\" sizes=\"(max-width: 174px) 100vw, 174px\" \/><\/figure><\/center>\n\n\n\n<p class=\"has-medium-font-size\"><strong>Sac avec poign\u00e9es plates (avec une\n\u00e9paisseur de 80-90 gr\/m2) <\/strong><\/p>\n\n\n\n<center><figure class=\"wp-block-image is-resized\"><img decoding=\"async\" loading=\"lazy\" src=\"https:\/\/www.monsacpublicitaire.com\/blog\/wp-content\/uploads\/2021\/03\/Poign\u00e9es-torsad\u00e9s.png\" alt=\"\" class=\"wp-image-1662\" width=\"356\" height=\"237\"><\/figure><\/center>\n\n\n\n<p class=\"has-medium-font-size\"><strong>Sac avec poign\u00e9es torsad\u00e9es (avec une\n\u00e9paisseur de 100 gr\/m2 ou plus) <\/strong><\/p>\n\n\n\n<p class=\"has-medium-font-size\"><strong>Quel format pour quelle\nutilisation&nbsp;?<\/strong><\/p>\n\n\n\n<p><strong>Les sacs en papier sans poign\u00e9es <\/strong>sont adapt\u00e9s aux\nutilisations suivantes&nbsp;:<\/p>\n\n\n\n<ul>\n<li>Le petit format( 12+5&#215;20 cm) et le moyen format (14+8&#215;26 cm) sont utiles en <strong>\u00e9picerie bio pour y mettre les aliments en vrac type dattes, pates, pistaches, noix<\/strong>\u2026<\/li>\n\n\n\n<li>Le grand format est utile pour <strong>y mettre des fruits et l\u00e9gumes<\/strong> <\/li>\n<\/ul>\n\n\n\n<p><strong><a rel=\"noreferrer noopener\" aria-label=\"Les sacs en papier \u00e0 poign\u00e9es plates (s\u2019ouvre dans un nouvel onglet)\" href=\"https:\/\/www.monsacpublicitaire.com\/8-sac-papier-poignees-plates\" target=\"_blank\">Les sacs en papier \u00e0 poign\u00e9es plates<\/a> ou <a rel=\"noreferrer noopener\" aria-label=\"\u00e0 poign\u00e9es torsad\u00e9es  (s\u2019ouvre dans un nouvel onglet)\" href=\"https:\/\/www.monsacpublicitaire.com\/25-sac-papier-poignees-torsadees-ou-coton-avec-revers\ufeff\" target=\"_blank\">\u00e0 poign\u00e9es torsad\u00e9es <\/a>\ufeffsont utiles pour emballer les courses en caisse.<\/strong><\/p>\n\n\n\n<p><br><\/p>\n\n\n\n<p class=\"has-medium-font-size\"><strong>Quels sont les avantages de ce type\nde sac&nbsp;?<\/strong><\/p>\n\n\n\n<p>Ce produit est <strong>\u00e9conomique, pratique,\nr\u00e9sistant et biod\u00e9gradable<\/strong>. Apr\u00e8s son utilisation chez les commer\u00e7ants, les\nclients les jettent ensuite en g\u00e9n\u00e9ral dans les bacs jaunes avec leurs\nemballages recyclables. Ainsi, la boucle est boucl\u00e9e&nbsp;!<\/p>\n\n\n\n<p>Cot\u00e9 personnalisation, il peut \u00eatre imprim\u00e9 en\nune ou plusieurs couleurs sur toute la surface du sac.<\/p>\n\n\n\n<div style=\"height:20px\" aria-hidden=\"true\" class=\"wp-block-spacer\"><\/div>\n\n\n\n<h2 class=\"wp-block-heading\"><strong>Sac\ncabas en PET Recycl\u00e9 <\/strong><\/h2>\n\n\n\n<p>Le PET recycl\u00e9 est issu du <strong>recyclage des bouteilles\nen plastiques ou PET<\/strong>.&nbsp; Le sac cabas\nen PET recycl\u00e9 est donc un sac durable<strong>, r\u00e9utilisable et recyclable fabriqu\u00e9\nen mati\u00e8re recycl\u00e9e<\/strong>.<\/p>\n\n\n\n<p>Ce produit offre <strong>un impact psychologique non\nn\u00e9gligeable<\/strong> aupr\u00e8s du grand public puisqu\u2019il est r\u00e9alis\u00e9 \u00e0 partir d\u2019un\nproduit de consommation courante. Ainsi, il pr\u00e9sente une <strong>empreinte\nenvironnementale moindre<\/strong> que les <strong>autres sacs synth\u00e9tiques en\npolypropyl\u00e8ne<\/strong>, ce qui en fait un <strong>sac \u00e9cologique ou \u00ab eco-friendly<\/strong> \u00bb.<\/p>\n\n\n\n<center><figure class=\"wp-block-image is-resized\"><img decoding=\"async\" loading=\"lazy\" src=\"https:\/\/www.monsacpublicitaire.com\/blog\/wp-content\/uploads\/2021\/03\/IMG_1643-541x1024.png\" alt=\"\" class=\"wp-image-1663\" width=\"166\" height=\"314\" srcset=\"https:\/\/www.monsacpublicitaire.com\/blog\/wp-content\/uploads\/2021\/03\/IMG_1643-541x1024.png 541w, https:\/\/www.monsacpublicitaire.com\/blog\/wp-content\/uploads\/2021\/03\/IMG_1643-158x300.png 158w, https:\/\/www.monsacpublicitaire.com\/blog\/wp-content\/uploads\/2021\/03\/IMG_1643-768x1454.png 768w, https:\/\/www.monsacpublicitaire.com\/blog\/wp-content\/uploads\/2021\/03\/IMG_1643-250x473.png 250w, https:\/\/www.monsacpublicitaire.com\/blog\/wp-content\/uploads\/2021\/03\/IMG_1643.png 1748w\" sizes=\"(max-width: 166px) 100vw, 166px\" \/><\/figure><\/center>\n\n\n\n<p class=\"has-medium-font-size\"><strong>Pour quels types de produits et pour\nquels formats&nbsp;:<\/strong><\/p>\n\n\n\n<p>Les formats les plus utilis\u00e9s sont&nbsp;:<\/p>\n\n\n\n<p><a href=\"https:\/\/www.monsacpublicitaire.com\/sacs-polyethylene-recycle\/305-sac-publicitaire-cabas-pet-recycle-a-80-taille-9.html)\" target=\"_blank\" rel=\"noreferrer noopener\" aria-label=\" (s\u2019ouvre dans un nouvel onglet)\">Le format moyen <\/a>qui permet de transporter le contenu d\u2019un panier moyen et<a rel=\"noreferrer noopener\" href=\"https:\/\/www.monsacpublicitaire.com\/sacs-polyethylene-recycle\/306-sac-publicitaire-cabas-pet-recycle-a-80-taille-10.html\" target=\"_blank\"> le format &nbsp;<\/a>qui permet de transporter le contenu d\u2019un demi-caddie ou d\u2019un gros panier. <\/p>\n\n\n\n<p>Ainsi, ces deux formats de sacs seront parfaitement adapt\u00e9s pour les \u00e9piceries et primeurs BIO.<\/p>\n\n\n\n<p>Toutefois, toutes les dimensions sont possibles\npour ce type de sac qui peut \u00eatre r\u00e9alis\u00e9 sur mesure sans surco\u00fbt.<\/p>\n\n\n\n<p>Ce type de sac est utilis\u00e9 \u00e0 la fois pour les\ncourses et pour le tri des d\u00e9chets.<\/p>\n\n\n\n<div style=\"height:20px\" aria-hidden=\"true\" class=\"wp-block-spacer\"><\/div>\n\n\n\n<p class=\"has-medium-font-size\"><strong>Quels sont les avantages de ce sac&nbsp;?<\/strong><\/p>\n\n\n\n<p>Ce produit est fabriqu\u00e9 \u00e0 partir de <strong>mati\u00e8re\nrecycl\u00e9e.<\/strong><\/p>\n\n\n\n<p>Il est tr\u00e8s pratique puisqu\u2019il pr\u00e9sente\nl\u2019avantage d\u2019\u00eatre pliable, peu encombrant, facile \u00e0 nettoyer et \u00e9galement r\u00e9sistant.<\/p>\n\n\n\n<p>Il peut \u00eatre fabriqu\u00e9 dans n\u2019importe quelle\ndimension et personnalis\u00e9 avec n\u2019importe quel type de visuel en une ou\nplusieurs couleurs voire en quadrichromie, type d\u2019impression utilis\u00e9 si vous\nd\u00e9cidez d\u2019imprimer une photo de fruits ou de l\u00e9gumes, d\u2019animaux, de pain ou de\nviennoiseries, de paysages&#8230;<\/p>\n\n\n\n<p>Nous proposons donc plusieurs types de sacs\ntout \u00e0 fait appropri\u00e9s pour votre commerce de produits bio ou \u00e9co-responsables.\n<\/p>\n\n\n\n<p>Si vous h\u00e9sitez et ne savez pas quel type et\/ou\nformat de sacs choisir, n\u2019h\u00e9sitez pas \u00e0 nous contacter pour toute demande de\ndevis ou pour toute question.<\/p>\n","protected":false},"excerpt":{"rendered":"<p>Aujourd\u2019hui, le respect de l\u2019environnement est un enjeu primordial et les fran\u00e7ais s&rsquo;inqui\u00e8tent de plus en plus de leur impact &hellip;<\/p>\n<p class=\"read-more\"> <a class=\"ast-button\" href=\"https:\/\/www.monsacpublicitaire.com\/blog\/quels-types-de-sac-choisir-pour-des-produits-bio-ou-eco-responsables\/\"> <span class=\"screen-reader-text\">Quels types de sac choisir pour des produits bio ou eco-responsables ?<\/span> Lire la suite \u00bb<\/a><\/p>\n","protected":false},"author":2,"featured_media":1651,"comment_status":"open","ping_status":"open","sticky":false,"template":"","format":"standard","meta":{"site-sidebar-layout":"default","site-content-layout":"default","ast-global-header-display":"","ast-banner-title-visibility":"","ast-main-header-display":"","ast-hfb-above-header-display":"","ast-hfb-below-header-display":"","ast-hfb-mobile-header-display":"","site-post-title":"","ast-breadcrumbs-content":"","ast-featured-img":"","footer-sml-layout":"","theme-transparent-header-meta":"","adv-header-id-meta":"","stick-header-meta":"","header-above-stick-meta":"","header-main-stick-meta":"","header-below-stick-meta":""},"categories":[1],"tags":[],"_links":{"self":[{"href":"https:\/\/www.monsacpublicitaire.com\/blog\/wp-json\/wp\/v2\/posts\/1650"}],"collection":[{"href":"https:\/\/www.monsacpublicitaire.com\/blog\/wp-json\/wp\/v2\/posts"}],"about":[{"href":"https:\/\/www.monsacpublicitaire.com\/blog\/wp-json\/wp\/v2\/types\/post"}],"author":[{"embeddable":true,"href":"https:\/\/www.monsacpublicitaire.com\/blog\/wp-json\/wp\/v2\/users\/2"}],"replies":[{"embeddable":true,"href":"https:\/\/www.monsacpublicitaire.com\/blog\/wp-json\/wp\/v2\/comments?post=1650"}],"version-history":[{"count":32,"href":"https:\/\/www.monsacpublicitaire.com\/blog\/wp-json\/wp\/v2\/posts\/1650\/revisions"}],"predecessor-version":[{"id":2121,"href":"https:\/\/www.monsacpublicitaire.com\/blog\/wp-json\/wp\/v2\/posts\/1650\/revisions\/2121"}],"wp:featuredmedia":[{"embeddable":true,"href":"https:\/\/www.monsacpublicitaire.com\/blog\/wp-json\/wp\/v2\/media\/1651"}],"wp:attachment":[{"href":"https:\/\/www.monsacpublicitaire.com\/blog\/wp-json\/wp\/v2\/media?parent=1650"}],"wp:term":[{"taxonomy":"category","embeddable":true,"href":"https:\/\/www.monsacpublicitaire.com\/blog\/wp-json\/wp\/v2\/categories?post=1650"},{"taxonomy":"post_tag","embeddable":true,"href":"https:\/\/www.monsacpublicitaire.com\/blog\/wp-json\/wp\/v2\/tags?post=1650"}],"curies":[{"name":"wp","href":"https:\/\/api.w.org\/{rel}","templated":true}]}}