{"id":1750,"date":"2021-03-17T10:40:25","date_gmt":"2021-03-17T09:40:25","guid":{"rendered":"https:\/\/www.monsacpublicitaire.com\/blog\/?p=1750"},"modified":"2023-06-22T11:40:29","modified_gmt":"2023-06-22T09:40:29","slug":"comment-concilier-une-image-de-marque-eco-friendly-avec-des-sacs-personnalises","status":"publish","type":"post","link":"https:\/\/www.monsacpublicitaire.com\/blog\/comment-concilier-une-image-de-marque-eco-friendly-avec-des-sacs-personnalises\/","title":{"rendered":"Comment concilier une image de marque \u00e9co-friendly avec des sacs personnalis\u00e9s ?"},"content":{"rendered":"\n<figure class=\"wp-block-image is-resized\"><img decoding=\"async\" loading=\"lazy\" src=\"https:\/\/www.monsacpublicitaire.com\/blog\/wp-content\/uploads\/2021\/03\/eco-bag-with-different-fruits-vegetables-shopping-supermarket-1024x621.jpg\" alt=\"\" class=\"wp-image-1751\" width=\"593\" height=\"360\" srcset=\"https:\/\/www.monsacpublicitaire.com\/blog\/wp-content\/uploads\/2021\/03\/eco-bag-with-different-fruits-vegetables-shopping-supermarket-1024x621.jpg 1024w, https:\/\/www.monsacpublicitaire.com\/blog\/wp-content\/uploads\/2021\/03\/eco-bag-with-different-fruits-vegetables-shopping-supermarket-300x182.jpg 300w, https:\/\/www.monsacpublicitaire.com\/blog\/wp-content\/uploads\/2021\/03\/eco-bag-with-different-fruits-vegetables-shopping-supermarket-768x466.jpg 768w, https:\/\/www.monsacpublicitaire.com\/blog\/wp-content\/uploads\/2021\/03\/eco-bag-with-different-fruits-vegetables-shopping-supermarket-250x152.jpg 250w, https:\/\/www.monsacpublicitaire.com\/blog\/wp-content\/uploads\/2021\/03\/eco-bag-with-different-fruits-vegetables-shopping-supermarket-495x300.jpg 495w\" sizes=\"(max-width: 593px) 100vw, 593px\" \/><\/figure>\n\n\n\n<p><strong>Aujourd\u2019hui, 41% des fran\u00e7ais estiment que la r\u00e9duction des d\u00e9chets et le recyclage font partie des priorit\u00e9s environnementales. Pour r\u00e9pondre \u00e0 cette probl\u00e9matique les magasins bio proposent des sacs r\u00e9utilisables, recyclables ou biod\u00e9gradables.<\/strong><\/p>\n\n\n\n<div style=\"height:20px\" aria-hidden=\"true\" class=\"wp-block-spacer\"><\/div>\n\n\n\n<h2 class=\"wp-block-heading\"><strong>Une grande vari\u00e9t\u00e9 de sac <\/strong><strong>recyclables et\nou biod\u00e9gradables pour une image de marque\n\u00e9co-friendly<\/strong><\/h2>\n\n\n\n<p>Une entreprise qui v\u00e9hicule <strong>des valeurs \u00e9cologiques<\/strong>\na tout int\u00e9r\u00eat \u00e0 utiliser des sacs en <strong>papier recycl\u00e9, recyclable ou\nbiod\u00e9gradable<\/strong> ou bien <strong>des sacs r\u00e9utilisables en mati\u00e8re naturelle.<\/strong>\nDans le cas inverse, cela <strong>ternirait son image de marque.<\/strong> <\/p>\n\n\n\n<div style=\"height:10px\" aria-hidden=\"true\" class=\"wp-block-spacer\"><\/div>\n\n\n\n<p class=\"has-medium-font-size\"><strong>En quoi les sacs propos\u00e9s sont-ils \u00e9cologiques&nbsp;?<\/strong><\/p>\n\n\n\n<div style=\"height:10px\" aria-hidden=\"true\" class=\"wp-block-spacer\"><\/div>\n\n\n\n<p>Les sacs en papier kraft sont des sacs <strong>fabriqu\u00e9s \u00e0\npartir de bois certifi\u00e9 PEFC ou FSC<\/strong>, labels garantissant une production du\nbois respectueuse de proc\u00e9d\u00e9s de gestion durable des for\u00eats.<\/p>\n\n\n\n<p>Ces sacs sont souvent utilis\u00e9s dans les magasins BIO\npour y mettre soit des articles vendus en vrac soit pour emballer les courses\nen caisse.<\/p>\n\n\n\n<p>Les totes bag en coton et\nles sacs en toile de jute fabriqu\u00e9s \u00e0 partir <strong>de fibres naturelles<\/strong> sont un\n<strong>symbole de l\u2019attitude \u00e9co responsable<\/strong>. <\/p>\n\n\n\n<p>Les sacs cabas en PET\nrecycl\u00e9 sont fabriqu\u00e9s <strong>\u00e0 partir de bouteilles recycl\u00e9es<\/strong>, ils participent\nainsi \u00e0 l\u2019\u00e9conomie circulaire. Pour la fabrication de ces sacs,<strong>\nl\u2019empreinte carbone sur l\u2019environnement est moindre contrairement aux sacs qui\nsont fabriqu\u00e9s dans des mati\u00e8res synth\u00e9tiques comme le polypropyl\u00e8ne tiss\u00e9 ou\nnon tiss\u00e9 qu\u2019on retrouve en g\u00e9n\u00e9ral aux caisses des hypermarch\u00e9s.<\/strong><\/p>\n\n\n\n<div style=\"height:10px\" aria-hidden=\"true\" class=\"wp-block-spacer\"><\/div>\n\n\n\n<p class=\"has-medium-font-size\"><strong>Pourquoi personnaliser vos sacs&nbsp;?<\/strong><\/p>\n\n\n\n<p>Cela dit, le message v\u00e9hicul\u00e9 est tout aussi\nimportant. La <strong>personnalisation<\/strong> est <strong>un outil marketing puissant <\/strong>qui\nva vous permettre de vous d\u00e9marquer de vos concurrents et d\u2019ancrer votre marque\ndans les esprits de vos clients, et ceci \u00e0 moindre frais. Qu\u2019il s\u2019agisse de\nvotre logo et de votre slogan ou bien d\u2019un visuel percutant plus travaill\u00e9 avec\nune phrase accrocheuse, les possibilit\u00e9s de personnalisation sont nombreuses\npour ces sacs.<\/p>\n\n\n\n<p>Ils sont g\u00e9n\u00e9ralement <strong>agr\u00e9ment\u00e9s<\/strong> d\u2019un message publicitaire ou d\u2019une <strong>phrase accrocheuse<\/strong> \u00e0 laquelle les consommateurs s\u2019identifient. Tr\u00e8s \u00e0 la mode depuis quelques ann\u00e9es, de nombreuses personnes (essentiellement des femmes) les utilisent au quotidien pour transporter leur repas du midi ou leurs affaires de gym. Les tote-bag sont \u00e0 la fois des <strong>objets pratiques<\/strong>, des accessoires de mode et <strong>des outils de communication<\/strong>. Il est difficile de mieux faire !&nbsp;<\/p>\n\n\n\n<p><strong>Il est donc tout \u00e0 fait possible d\u2019avoir une image de\nmarque eco-friendly tout en distribuant des sacs personnalis\u00e9s. MON SAC\nPUBLICITAIRE pourra vous aider dans cette d\u00e9marche.<\/strong><\/p>\n","protected":false},"excerpt":{"rendered":"<p>Aujourd\u2019hui, 41% des fran\u00e7ais estiment que la r\u00e9duction des d\u00e9chets et le recyclage font partie des priorit\u00e9s environnementales. Pour r\u00e9pondre &hellip;<\/p>\n<p class=\"read-more\"> <a class=\"ast-button\" href=\"https:\/\/www.monsacpublicitaire.com\/blog\/comment-concilier-une-image-de-marque-eco-friendly-avec-des-sacs-personnalises\/\"> <span class=\"screen-reader-text\">Comment concilier une image de marque \u00e9co-friendly avec des sacs personnalis\u00e9s ?<\/span> Lire la suite \u00bb<\/a><\/p>\n","protected":false},"author":2,"featured_media":1751,"comment_status":"open","ping_status":"open","sticky":false,"template":"","format":"standard","meta":{"site-sidebar-layout":"default","site-content-layout":"default","ast-global-header-display":"","ast-banner-title-visibility":"","ast-main-header-display":"","ast-hfb-above-header-display":"","ast-hfb-below-header-display":"","ast-hfb-mobile-header-display":"","site-post-title":"","ast-breadcrumbs-content":"","ast-featured-img":"","footer-sml-layout":"","theme-transparent-header-meta":"","adv-header-id-meta":"","stick-header-meta":"","header-above-stick-meta":"","header-main-stick-meta":"","header-below-stick-meta":""},"categories":[1],"tags":[],"_links":{"self":[{"href":"https:\/\/www.monsacpublicitaire.com\/blog\/wp-json\/wp\/v2\/posts\/1750"}],"collection":[{"href":"https:\/\/www.monsacpublicitaire.com\/blog\/wp-json\/wp\/v2\/posts"}],"about":[{"href":"https:\/\/www.monsacpublicitaire.com\/blog\/wp-json\/wp\/v2\/types\/post"}],"author":[{"embeddable":true,"href":"https:\/\/www.monsacpublicitaire.com\/blog\/wp-json\/wp\/v2\/users\/2"}],"replies":[{"embeddable":true,"href":"https:\/\/www.monsacpublicitaire.com\/blog\/wp-json\/wp\/v2\/comments?post=1750"}],"version-history":[{"count":10,"href":"https:\/\/www.monsacpublicitaire.com\/blog\/wp-json\/wp\/v2\/posts\/1750\/revisions"}],"predecessor-version":[{"id":2120,"href":"https:\/\/www.monsacpublicitaire.com\/blog\/wp-json\/wp\/v2\/posts\/1750\/revisions\/2120"}],"wp:featuredmedia":[{"embeddable":true,"href":"https:\/\/www.monsacpublicitaire.com\/blog\/wp-json\/wp\/v2\/media\/1751"}],"wp:attachment":[{"href":"https:\/\/www.monsacpublicitaire.com\/blog\/wp-json\/wp\/v2\/media?parent=1750"}],"wp:term":[{"taxonomy":"category","embeddable":true,"href":"https:\/\/www.monsacpublicitaire.com\/blog\/wp-json\/wp\/v2\/categories?post=1750"},{"taxonomy":"post_tag","embeddable":true,"href":"https:\/\/www.monsacpublicitaire.com\/blog\/wp-json\/wp\/v2\/tags?post=1750"}],"curies":[{"name":"wp","href":"https:\/\/api.w.org\/{rel}","templated":true}]}}