{"id":1758,"date":"2021-03-17T11:08:23","date_gmt":"2021-03-17T10:08:23","guid":{"rendered":"https:\/\/www.monsacpublicitaire.com\/blog\/?p=1758"},"modified":"2023-06-22T11:34:10","modified_gmt":"2023-06-22T09:34:10","slug":"lentreprise-re-en-vrac-a-commande-plusieurs-formats-de-sac-chez-mon-sac-publicitaire","status":"publish","type":"post","link":"https:\/\/www.monsacpublicitaire.com\/blog\/lentreprise-re-en-vrac-a-commande-plusieurs-formats-de-sac-chez-mon-sac-publicitaire\/","title":{"rendered":"Comment l&rsquo;\u00e9picerie \u00ab\u00a0R\u00e9 en vrac\u00a0\u00bb utilise les sacs publicitaires pour valoriser son image \u00e9co-friendly"},"content":{"rendered":"\n<figure class=\"wp-block-image is-resized\"><img decoding=\"async\" loading=\"lazy\" src=\"https:\/\/www.monsacpublicitaire.com\/blog\/wp-content\/uploads\/2021\/03\/2983433-1024x683.jpg\" alt=\"\" class=\"wp-image-1760\" width=\"594\" height=\"395\" srcset=\"https:\/\/www.monsacpublicitaire.com\/blog\/wp-content\/uploads\/2021\/03\/2983433-1024x683.jpg 1024w, https:\/\/www.monsacpublicitaire.com\/blog\/wp-content\/uploads\/2021\/03\/2983433-300x200.jpg 300w, https:\/\/www.monsacpublicitaire.com\/blog\/wp-content\/uploads\/2021\/03\/2983433-768x512.jpg 768w, https:\/\/www.monsacpublicitaire.com\/blog\/wp-content\/uploads\/2021\/03\/2983433-250x167.jpg 250w, https:\/\/www.monsacpublicitaire.com\/blog\/wp-content\/uploads\/2021\/03\/2983433-450x300.jpg 450w, https:\/\/www.monsacpublicitaire.com\/blog\/wp-content\/uploads\/2021\/03\/2983433.jpg 2000w\" sizes=\"(max-width: 594px) 100vw, 594px\" \/><\/figure>\n\n\n\n<div style=\"height:20px\" aria-hidden=\"true\" class=\"wp-block-spacer\"><\/div>\n\n\n\n<h2 class=\"wp-block-heading\">R\u00e9 en vrac : l&rsquo;\u00e9picerie \u00e9co-responsable de l&rsquo;\u00eele de R\u00e9<\/h2>\n\n\n\n<div style=\"height:10px\" aria-hidden=\"true\" class=\"wp-block-spacer\"><\/div>\n\n\n\n<p>R\u00e9 en vrac est une \u00e9picerie qui vend des produits uniquement en\nvrac.<\/p>\n\n\n\n<p>Elle est pr\u00e9sente sur des march\u00e9s \u00e0 l\u2019Ile de R\u00e9 et poss\u00e8de\n\u00e9galement une boutique en ligne qui livre sur l\u2019\u00eele de R\u00e9 et partout en France\nM\u00e9tropolitaine.<\/p>\n\n\n\n<p>Cette \u00e9picerie est \u00e9co-responsable puisqu\u2019elle permet de r\u00e9duire sa production de d\u00e9chets et donc l\u2019empreinte carbone des produits qu\u2019elle vend. Elle propose des produits alimentaire, d\u2019hygi\u00e8ne et d&rsquo;entretiens dont la plupart sont biologiques.<\/p>\n\n\n\n<p>Ces produits sont des produits de qualit\u00e9, locaux, et issus de\ncircuits courts.<\/p>\n\n\n\n<div style=\"height:20px\" aria-hidden=\"true\" class=\"wp-block-spacer\"><\/div>\n\n\n\n<h2 class=\"wp-block-heading\"><strong>Pourquoi ont-ils fait appel \u00e0 Mon Sac Publicitaire?<\/strong><\/h2>\n\n\n\n<p>R\u00e9 en vrac a \u00e9t\u00e9 s\u00e9duit par Mon Sac Publicitaire qui a su lui <strong>conseiller les produits les plus adapt\u00e9s \u00e0 son besoin<\/strong>, en offrant un excellent rapport qualit\u00e9-prix et une livraison rapide.<\/p>\n\n\n\n<div style=\"height:20px\" aria-hidden=\"true\" class=\"wp-block-spacer\"><\/div>\n\n\n\n<h2 class=\"wp-block-heading\"><strong>Quelles \u00e9taient leurs probl\u00e9matiques&nbsp;?<\/strong><\/h2>\n\n\n\n<div style=\"height:10px\" aria-hidden=\"true\" class=\"wp-block-spacer\"><\/div>\n\n\n\n<p class=\"has-text-align-left\">Tout d\u2019abord, certains clients se pr\u00e9sentent sur leur\nstand avec leur propre contenant (bocal, boite, ou autre) mais d\u2019autres clients\nqui d\u00e9couvrent R\u00e9 en vrac et le concept du vrac viennent les mains vides et ne\nsont pas forc\u00e9ment en mesure de ramener les produits chez eux. Plut\u00f4t que\nd\u2019emballer les produits achet\u00e9s dans des sacs basiques non personnalis\u00e9s, R\u00e9 en\nvrac a pr\u00e9f\u00e9r\u00e9 commander <strong>un packaging qualitatif<\/strong> et <strong>r\u00e9sistant <\/strong>imprim\u00e9\navec sa marque dessus afin de v\u00e9hiculer une image de marque s\u00e9rieuse et\nengag\u00e9e. C\u2019est pour cela qu\u2019ils ont choisi des sacs en papier kraft sans\npoign\u00e9es.<\/p>\n\n\n\n<p class=\"has-text-align-left\">Ensuite, R\u00e9 en vrac a souhait\u00e9 proposer \u00e9galement <strong>des\ncontenants r\u00e9utilisables<\/strong> pour ses clients qui le souhaitaient en proposant\n\u00e0 la vente des pochons en coton personnalis\u00e9s qui permettent de r\u00e9duire encore\nun peu plus la production d\u2019emballage et de d\u00e9chets. Notre force sur ce produit\na \u00e9t\u00e9 de pouvoir proposer des produits sur mesure sans surcout.<\/p>\n\n\n\n<p>Enfin, pour que les clients puissent repartir avec leurs\nachats sous le bras et faire leur publicit\u00e9 sur l\u2019Ile de R\u00e9 et dans les\nenvirons, R\u00e9 en vrac recherchait un produit \u00e9cologique et durable qui ne soit\npas tr\u00e8s couteux et qui puisse v\u00e9hiculer une image de marque Eco-Responsable,\nc\u2019est pour cela qu\u2019elle a choisi de faire fabriquer des tote bags en coton\nnaturel avec leur logo.<\/p>\n\n\n\n<h2 class=\"wp-block-heading\">Voici les photos des sacs command\u00e9s par l\u2019entreprise R\u00e9 en Vrac<\/h2>\n\n\n\n<div style=\"height:20px\" aria-hidden=\"true\" class=\"wp-block-spacer\"><\/div>\n\n\n\n<center><figure class=\"wp-block-image is-resized\"><img decoding=\"async\" loading=\"lazy\" src=\"https:\/\/www.monsacpublicitaire.com\/blog\/wp-content\/uploads\/2021\/03\/r\u00e9-en-vrac-phoyo.png\" alt=\"\" class=\"wp-image-1767\" width=\"349\" height=\"327\"><\/figure><\/center>\n\n\n\n<p class=\"has-text-align-center has-medium-font-size\">Sac papier personnalis\u00e9 sans poign\u00e9es :<\/p>\n\n\n\n<p class=\"has-text-align-center\">18 cm + 8 cm x 30 cm<\/p>\n\n\n\n<p class=\"has-text-align-center\">(Largeur + Soufflet x Hauteur)<\/p>\n\n\n\n<p class=\"has-text-align-center\">Papier kraft brun 90 gr\/m2<\/p>\n\n\n\n<p class=\"has-text-align-center\">Impression 1 couleur recto\/verso<\/p>\n\n\n\n<p class=\"has-text-align-center\">Pas de poign\u00e9es<\/p>\n\n\n\n<p class=\"has-text-align-center\">Soufflet de fond et soufflets lat\u00e9raux<\/p>\n\n\n\n<div style=\"height:20px\" aria-hidden=\"true\" class=\"wp-block-spacer\"><\/div>\n\n\n\n<center><figure class=\"wp-block-image is-resized\"><img decoding=\"async\" loading=\"lazy\" src=\"https:\/\/www.monsacpublicitaire.com\/blog\/wp-content\/uploads\/2021\/03\/totebag-768x1024.png\" alt=\"\" class=\"wp-image-1770\" width=\"296\" height=\"394\" srcset=\"https:\/\/www.monsacpublicitaire.com\/blog\/wp-content\/uploads\/2021\/03\/totebag-768x1024.png 768w, https:\/\/www.monsacpublicitaire.com\/blog\/wp-content\/uploads\/2021\/03\/totebag-225x300.png 225w, https:\/\/www.monsacpublicitaire.com\/blog\/wp-content\/uploads\/2021\/03\/totebag-250x333.png 250w\" sizes=\"(max-width: 296px) 100vw, 296px\" \/><\/figure><\/center>\n\n\n\n<p class=\"has-text-align-center has-medium-font-size\">Sac cabas coton :<\/p>\n\n\n\n<p class=\"has-text-align-center\">38 cm x 42 cm<\/p>\n\n\n\n<p class=\"has-text-align-center\">(Largeur x Hauteur)<\/p>\n\n\n\n<p class=\"has-text-align-center\">Coton \u00e9cru naturel 140 gr\/m<\/p>\n\n\n\n<p class=\"has-text-align-center\">Poign\u00e9es anses longues<\/p>\n\n\n\n<p><\/p>\n\n\n\n<div style=\"height:6px\" aria-hidden=\"true\" class=\"wp-block-spacer\"><\/div>\n\n\n\n<p><strong>Pourquoi pas faire comme R\u00e9 en vrac en demandant \u00e0 Mon Sac\npublicitaire de produire vos sacs personnalis\u00e9s.<\/strong><\/p>\n","protected":false},"excerpt":{"rendered":"<p>R\u00e9 en vrac : l&rsquo;\u00e9picerie \u00e9co-responsable de l&rsquo;\u00eele de R\u00e9 R\u00e9 en vrac est une \u00e9picerie qui vend des produits &hellip;<\/p>\n<p class=\"read-more\"> <a class=\"ast-button\" href=\"https:\/\/www.monsacpublicitaire.com\/blog\/lentreprise-re-en-vrac-a-commande-plusieurs-formats-de-sac-chez-mon-sac-publicitaire\/\"> <span class=\"screen-reader-text\">Comment l&rsquo;\u00e9picerie \u00ab\u00a0R\u00e9 en vrac\u00a0\u00bb utilise les sacs publicitaires pour valoriser son image \u00e9co-friendly<\/span> Lire la suite \u00bb<\/a><\/p>\n","protected":false},"author":2,"featured_media":1760,"comment_status":"open","ping_status":"open","sticky":false,"template":"","format":"standard","meta":{"site-sidebar-layout":"default","site-content-layout":"default","ast-global-header-display":"","ast-banner-title-visibility":"","ast-main-header-display":"","ast-hfb-above-header-display":"","ast-hfb-below-header-display":"","ast-hfb-mobile-header-display":"","site-post-title":"","ast-breadcrumbs-content":"","ast-featured-img":"","footer-sml-layout":"","theme-transparent-header-meta":"","adv-header-id-meta":"","stick-header-meta":"","header-above-stick-meta":"","header-main-stick-meta":"","header-below-stick-meta":""},"categories":[1],"tags":[],"_links":{"self":[{"href":"https:\/\/www.monsacpublicitaire.com\/blog\/wp-json\/wp\/v2\/posts\/1758"}],"collection":[{"href":"https:\/\/www.monsacpublicitaire.com\/blog\/wp-json\/wp\/v2\/posts"}],"about":[{"href":"https:\/\/www.monsacpublicitaire.com\/blog\/wp-json\/wp\/v2\/types\/post"}],"author":[{"embeddable":true,"href":"https:\/\/www.monsacpublicitaire.com\/blog\/wp-json\/wp\/v2\/users\/2"}],"replies":[{"embeddable":true,"href":"https:\/\/www.monsacpublicitaire.com\/blog\/wp-json\/wp\/v2\/comments?post=1758"}],"version-history":[{"count":23,"href":"https:\/\/www.monsacpublicitaire.com\/blog\/wp-json\/wp\/v2\/posts\/1758\/revisions"}],"predecessor-version":[{"id":2119,"href":"https:\/\/www.monsacpublicitaire.com\/blog\/wp-json\/wp\/v2\/posts\/1758\/revisions\/2119"}],"wp:featuredmedia":[{"embeddable":true,"href":"https:\/\/www.monsacpublicitaire.com\/blog\/wp-json\/wp\/v2\/media\/1760"}],"wp:attachment":[{"href":"https:\/\/www.monsacpublicitaire.com\/blog\/wp-json\/wp\/v2\/media?parent=1758"}],"wp:term":[{"taxonomy":"category","embeddable":true,"href":"https:\/\/www.monsacpublicitaire.com\/blog\/wp-json\/wp\/v2\/categories?post=1758"},{"taxonomy":"post_tag","embeddable":true,"href":"https:\/\/www.monsacpublicitaire.com\/blog\/wp-json\/wp\/v2\/tags?post=1758"}],"curies":[{"name":"wp","href":"https:\/\/api.w.org\/{rel}","templated":true}]}}