{"id":1831,"date":"2022-12-12T15:36:19","date_gmt":"2022-12-12T14:36:19","guid":{"rendered":"https:\/\/www.monsacpublicitaire.com\/blog\/?p=1831"},"modified":"2023-06-22T11:31:58","modified_gmt":"2023-06-22T09:31:58","slug":"espig-un-sac-rouge-thermosoude-epice","status":"publish","type":"post","link":"https:\/\/www.monsacpublicitaire.com\/blog\/espig-un-sac-rouge-thermosoude-epice\/","title":{"rendered":"ESPIG : UN SAC ROUGE THERMOSOUD\u00c9 \u00c9PIC\u00c9 !"},"content":{"rendered":"\n<figure class=\"wp-block-image\"><img decoding=\"async\" loading=\"lazy\" width=\"800\" height=\"533\" src=\"https:\/\/www.monsacpublicitaire.com\/blog\/wp-content\/uploads\/2022\/12\/ESPIG_photo_21.png\" alt=\"\" class=\"wp-image-1834\" srcset=\"https:\/\/www.monsacpublicitaire.com\/blog\/wp-content\/uploads\/2022\/12\/ESPIG_photo_21.png 800w, https:\/\/www.monsacpublicitaire.com\/blog\/wp-content\/uploads\/2022\/12\/ESPIG_photo_21-300x200.png 300w, https:\/\/www.monsacpublicitaire.com\/blog\/wp-content\/uploads\/2022\/12\/ESPIG_photo_21-768x512.png 768w, https:\/\/www.monsacpublicitaire.com\/blog\/wp-content\/uploads\/2022\/12\/ESPIG_photo_21-250x167.png 250w, https:\/\/www.monsacpublicitaire.com\/blog\/wp-content\/uploads\/2022\/12\/ESPIG_photo_21-450x300.png 450w\" sizes=\"(max-width: 800px) 100vw, 800px\" \/><\/figure>\n\n\n\n<p align=\"justify\"> Nous avons r\u00e9alis\u00e9 pour ESPIG des sacs cabas r\u00e9utilisables thermosoud\u00e9s personnalis\u00e9s avec leur logo sur les deux faces.<\/p>\n\n\n\n<p align=\"justify\">Depuis 1876, Espig est la marque phare du groupe CEPASCO et offre \u00e0 ses clients un large \u00e9ventail de produits gastronomiques d&rsquo;une qualit\u00e9 in\u00e9gal\u00e9e. Les \u00e9pices, herbes, poivres et m\u00e9langes de la gamme Espig sont le r\u00e9sultat de plus de 140 ans de connaissance et d&rsquo;expertise, et sont appr\u00e9ci\u00e9s autant par les consommateurs avertis que par les professionnels de la restauration.<\/p>\n\n\n\n<p align=\"justify\">Le sac cabas thermosoud\u00e9 est un sac fabriqu\u00e9 de fa\u00e7on automatis\u00e9e en Europe permettant ainsi de proposer un sac comp\u00e9titif dans un d\u00e9lai de 5 \u00e0 8 semaines selon les p\u00e9riodes. Ce d\u00e9lai est plus court que pour la fabrication asiatique d\u2019un sac cousu manuellement. Il est \u00e9galement plus \u00e9cologique puisqu\u2019il permet de r\u00e9duire l\u2019empreinte carbone de part sa fabrication Europ\u00e9enne en \u00e9liminant le transport maritime  .<\/p>\n\n\n\n<p align=\"justify\"> Ce produit est disponible \u00e0 partir de 1 000 exemplaires.<\/p>\n\n\n\n<p align=\"justify\">Sur ce type de sac cabas, l\u2019impression est en flexographie haute d\u00e9finition en 1 ou plusieurs couleurs pantone ou en quadrichromie. L\u2019impression est possible sur toute la surface du sac.<\/p>\n\n\n\n<p>Cot\u00e9 technique&nbsp;:<\/p>\n\n\n\n<p align=\"justify\"> <ul><li>Dimension\u00a0: 39 cm + 20 cm x 35 cm (autres formats disponibles)<\/li><li>Impression 1 couleur (rouge) sur la totalit\u00e9 du sac (recto\/verso\/soufflets et fond) sauf la partie correspondante au logo<\/li><li>Pelliculage BRILLANT<\/li><li>Mati\u00e8re\u00a0: \u00a0Polypropyl\u00e8ne non tiss\u00e9 blanc en 140 gr\/m2 (existe aussi en 120 gr\/m2)\u00a0Surface d&rsquo;impression maximum 100%<\/li><li>Poign\u00e9es ruban anses courtes en polypropyl\u00e8ne non tiss\u00e9 3&#215;40 cm<\/li><li>Fabrication du sac thermosoud\u00e9e (aucune couture)<\/li><li>100 % recyclable<\/li><li>R\u00e9sistance jusqu&rsquo;\u00e0 au moins 15 kg<\/li><li>FABRICATION EUROPE<\/li><\/ul><\/p>\n\n\n\n<p><\/p>\n\n\n\n<figure class=\"wp-block-image\"><img decoding=\"async\" loading=\"lazy\" width=\"1024\" height=\"562\" src=\"https:\/\/www.monsacpublicitaire.com\/blog\/wp-content\/uploads\/2022\/12\/Espig_bat_v1-1024x562.png\" alt=\"\" class=\"wp-image-1839\" srcset=\"https:\/\/www.monsacpublicitaire.com\/blog\/wp-content\/uploads\/2022\/12\/Espig_bat_v1-1024x562.png 1024w, https:\/\/www.monsacpublicitaire.com\/blog\/wp-content\/uploads\/2022\/12\/Espig_bat_v1-300x165.png 300w, https:\/\/www.monsacpublicitaire.com\/blog\/wp-content\/uploads\/2022\/12\/Espig_bat_v1-768x422.png 768w, https:\/\/www.monsacpublicitaire.com\/blog\/wp-content\/uploads\/2022\/12\/Espig_bat_v1-250x137.png 250w, https:\/\/www.monsacpublicitaire.com\/blog\/wp-content\/uploads\/2022\/12\/Espig_bat_v1-500x274.png 500w\" sizes=\"(max-width: 1024px) 100vw, 1024px\" \/><\/figure>\n\n\n\n<p><p align=\"justify\"> Le petit plus de Mon Sac Publicitaire\u00a0: Possibilit\u00e9 d\u2019inclure de la mati\u00e8re recycl\u00e9e \u00e0 partir de 3 000 exemplaires pour certains formats.<\/p><\/p>\n\n\n\n<p align=\"justify\"> Pour plus d\u2019informations sur nos sacs cabas thermosoud\u00e9s, contactez-nous par mail&nbsp;: <a href=\"mailto:contact@monsacpublicitaire.com\">contact@monsacpublicitaire.com<\/a> ou par t\u00e9l\u00e9phone&nbsp;: 01 42 37 32 61.<\/p>\n\n\n\n<p><\/p>\n\n\n\n<p><br><\/p>\n","protected":false},"excerpt":{"rendered":"<p>Nous avons r\u00e9alis\u00e9 pour ESPIG des sacs cabas r\u00e9utilisables thermosoud\u00e9s personnalis\u00e9s avec leur logo sur les deux faces. Depuis 1876, &hellip;<\/p>\n<p class=\"read-more\"> <a class=\"ast-button\" href=\"https:\/\/www.monsacpublicitaire.com\/blog\/espig-un-sac-rouge-thermosoude-epice\/\"> <span class=\"screen-reader-text\">ESPIG : UN SAC ROUGE THERMOSOUD\u00c9 \u00c9PIC\u00c9 !<\/span> Lire la suite \u00bb<\/a><\/p>\n","protected":false},"author":5,"featured_media":1834,"comment_status":"open","ping_status":"open","sticky":false,"template":"","format":"standard","meta":{"site-sidebar-layout":"default","site-content-layout":"default","ast-global-header-display":"","ast-banner-title-visibility":"","ast-main-header-display":"","ast-hfb-above-header-display":"","ast-hfb-below-header-display":"","ast-hfb-mobile-header-display":"","site-post-title":"","ast-breadcrumbs-content":"","ast-featured-img":"","footer-sml-layout":"","theme-transparent-header-meta":"","adv-header-id-meta":"","stick-header-meta":"","header-above-stick-meta":"","header-main-stick-meta":"","header-below-stick-meta":""},"categories":[1,11,8,60],"tags":[],"_links":{"self":[{"href":"https:\/\/www.monsacpublicitaire.com\/blog\/wp-json\/wp\/v2\/posts\/1831"}],"collection":[{"href":"https:\/\/www.monsacpublicitaire.com\/blog\/wp-json\/wp\/v2\/posts"}],"about":[{"href":"https:\/\/www.monsacpublicitaire.com\/blog\/wp-json\/wp\/v2\/types\/post"}],"author":[{"embeddable":true,"href":"https:\/\/www.monsacpublicitaire.com\/blog\/wp-json\/wp\/v2\/users\/5"}],"replies":[{"embeddable":true,"href":"https:\/\/www.monsacpublicitaire.com\/blog\/wp-json\/wp\/v2\/comments?post=1831"}],"version-history":[{"count":11,"href":"https:\/\/www.monsacpublicitaire.com\/blog\/wp-json\/wp\/v2\/posts\/1831\/revisions"}],"predecessor-version":[{"id":1854,"href":"https:\/\/www.monsacpublicitaire.com\/blog\/wp-json\/wp\/v2\/posts\/1831\/revisions\/1854"}],"wp:featuredmedia":[{"embeddable":true,"href":"https:\/\/www.monsacpublicitaire.com\/blog\/wp-json\/wp\/v2\/media\/1834"}],"wp:attachment":[{"href":"https:\/\/www.monsacpublicitaire.com\/blog\/wp-json\/wp\/v2\/media?parent=1831"}],"wp:term":[{"taxonomy":"category","embeddable":true,"href":"https:\/\/www.monsacpublicitaire.com\/blog\/wp-json\/wp\/v2\/categories?post=1831"},{"taxonomy":"post_tag","embeddable":true,"href":"https:\/\/www.monsacpublicitaire.com\/blog\/wp-json\/wp\/v2\/tags?post=1831"}],"curies":[{"name":"wp","href":"https:\/\/api.w.org\/{rel}","templated":true}]}}