{"id":1912,"date":"2023-01-05T17:48:37","date_gmt":"2023-01-05T16:48:37","guid":{"rendered":"https:\/\/www.monsacpublicitaire.com\/blog\/?p=1912"},"modified":"2023-06-22T10:48:28","modified_gmt":"2023-06-22T08:48:28","slug":"resolution-pour-lannee-2023-lancement-de-mon-sac-publicitaire-sur-les-reseaux-sociaux","status":"publish","type":"post","link":"https:\/\/www.monsacpublicitaire.com\/blog\/resolution-pour-lannee-2023-lancement-de-mon-sac-publicitaire-sur-les-reseaux-sociaux\/","title":{"rendered":"R\u00e9solution pour l\u2019ann\u00e9e 2023 : lancement de MON SAC PUBLICITAIRE sur les r\u00e9seaux sociaux"},"content":{"rendered":"\n<figure class=\"wp-block-image\"><img decoding=\"async\" loading=\"lazy\" width=\"1024\" height=\"1024\" src=\"https:\/\/www.monsacpublicitaire.com\/blog\/wp-content\/uploads\/2023\/01\/Bonne-Ann\u00e9e-1024x1024.png\" alt=\"\" class=\"wp-image-1913\" srcset=\"https:\/\/www.monsacpublicitaire.com\/blog\/wp-content\/uploads\/2023\/01\/Bonne-Ann\u00e9e-1024x1024.png 1024w, https:\/\/www.monsacpublicitaire.com\/blog\/wp-content\/uploads\/2023\/01\/Bonne-Ann\u00e9e-150x150.png 150w, https:\/\/www.monsacpublicitaire.com\/blog\/wp-content\/uploads\/2023\/01\/Bonne-Ann\u00e9e-300x300.png 300w, https:\/\/www.monsacpublicitaire.com\/blog\/wp-content\/uploads\/2023\/01\/Bonne-Ann\u00e9e-768x768.png 768w, https:\/\/www.monsacpublicitaire.com\/blog\/wp-content\/uploads\/2023\/01\/Bonne-Ann\u00e9e-250x250.png 250w, https:\/\/www.monsacpublicitaire.com\/blog\/wp-content\/uploads\/2023\/01\/Bonne-Ann\u00e9e.png 1080w\" sizes=\"(max-width: 1024px) 100vw, 1024px\" \/><\/figure>\n\n\n\n<p>Chers clients,&nbsp;<\/p>\n\n\n\n<p>Nous vous souhaitons \u00e0 tous une tr\u00e8s heureuse ann\u00e9e 2023&nbsp;!&nbsp;<\/p>\n\n\n\n<p>Cette nouvelle ann\u00e9e est synonyme de nouveaux d\u00e9fis et de nouvelles opportunit\u00e9s pour nous tous. Chez MON SAC PUBLICITAIRE, nous avons d\u00e9cid\u00e9 de relever le d\u00e9fi et de nous engager dans un nouveau domaine : les r\u00e9seaux sociaux.&nbsp;<\/p>\n\n\n\n<p>Nous souhaitons offrir \u00e0 nos clients la possibilit\u00e9 de partager plus facilement leur exp\u00e9rience avec notre entreprise et d&rsquo;acc\u00e9der aux derni\u00e8res informations et actualit\u00e9s sur nos produits et services. Vous pourrez ainsi d\u00e9couvrir nos derni\u00e8res r\u00e9alisations de sacs personnalis\u00e9s.<\/p>\n\n\n\n<p>Pour nous assister dans ce nouveau projet, nous serons accompagn\u00e9s par Elina qui a rejoint l\u2019\u00e9quipe au mois de novembre.<\/p>\n\n\n\n<p>Que cette nouvelle ann\u00e9e soit riche en opportunit\u00e9s et en succ\u00e8s pour nous tous.&nbsp;<\/p>\n\n\n\n<p>Nous comptons sur vous pour partager cette bonne nouvelle !&nbsp;\ud83e\udd29<\/p>\n\n\n\n<p>A tr\u00e8s vite sur les r\u00e9seaux&nbsp;\ud83d\udc4b<\/p>\n\n\n\n<p><a href=\"https:\/\/www.instagram.com\/mon_sac_publicitaire\/\">Instagram<\/a><\/p>\n\n\n\n<p><a href=\"https:\/\/www.facebook.com\/people\/Mon-Sac-Publicitaire\/100088865240290\/\">Facebook<\/a><\/p>\n\n\n\n<p><a href=\"https:\/\/cn.linkedin.com\/company\/mon-sac-publicitaire\">Linkedin<\/a><\/p>\n\n\n\n<p><a href=\"https:\/\/www.pinterest.fr\/monsacpublicitaire\/\">Pinterest<\/a><\/p>\n\n\n\n<p>L&rsquo;\u00e9quipe MON SAC PUBLICITAIRE<\/p>\n","protected":false},"excerpt":{"rendered":"<p>Chers clients,&nbsp; Nous vous souhaitons \u00e0 tous une tr\u00e8s heureuse ann\u00e9e 2023&nbsp;!&nbsp; Cette nouvelle ann\u00e9e est synonyme de nouveaux d\u00e9fis &hellip;<\/p>\n<p class=\"read-more\"> <a class=\"ast-button\" href=\"https:\/\/www.monsacpublicitaire.com\/blog\/resolution-pour-lannee-2023-lancement-de-mon-sac-publicitaire-sur-les-reseaux-sociaux\/\"> <span class=\"screen-reader-text\">R\u00e9solution pour l\u2019ann\u00e9e 2023 : lancement de MON SAC PUBLICITAIRE sur les r\u00e9seaux sociaux<\/span> Lire la suite \u00bb<\/a><\/p>\n","protected":false},"author":5,"featured_media":2111,"comment_status":"open","ping_status":"open","sticky":false,"template":"","format":"standard","meta":{"site-sidebar-layout":"default","site-content-layout":"default","ast-global-header-display":"","ast-banner-title-visibility":"","ast-main-header-display":"","ast-hfb-above-header-display":"","ast-hfb-below-header-display":"","ast-hfb-mobile-header-display":"","site-post-title":"","ast-breadcrumbs-content":"","ast-featured-img":"","footer-sml-layout":"","theme-transparent-header-meta":"","adv-header-id-meta":"","stick-header-meta":"","header-above-stick-meta":"","header-main-stick-meta":"","header-below-stick-meta":""},"categories":[1],"tags":[],"_links":{"self":[{"href":"https:\/\/www.monsacpublicitaire.com\/blog\/wp-json\/wp\/v2\/posts\/1912"}],"collection":[{"href":"https:\/\/www.monsacpublicitaire.com\/blog\/wp-json\/wp\/v2\/posts"}],"about":[{"href":"https:\/\/www.monsacpublicitaire.com\/blog\/wp-json\/wp\/v2\/types\/post"}],"author":[{"embeddable":true,"href":"https:\/\/www.monsacpublicitaire.com\/blog\/wp-json\/wp\/v2\/users\/5"}],"replies":[{"embeddable":true,"href":"https:\/\/www.monsacpublicitaire.com\/blog\/wp-json\/wp\/v2\/comments?post=1912"}],"version-history":[{"count":1,"href":"https:\/\/www.monsacpublicitaire.com\/blog\/wp-json\/wp\/v2\/posts\/1912\/revisions"}],"predecessor-version":[{"id":1914,"href":"https:\/\/www.monsacpublicitaire.com\/blog\/wp-json\/wp\/v2\/posts\/1912\/revisions\/1914"}],"wp:featuredmedia":[{"embeddable":true,"href":"https:\/\/www.monsacpublicitaire.com\/blog\/wp-json\/wp\/v2\/media\/2111"}],"wp:attachment":[{"href":"https:\/\/www.monsacpublicitaire.com\/blog\/wp-json\/wp\/v2\/media?parent=1912"}],"wp:term":[{"taxonomy":"category","embeddable":true,"href":"https:\/\/www.monsacpublicitaire.com\/blog\/wp-json\/wp\/v2\/categories?post=1912"},{"taxonomy":"post_tag","embeddable":true,"href":"https:\/\/www.monsacpublicitaire.com\/blog\/wp-json\/wp\/v2\/tags?post=1912"}],"curies":[{"name":"wp","href":"https:\/\/api.w.org\/{rel}","templated":true}]}}