{"id":1932,"date":"2023-03-21T12:53:36","date_gmt":"2023-03-21T11:53:36","guid":{"rendered":"https:\/\/www.monsacpublicitaire.com\/blog\/?p=1932"},"modified":"2023-06-22T10:34:17","modified_gmt":"2023-06-22T08:34:17","slug":"sac-en-kraft-personnalise-pourquoi-est-il-important-de-les-utiliser","status":"publish","type":"post","link":"https:\/\/www.monsacpublicitaire.com\/blog\/sac-en-kraft-personnalise-pourquoi-est-il-important-de-les-utiliser\/","title":{"rendered":"Sac en kraft personnalis\u00e9 : pourquoi est-il important de les utiliser ?"},"content":{"rendered":"\n<figure class=\"wp-block-image\"><img decoding=\"async\" loading=\"lazy\" width=\"1024\" height=\"492\" src=\"https:\/\/www.monsacpublicitaire.com\/blog\/wp-content\/uploads\/2023\/03\/Sacs-kraft--1024x492.png\" alt=\"\" class=\"wp-image-1933\" srcset=\"https:\/\/www.monsacpublicitaire.com\/blog\/wp-content\/uploads\/2023\/03\/Sacs-kraft--1024x492.png 1024w, https:\/\/www.monsacpublicitaire.com\/blog\/wp-content\/uploads\/2023\/03\/Sacs-kraft--300x144.png 300w, https:\/\/www.monsacpublicitaire.com\/blog\/wp-content\/uploads\/2023\/03\/Sacs-kraft--768x369.png 768w, https:\/\/www.monsacpublicitaire.com\/blog\/wp-content\/uploads\/2023\/03\/Sacs-kraft--250x120.png 250w, https:\/\/www.monsacpublicitaire.com\/blog\/wp-content\/uploads\/2023\/03\/Sacs-kraft--500x240.png 500w, https:\/\/www.monsacpublicitaire.com\/blog\/wp-content\/uploads\/2023\/03\/Sacs-kraft-.png 1750w\" sizes=\"(max-width: 1024px) 100vw, 1024px\" \/><\/figure>\n\n\n\n<p><em>Notre gamme de sacs papier kraft&nbsp;de gauche \u00e0 droite:<a href=\"https:\/\/www.monsacpublicitaire.com\/10-sac-papier-sans-poignees-sos\"> sans poign\u00e9es (ou SOS), <\/a><a href=\"https:\/\/www.monsacpublicitaire.com\/9-sac-papier-poignees-torsades\">\u00e0 poign\u00e9es torsad\u00e9es<\/a>,<a href=\"https:\/\/www.monsacpublicitaire.com\/8-sac-papier-poignees-plates\"> \u00e0 poign\u00e9es plates<\/a><a href=\"https:\/\/www.monsacpublicitaire.com\/69-sac-papier-kraft-personnalise-a-poignees-decoupees\">, \u00e0 poign\u00e9es d\u00e9coup\u00e9es.<\/a><\/em><\/p>\n\n\n\n<p>Les probl\u00e9matiques li\u00e9es \u00e0 la communication dans le monde de l\u2019entreprise sont diverses et vari\u00e9es. Il existe de nombreuses fa\u00e7ons de mettre en lumi\u00e8re son entreprise et de faire parler d\u2019elle. La r\u00e9alisation de sacs publicitaires est une des m\u00e9thodes les plus utilis\u00e9es et appropri\u00e9es pour communiquer aupr\u00e8s de vos clients potentiels et marquer leurs esprits.<\/p>\n\n\n\n<p>Le choix de la mati\u00e8re de vos sacs est un point non n\u00e9gligeable qui est porteur des valeurs de votre entreprise.&nbsp;<\/p>\n\n\n\n<p>Le sac en plastique, bien que pratique, n\u2019a plus le vent en poupe et porte avec lui les images de la pollution de la nature et des oc\u00e9ans de la plan\u00e8te.<\/p>\n\n\n\n<p>En tant qu\u2019entreprise pr\u00e9occup\u00e9e par son environnement et l\u2019avenir de la soci\u00e9t\u00e9, il est n\u00e9cessaire de choisir une ligne de conduite responsable dans la r\u00e9alisation de sa communication, et le choix du mat\u00e9riau de son sac publicitaire est donc lui aussi tr\u00e8s d\u00e9cisif.<\/p>\n\n\n\n<p><strong>Quels sont les avantages d\u2019un sac en kraft ?<\/strong><\/p>\n\n\n\n<p>Le mot kraft est un mot d\u2019origine germanique qui fait r\u00e9f\u00e9rence \u00e0 la force physique. Le papier kraft est un papier tr\u00e8s r\u00e9sistant de couleur brune obtenu \u00e0 base de bois trait\u00e9 \u00e0 la soude. Il est tr\u00e8s souvent utilis\u00e9 pour l\u2019emballage et pour, bien entendu, la cr\u00e9ation de sacs.<\/p>\n\n\n\n<p>La premi\u00e8re qualit\u00e9 du papier kraft, c\u2019est sa haute r\u00e9sistance. Sa capacit\u00e9 \u00e0 r\u00e9sister \u00e0 des charges lourdes en fait une mati\u00e8re parfaitement adapt\u00e9e \u00e0 la confection de sacs pour transporter des charges qui peuvent \u00eatre cons\u00e9quentes. Le sac en kraft est capable de servir de sac de courses et il saura tout aussi bien r\u00e9sister aux besoins de vos clients dans la grande distribution que dans les commerces de proximit\u00e9. Il saura \u00eatre r\u00e9utilis\u00e9 par vos clients et sa facilit\u00e9 \u00e0 se plier pourra lui permettre de se ranger facilement sans prendre de place.&nbsp;<\/p>\n\n\n\n<p>En deuxi\u00e8me point positif vient le respect pour l\u2019environnement du papier kraft.&nbsp;<\/p>\n\n\n\n<p>Le sac en papier kraft est recyclable : son impact sur la nature est minime. Gr\u00e2ce \u00e0 sa capacit\u00e9 \u00e0 \u00eatre transform\u00e9 en p\u00e2te \u00e0 papier, il pourra \u00eatre utilis\u00e9 pour cr\u00e9er de nouveaux sacs ou objets dans la m\u00eame mati\u00e8re.<\/p>\n\n\n\n<p>Un point de plus pour l\u2019\u00e9cologie, face au papier trait\u00e9, color\u00e9 ou blanchi, le papier kraft utilise beaucoup moins de produits nocifs pour sa confection. Le choix de ce type de mat\u00e9riau par votre entreprise d\u00e9livre un message de respect de l\u2019environnement et d\u2019implication dans le d\u00e9veloppement durable car son impact n\u00e9gatif est limit\u00e9.&nbsp;<\/p>\n\n\n\n<p>Un dernier point \u00e9cologique est que, m\u00eame perdu dans la nature, notre sac en papier kraft ne polluera pas l\u2019environnement car il est biod\u00e9gradable et il va donc se d\u00e9sagr\u00e9ger sans laisser de microparticules nocives dans la terre ou dans les eaux environnantes.<\/p>\n\n\n\n<p>Un troisi\u00e8me \u00e9l\u00e9ment marquant est \u00e0 noter, le papier kraft est un rappel \u00e0 un c\u00f4t\u00e9 authentique et aux valeurs de long\u00e9vit\u00e9. Utilis\u00e9 depuis longtemps, son aspect rustique rappelle l\u2019utilisation des anciens contenants par nos grands-parents.<\/p>\n\n\n\n<p>Il faut noter que de nombreux pays nordiques o\u00f9 le respect de l\u2019environnement est primordial, utilisent depuis longtemps les sacs en papier kraft dans tous leurs magasins.<\/p>\n\n\n\n<p><strong>Le sac publicitaire en papier kraft : un produit qui est peu co\u00fbteux et pratique<\/strong><\/p>\n\n\n\n<p>En tant qu\u2019entreprise, une des premi\u00e8res pr\u00e9occupations est le co\u00fbt de cr\u00e9ation d\u2019un produit. La communication est un domaine important pour faire perdurer l\u2019image de marque de votre entreprise et m\u00eame si la qualit\u00e9 est importante, le prix des mat\u00e9riaux est l\u2019un des points principaux lors du choix d\u2019un sac publicitaire.&nbsp;<\/p>\n\n\n\n<p>Le papier kraft, en plus d\u2019\u00eatre tr\u00e8s r\u00e9sistant et \u00e9cologique, a un co\u00fbt de fabrication peu \u00e9lev\u00e9. En effet, les sacs en papier kraft sans poign\u00e9es ou SOS, avec poign\u00e9es plates, d\u00e9coup\u00e9es ou torsad\u00e9es font l\u2019objet d\u2019une fabrication automatique avec une intervention humaine et une manutention limit\u00e9es. Du fait de sa mati\u00e8re, le papier kraft est facile \u00e0 d\u00e9couper et mettre en forme.&nbsp;Il est thermocoll\u00e9&nbsp;et il ne n\u00e9cessite pas de pi\u00e8ces suppl\u00e9mentaires pour \u00eatre fabriqu\u00e9 comme des liens ou des agrafes.<\/p>\n\n\n\n<p>Qui dit facilit\u00e9 de fabrication, dit rapidit\u00e9 et donc co\u00fbts moins \u00e9lev\u00e9s pour votre entreprise.<\/p>\n\n\n\n<p>Nos sacs publicitaires en papier kraft peuvent \u00eatre produits en grande quantit\u00e9 tout en gardant la m\u00eame qualit\u00e9.&nbsp;<\/p>\n\n\n\n<p><strong>Le sac publicitaire en papier kraft pour porter votre logo et votre slogan<\/strong><\/p>\n\n\n\n<p>Les sacs publicitaires en papier kraft sont g\u00e9n\u00e9ralement imprim\u00e9s aux couleurs de votre marque en flexographie.<\/p>\n\n\n\n<p>Votre logo ressortira sur un papier de qualit\u00e9 en noir ou en couleur selon vos besoins.<\/p>\n\n\n\n<p>L\u2019utilisation d\u2019encres respectueuses de l\u2019environnement enverra un message suppl\u00e9mentaire \u00e0 vos clients leur permettant de voir une fois de plus votre implication dans le d\u00e9veloppement durable.<\/p>\n\n\n\n<p><strong>Mais un sac kraft peut \u00e9galement \u00eatre haut de gamme<\/strong><\/p>\n\n\n\n<p>Il est possible de rendre votre sac en papier kraft plus luxueux et chic en faisant le choix d\u2019un <a href=\"https:\/\/www.monsacpublicitaire.com\/6-sac-papier-luxe\">sac papier luxe<\/a> utilisant un kraft \u00e9pais de 170 gr\/m2 minimum, des renforts en carton et des poign\u00e9es cordelettes ou ruban. Vous aurez alors, la possibilit\u00e9 d\u2019imprimer votre logo avec un vernis UV s\u00e9lectif ou avec une dorure \u00e0 chaud et de cr\u00e9er une impression en relief en utilisant un gaufrage. Ces diff\u00e9rentes options d\u2019impression feront effet aupr\u00e8s de vos clients.&nbsp;<\/p>\n\n\n\n<figure class=\"wp-block-gallery has-nested-images columns-default is-cropped wp-block-gallery-1 is-layout-flex\">\n<figure class=\"wp-block-image\"><img decoding=\"async\" loading=\"lazy\" width=\"1024\" height=\"768\" data-id=\"1935\"  src=\"https:\/\/www.monsacpublicitaire.com\/blog\/wp-content\/uploads\/2023\/03\/SOGERES-1024x768.png\" alt=\"\" class=\"wp-image-1935\" srcset=\"https:\/\/www.monsacpublicitaire.com\/blog\/wp-content\/uploads\/2023\/03\/SOGERES-1024x768.png 1024w, https:\/\/www.monsacpublicitaire.com\/blog\/wp-content\/uploads\/2023\/03\/SOGERES-300x225.png 300w, https:\/\/www.monsacpublicitaire.com\/blog\/wp-content\/uploads\/2023\/03\/SOGERES-768x576.png 768w, https:\/\/www.monsacpublicitaire.com\/blog\/wp-content\/uploads\/2023\/03\/SOGERES-250x188.png 250w, https:\/\/www.monsacpublicitaire.com\/blog\/wp-content\/uploads\/2023\/03\/SOGERES-400x300.png 400w, https:\/\/www.monsacpublicitaire.com\/blog\/wp-content\/uploads\/2023\/03\/SOGERES.png 1772w\" sizes=\"(max-width: 1024px) 100vw, 1024px\" \/><\/figure>\n\n\n\n<figure class=\"wp-block-image\"><img decoding=\"async\" loading=\"lazy\" width=\"1024\" height=\"683\" data-id=\"1939\"  src=\"https:\/\/www.monsacpublicitaire.com\/blog\/wp-content\/uploads\/2023\/03\/ARBOSANTE-1-1024x683.png\" alt=\"\" class=\"wp-image-1939\" srcset=\"https:\/\/www.monsacpublicitaire.com\/blog\/wp-content\/uploads\/2023\/03\/ARBOSANTE-1-1024x683.png 1024w, https:\/\/www.monsacpublicitaire.com\/blog\/wp-content\/uploads\/2023\/03\/ARBOSANTE-1-300x200.png 300w, https:\/\/www.monsacpublicitaire.com\/blog\/wp-content\/uploads\/2023\/03\/ARBOSANTE-1-768x512.png 768w, https:\/\/www.monsacpublicitaire.com\/blog\/wp-content\/uploads\/2023\/03\/ARBOSANTE-1-250x167.png 250w, https:\/\/www.monsacpublicitaire.com\/blog\/wp-content\/uploads\/2023\/03\/ARBOSANTE-1-450x300.png 450w\" sizes=\"(max-width: 1024px) 100vw, 1024px\" \/><\/figure>\n<\/figure>\n\n\n\n<p class=\"has-text-align-center\"><em>Sacs papier luxe en krafs \u00e9pais<\/em><\/p>\n\n\n\n<p>De nombreuses m\u00e9thodes existent pour que votre communication sur nos sacs en papier kraft soit efficace et originale.<\/p>\n\n\n\n<p>De nombreuses marques ont d\u00e9j\u00e0 compris que le sac publicitaire en papier kraft est le choix id\u00e9al pour porter les valeurs et la communication de leur soci\u00e9t\u00e9.<\/p>\n\n\n\n<p>Notre entreprise \u201cMON SAC PUBLICITAIRE\u201d est l\u00e0 pour vous guider dans votre choix de communication et nous sommes disponibles par t\u00e9l\u00e9phone au 01 42 37 32 61 ou par mail&nbsp;<a href=\"mailto:contact@monsacpublicitaire.com\">contact@monsacpublicitaire.com<\/a>&nbsp;pour r\u00e9pondre \u00e0 toutes vos interrogations.<\/p>\n","protected":false},"excerpt":{"rendered":"<p>Notre gamme de sacs papier kraft&nbsp;de gauche \u00e0 droite: sans poign\u00e9es (ou SOS), \u00e0 poign\u00e9es torsad\u00e9es, \u00e0 poign\u00e9es plates, \u00e0 &hellip;<\/p>\n<p class=\"read-more\"> <a class=\"ast-button\" href=\"https:\/\/www.monsacpublicitaire.com\/blog\/sac-en-kraft-personnalise-pourquoi-est-il-important-de-les-utiliser\/\"> <span class=\"screen-reader-text\">Sac en kraft personnalis\u00e9 : pourquoi est-il important de les utiliser ?<\/span> Lire la suite \u00bb<\/a><\/p>\n","protected":false},"author":5,"featured_media":1933,"comment_status":"open","ping_status":"open","sticky":false,"template":"","format":"standard","meta":{"site-sidebar-layout":"default","site-content-layout":"default","ast-global-header-display":"","ast-banner-title-visibility":"","ast-main-header-display":"","ast-hfb-above-header-display":"","ast-hfb-below-header-display":"","ast-hfb-mobile-header-display":"","site-post-title":"","ast-breadcrumbs-content":"","ast-featured-img":"","footer-sml-layout":"","theme-transparent-header-meta":"","adv-header-id-meta":"","stick-header-meta":"","header-above-stick-meta":"","header-main-stick-meta":"","header-below-stick-meta":""},"categories":[1,6],"tags":[],"_links":{"self":[{"href":"https:\/\/www.monsacpublicitaire.com\/blog\/wp-json\/wp\/v2\/posts\/1932"}],"collection":[{"href":"https:\/\/www.monsacpublicitaire.com\/blog\/wp-json\/wp\/v2\/posts"}],"about":[{"href":"https:\/\/www.monsacpublicitaire.com\/blog\/wp-json\/wp\/v2\/types\/post"}],"author":[{"embeddable":true,"href":"https:\/\/www.monsacpublicitaire.com\/blog\/wp-json\/wp\/v2\/users\/5"}],"replies":[{"embeddable":true,"href":"https:\/\/www.monsacpublicitaire.com\/blog\/wp-json\/wp\/v2\/comments?post=1932"}],"version-history":[{"count":6,"href":"https:\/\/www.monsacpublicitaire.com\/blog\/wp-json\/wp\/v2\/posts\/1932\/revisions"}],"predecessor-version":[{"id":2110,"href":"https:\/\/www.monsacpublicitaire.com\/blog\/wp-json\/wp\/v2\/posts\/1932\/revisions\/2110"}],"wp:featuredmedia":[{"embeddable":true,"href":"https:\/\/www.monsacpublicitaire.com\/blog\/wp-json\/wp\/v2\/media\/1933"}],"wp:attachment":[{"href":"https:\/\/www.monsacpublicitaire.com\/blog\/wp-json\/wp\/v2\/media?parent=1932"}],"wp:term":[{"taxonomy":"category","embeddable":true,"href":"https:\/\/www.monsacpublicitaire.com\/blog\/wp-json\/wp\/v2\/categories?post=1932"},{"taxonomy":"post_tag","embeddable":true,"href":"https:\/\/www.monsacpublicitaire.com\/blog\/wp-json\/wp\/v2\/tags?post=1932"}],"curies":[{"name":"wp","href":"https:\/\/api.w.org\/{rel}","templated":true}]}}