{"id":1963,"date":"2023-04-25T12:11:44","date_gmt":"2023-04-25T10:11:44","guid":{"rendered":"https:\/\/www.monsacpublicitaire.com\/blog\/?p=1963"},"modified":"2023-06-19T17:49:04","modified_gmt":"2023-06-19T15:49:04","slug":"des-sacs-en-toile-de-jute-pour-lagence-immobiliere-stephane-plaza","status":"publish","type":"post","link":"https:\/\/www.monsacpublicitaire.com\/blog\/des-sacs-en-toile-de-jute-pour-lagence-immobiliere-stephane-plaza\/","title":{"rendered":"Des sacs en toile de jute pour l&rsquo;agence immobili\u00e8re St\u00e9phane Plaza !"},"content":{"rendered":"\n<p><\/p>\n\n\n\n<figure class=\"wp-block-gallery aligncenter has-nested-images columns-default is-cropped wp-block-gallery-1 is-layout-flex\">\n<figure class=\"wp-block-image size-large\"><a href=\"https:\/\/www.monsacpublicitaire.com\/blog\/wp-content\/uploads\/2023\/04\/sacs-toile-jute-stephane-plaza.png\"><img decoding=\"async\" loading=\"lazy\" width=\"1024\" height=\"512\" data-id=\"2089\"  src=\"https:\/\/www.monsacpublicitaire.com\/blog\/wp-content\/uploads\/2023\/04\/sacs-toile-jute-stephane-plaza-1024x512.png\" alt=\"\" class=\"wp-image-2089\" srcset=\"https:\/\/www.monsacpublicitaire.com\/blog\/wp-content\/uploads\/2023\/04\/sacs-toile-jute-stephane-plaza-1024x512.png 1024w, https:\/\/www.monsacpublicitaire.com\/blog\/wp-content\/uploads\/2023\/04\/sacs-toile-jute-stephane-plaza-300x150.png 300w, https:\/\/www.monsacpublicitaire.com\/blog\/wp-content\/uploads\/2023\/04\/sacs-toile-jute-stephane-plaza-768x384.png 768w, https:\/\/www.monsacpublicitaire.com\/blog\/wp-content\/uploads\/2023\/04\/sacs-toile-jute-stephane-plaza-250x125.png 250w, https:\/\/www.monsacpublicitaire.com\/blog\/wp-content\/uploads\/2023\/04\/sacs-toile-jute-stephane-plaza.png 1200w\" sizes=\"(max-width: 1024px) 100vw, 1024px\" \/><\/a><\/figure>\n<\/figure>\n\n\n\n<p>Nous avons r\u00e9alis\u00e9 pour St\u00e9phane Plaza des sacs en toile de jute personnalis\u00e9s avec deux faces diff\u00e9rentes.<\/p>\n\n\n\n<p> Petite originalit\u00e9 du mod\u00e8le : jute blanche sur les faces et jute naturelle sur les soufflets.<\/p>\n\n\n\n<p class=\"has-text-align-left\">St\u00e9phane Plaza&nbsp;&nbsp;est un r\u00e9seau fran\u00e7ais d\u2019agences immobili\u00e8res fond\u00e9 par l\u2019animateur sp\u00e9cialis\u00e9 dans l\u2019immobilier St\u00e9phane Plaza en 2015<\/p>\n\n\n\n<p>L&rsquo;\u00e9quipe de STEPHANE PLAZA IMMOBILIER est compos\u00e9e d&rsquo;experts qualifi\u00e9s et exp\u00e9riment\u00e9s en immobilier qui s&rsquo;engagent \u00e0 satisfaire les besoins et les attentes de chaque client.<\/p>\n\n\n\n<p>A l\u2019occasion du&nbsp;d\u00e9m\u00e9nagement de leur agence immobili\u00e8re, l\u2019agence St\u00e9phane Plaza de la ville d\u2019Antony a d\u00e9cid\u00e9 de distribuer des grands sacs cabas en toile de jute personnalis\u00e9s aux&nbsp;antoniens afin de promouvoir les&nbsp;achats en centre ville avec leur logo au recto et le slogan&nbsp;\u00ab&nbsp;acheter local au verso\u00a0\u00bb.<\/p>\n\n\n\n<p>Le sac en toile de jute est un produit pratique, ultra r\u00e9sistant et super tendance. Son c\u00f4t\u00e9 naturel et sa fabrication en fibre de&nbsp;jute, cueillie sans pesticide, fait de lui un excellent produit pour&nbsp;communiquer en v\u00e9hiculant une image \u00e0 la fois respectueuse de l\u2019environnement mais aussi durable car les sacs en toile de jute avec pelliculage int\u00e9rieur ont une dur\u00e9e de vie d\u2019au moins 10 ans. Ce produit est disponible \u00e0 partir de 250&nbsp;exemplaires.<\/p>\n\n\n\n<p>Sac cabas en toile de jute :<\/p>\n\n\n\n<p>C\u00f4t\u00e9s technique&nbsp;:&nbsp;<\/p>\n\n\n\n<ul>\n<li>Dimension&nbsp;: 46,5 cm + 18 cm x 33,5 cm (autres formats disponibles)&nbsp;&nbsp;<\/li>\n\n\n\n<li>Impression&nbsp;: 2 couleurs sur deux faces avec recto et verso diff\u00e9rents&nbsp;&nbsp;<\/li>\n\n\n\n<li>Mati\u00e8re&nbsp;: Jute 340 gr lamin\u00e9e \u00e0 l&rsquo;int\u00e9rieur<\/li>\n\n\n\n<li>Jute blanche sur les faces &#8211; Jute naturelle dans les soufflets &nbsp;<\/li>\n\n\n\n<li>Poign\u00e9es en coton couleur jute naturelle<\/li>\n\n\n\n<li>R\u00e9sistance jusqu\u2019\u00e0 30kg <\/li>\n<\/ul>\n\n\n\n<p>Le petit plus de Mon Sac Publicitaire : Tous les formats possibles \u00e0 partir de 250 exemplaires <\/p>\n\n\n\n<p>Pour plus d\u2019informations sur nos sacs en toile de jute personnalis\u00e9s, contactez-nous par mail :&nbsp;<a rel=\"noreferrer noopener\" href=\"mailto:contact@monsacpublicitaire.com\" target=\"_blank\">contact@monsacpublicitaire.com<\/a>&nbsp;ou par t\u00e9l\u00e9phone : 01 42 37 32 61.<\/p>\n","protected":false},"excerpt":{"rendered":"<p>Nous avons r\u00e9alis\u00e9 pour St\u00e9phane Plaza des sacs en toile de jute personnalis\u00e9s avec deux faces diff\u00e9rentes. Petite originalit\u00e9 du &hellip;<\/p>\n<p class=\"read-more\"> <a class=\"ast-button\" href=\"https:\/\/www.monsacpublicitaire.com\/blog\/des-sacs-en-toile-de-jute-pour-lagence-immobiliere-stephane-plaza\/\"> <span class=\"screen-reader-text\">Des sacs en toile de jute pour l&rsquo;agence immobili\u00e8re St\u00e9phane Plaza !<\/span> Lire la suite \u00bb<\/a><\/p>\n","protected":false},"author":5,"featured_media":2089,"comment_status":"open","ping_status":"open","sticky":false,"template":"","format":"standard","meta":{"site-sidebar-layout":"default","site-content-layout":"default","ast-global-header-display":"","ast-banner-title-visibility":"","ast-main-header-display":"","ast-hfb-above-header-display":"","ast-hfb-below-header-display":"","ast-hfb-mobile-header-display":"","site-post-title":"","ast-breadcrumbs-content":"","ast-featured-img":"","footer-sml-layout":"","theme-transparent-header-meta":"","adv-header-id-meta":"","stick-header-meta":"","header-above-stick-meta":"","header-main-stick-meta":"","header-below-stick-meta":""},"categories":[1],"tags":[],"_links":{"self":[{"href":"https:\/\/www.monsacpublicitaire.com\/blog\/wp-json\/wp\/v2\/posts\/1963"}],"collection":[{"href":"https:\/\/www.monsacpublicitaire.com\/blog\/wp-json\/wp\/v2\/posts"}],"about":[{"href":"https:\/\/www.monsacpublicitaire.com\/blog\/wp-json\/wp\/v2\/types\/post"}],"author":[{"embeddable":true,"href":"https:\/\/www.monsacpublicitaire.com\/blog\/wp-json\/wp\/v2\/users\/5"}],"replies":[{"embeddable":true,"href":"https:\/\/www.monsacpublicitaire.com\/blog\/wp-json\/wp\/v2\/comments?post=1963"}],"version-history":[{"count":10,"href":"https:\/\/www.monsacpublicitaire.com\/blog\/wp-json\/wp\/v2\/posts\/1963\/revisions"}],"predecessor-version":[{"id":2091,"href":"https:\/\/www.monsacpublicitaire.com\/blog\/wp-json\/wp\/v2\/posts\/1963\/revisions\/2091"}],"wp:featuredmedia":[{"embeddable":true,"href":"https:\/\/www.monsacpublicitaire.com\/blog\/wp-json\/wp\/v2\/media\/2089"}],"wp:attachment":[{"href":"https:\/\/www.monsacpublicitaire.com\/blog\/wp-json\/wp\/v2\/media?parent=1963"}],"wp:term":[{"taxonomy":"category","embeddable":true,"href":"https:\/\/www.monsacpublicitaire.com\/blog\/wp-json\/wp\/v2\/categories?post=1963"},{"taxonomy":"post_tag","embeddable":true,"href":"https:\/\/www.monsacpublicitaire.com\/blog\/wp-json\/wp\/v2\/tags?post=1963"}],"curies":[{"name":"wp","href":"https:\/\/api.w.org\/{rel}","templated":true}]}}