{"id":2032,"date":"2023-06-13T16:58:38","date_gmt":"2023-06-13T14:58:38","guid":{"rendered":"https:\/\/www.monsacpublicitaire.com\/blog\/?p=2032"},"modified":"2023-06-19T17:06:06","modified_gmt":"2023-06-19T15:06:06","slug":"affichez-votre-fierte-avec-notre-tote-bag-en-coton-personnalise-aux-couleurs-de-la-communaute-lgbt","status":"publish","type":"post","link":"https:\/\/www.monsacpublicitaire.com\/blog\/affichez-votre-fierte-avec-notre-tote-bag-en-coton-personnalise-aux-couleurs-de-la-communaute-lgbt\/","title":{"rendered":"Affichez votre fiert\u00e9 avec notre tote bag en coton personnalis\u00e9 aux couleurs de la communaut\u00e9 LGBT !"},"content":{"rendered":"\n<figure class=\"wp-block-image size-large\"><a href=\"https:\/\/www.monsacpublicitaire.com\/blog\/wp-content\/uploads\/2023\/06\/Sac-personnalises-lgbt.png\"><img decoding=\"async\" loading=\"lazy\" width=\"1024\" height=\"512\" src=\"https:\/\/www.monsacpublicitaire.com\/blog\/wp-content\/uploads\/2023\/06\/Sac-personnalises-lgbt-1024x512.png\" alt=\"\" class=\"wp-image-2080\" srcset=\"https:\/\/www.monsacpublicitaire.com\/blog\/wp-content\/uploads\/2023\/06\/Sac-personnalises-lgbt-1024x512.png 1024w, https:\/\/www.monsacpublicitaire.com\/blog\/wp-content\/uploads\/2023\/06\/Sac-personnalises-lgbt-300x150.png 300w, https:\/\/www.monsacpublicitaire.com\/blog\/wp-content\/uploads\/2023\/06\/Sac-personnalises-lgbt-768x384.png 768w, https:\/\/www.monsacpublicitaire.com\/blog\/wp-content\/uploads\/2023\/06\/Sac-personnalises-lgbt-250x125.png 250w, https:\/\/www.monsacpublicitaire.com\/blog\/wp-content\/uploads\/2023\/06\/Sac-personnalises-lgbt.png 1200w\" sizes=\"(max-width: 1024px) 100vw, 1024px\" \/><\/a><\/figure>\n\n\n\n<p>Le mois des fiert\u00e9s est l&rsquo;occasion id\u00e9ale de c\u00e9l\u00e9brer la diversit\u00e9, l&rsquo;amour et l&rsquo;inclusion.<\/p>\n\n\n\n<p>Chez Monsacpublicitaire.com, nous sommes fiers de vous pr\u00e9senter notre tote bag en coton personnalis\u00e9, sp\u00e9cialement con\u00e7u pour soutenir la communaut\u00e9 LGBT. Avec ses couleurs vibrantes du drapeau arc-en-ciel, ce sac r\u00e9utilisable est \u00e0 la fois un accessoire tendance et un symbole fort de fiert\u00e9. <\/p>\n\n\n\n<p>D\u00e9couvrez comment ce sac repr\u00e9sente bien plus qu&rsquo;un simple article promotionnel, et comment il peut devenir votre compagnon id\u00e9al pour exprimer votre engagement envers l&rsquo;\u00e9galit\u00e9 et l&rsquo;inclusion.<\/p>\n\n\n\n<p><strong>Un symbole de fiert\u00e9 et d&rsquo;inclusion:<\/strong><\/p>\n\n\n\n<p>Notre sac en coton aux couleurs de l&rsquo;arc-en-ciel est bien plus qu&rsquo;un simple sac. Il incarne les valeurs de la communaut\u00e9 LGBT et permet de diffuser un message fort de fiert\u00e9 et d&rsquo;inclusion. Que vous participiez \u00e0 une marche de la gay pride, fassiez vos courses ou vous promeniez en ville, ce sac arc-en-ciel sera votre compagnon de confiance pour afficher votre soutien et votre engagement envers les droits de la communaut\u00e9 LGBT.<\/p>\n\n\n\n<p><strong>Personnalisation pour une expression unique: <\/strong><\/p>\n\n\n\n<p>Chez monsacpublicitaire.com, nous croyons en l&rsquo;importance de l&rsquo;expression personnelle. C&rsquo;est pourquoi notre tote bag LGBT est enti\u00e8rement personnalisable ! Ajoutez-y un texte inspirant, un slogan engag\u00e9 ou m\u00eame votre propre logo. Gr\u00e2ce \u00e0 cette personnalisation, votre sac deviendra un v\u00e9ritable symbole de votre identit\u00e9 et de votre soutien \u00e0 la communaut\u00e9. Affichez votre fiert\u00e9 avec style et laissez parler votre cr\u00e9ativit\u00e9 !<\/p>\n\n\n\n<p><strong>Un sac r\u00e9utilisable, un engagement durable: <\/strong><\/p>\n\n\n\n<p>Outre son aspect symbolique, notre tote bag arc-en-ciel est \u00e9galement un choix \u00e9cologique. Fabriqu\u00e9 en coton durable, il est r\u00e9utilisable et contribue \u00e0 r\u00e9duire la consommation de sacs plastiques \u00e0 usage unique. En optant pour ce sac de fiert\u00e9 r\u00e9utilisable, vous participez \u00e0 la pr\u00e9servation de l&rsquo;environnement tout en affichant votre soutien \u00e0 la cause LGBT.<\/p>\n\n\n\n<p><strong>Le sac de la gay pride pour tous: <\/strong><\/p>\n\n\n\n<p>Notre sac \u00e0 provisions arc-en-ciel est destin\u00e9 \u00e0 tous, quels que soient votre identit\u00e9 ou votre orientation sexuelle. Il est le symbole de l&rsquo;\u00e9galit\u00e9 et de l&rsquo;amour universel. En le portant, vous rejoignez un mouvement mondial qui d\u00e9fend les droits de chacun et encourage la diversit\u00e9. Montrez au monde entier que vous \u00eates fier(e) d&rsquo;\u00eatre qui vous \u00eates et que vous soutenez la lutte pour l&rsquo;\u00e9galit\u00e9 des droits.<\/p>\n\n\n\n<p>Le mois des fiert\u00e9s est l&rsquo;occasion parfaite pour afficher votre soutien \u00e0 la communaut\u00e9 LGBT et exprimer votre fiert\u00e9 avec notre tote bag en coton personnalis\u00e9 aux couleurs de l&rsquo;arc-en-ciel. Ce sac r\u00e9utilisable va au-del\u00e0 d&rsquo;un simple accessoire, il est un symbole de l&rsquo;amour, de l&rsquo;inclusion et de l&rsquo;\u00e9galit\u00e9. Optez pour un sac qui refl\u00e8te votre identit\u00e9 et votre engagement envers la diversit\u00e9. Ensemble, portons haut les couleurs de la fiert\u00e9 et de l&rsquo;inclusion !<\/p>\n\n\n\n<p><\/p>\n","protected":false},"excerpt":{"rendered":"<p>Le mois des fiert\u00e9s est l&rsquo;occasion id\u00e9ale de c\u00e9l\u00e9brer la diversit\u00e9, l&rsquo;amour et l&rsquo;inclusion. Chez Monsacpublicitaire.com, nous sommes fiers de &hellip;<\/p>\n<p class=\"read-more\"> <a class=\"ast-button\" href=\"https:\/\/www.monsacpublicitaire.com\/blog\/affichez-votre-fierte-avec-notre-tote-bag-en-coton-personnalise-aux-couleurs-de-la-communaute-lgbt\/\"> <span class=\"screen-reader-text\">Affichez votre fiert\u00e9 avec notre tote bag en coton personnalis\u00e9 aux couleurs de la communaut\u00e9 LGBT !<\/span> Lire la suite \u00bb<\/a><\/p>\n","protected":false},"author":5,"featured_media":2080,"comment_status":"open","ping_status":"open","sticky":false,"template":"","format":"standard","meta":{"site-sidebar-layout":"default","site-content-layout":"default","ast-global-header-display":"","ast-banner-title-visibility":"","ast-main-header-display":"","ast-hfb-above-header-display":"","ast-hfb-below-header-display":"","ast-hfb-mobile-header-display":"","site-post-title":"","ast-breadcrumbs-content":"","ast-featured-img":"","footer-sml-layout":"","theme-transparent-header-meta":"","adv-header-id-meta":"","stick-header-meta":"","header-above-stick-meta":"","header-main-stick-meta":"","header-below-stick-meta":""},"categories":[61],"tags":[],"_links":{"self":[{"href":"https:\/\/www.monsacpublicitaire.com\/blog\/wp-json\/wp\/v2\/posts\/2032"}],"collection":[{"href":"https:\/\/www.monsacpublicitaire.com\/blog\/wp-json\/wp\/v2\/posts"}],"about":[{"href":"https:\/\/www.monsacpublicitaire.com\/blog\/wp-json\/wp\/v2\/types\/post"}],"author":[{"embeddable":true,"href":"https:\/\/www.monsacpublicitaire.com\/blog\/wp-json\/wp\/v2\/users\/5"}],"replies":[{"embeddable":true,"href":"https:\/\/www.monsacpublicitaire.com\/blog\/wp-json\/wp\/v2\/comments?post=2032"}],"version-history":[{"count":6,"href":"https:\/\/www.monsacpublicitaire.com\/blog\/wp-json\/wp\/v2\/posts\/2032\/revisions"}],"predecessor-version":[{"id":2082,"href":"https:\/\/www.monsacpublicitaire.com\/blog\/wp-json\/wp\/v2\/posts\/2032\/revisions\/2082"}],"wp:featuredmedia":[{"embeddable":true,"href":"https:\/\/www.monsacpublicitaire.com\/blog\/wp-json\/wp\/v2\/media\/2080"}],"wp:attachment":[{"href":"https:\/\/www.monsacpublicitaire.com\/blog\/wp-json\/wp\/v2\/media?parent=2032"}],"wp:term":[{"taxonomy":"category","embeddable":true,"href":"https:\/\/www.monsacpublicitaire.com\/blog\/wp-json\/wp\/v2\/categories?post=2032"},{"taxonomy":"post_tag","embeddable":true,"href":"https:\/\/www.monsacpublicitaire.com\/blog\/wp-json\/wp\/v2\/tags?post=2032"}],"curies":[{"name":"wp","href":"https:\/\/api.w.org\/{rel}","templated":true}]}}