{"id":210,"date":"2012-05-02T10:55:31","date_gmt":"2012-05-02T10:55:31","guid":{"rendered":"http:\/\/www.monsacpublicitaire.com\/?p=210"},"modified":"2012-05-02T10:55:31","modified_gmt":"2012-05-02T10:55:31","slug":"decouvrez-notre-gamme-de-sacs-cabas-reutilisables","status":"publish","type":"post","link":"https:\/\/www.monsacpublicitaire.com\/blog\/decouvrez-notre-gamme-de-sacs-cabas-reutilisables\/","title":{"rendered":"D\u00e9couvrez notre gamme de sacs cabas r\u00e9utilisables"},"content":{"rendered":"<p style=\"text-align: center;\"><a href=\"https:\/\/www.monsacpublicitaire.com\/blog\/wp-content\/uploads\/2012\/05\/sac_071.jpg\"><\/a><a href=\"https:\/\/www.monsacpublicitaire.com\/blog\/wp-content\/uploads\/2012\/05\/sac_072.jpg\"><img decoding=\"async\" loading=\"lazy\" class=\"size-medium wp-image-217 aligncenter\" title=\"sac_07\" src=\"https:\/\/www.monsacpublicitaire.com\/blog\/wp-content\/uploads\/2012\/05\/sac_072-279x300.jpg\" alt=\"\" width=\"201\" height=\"216\" srcset=\"https:\/\/www.monsacpublicitaire.com\/blog\/wp-content\/uploads\/2012\/05\/sac_072-279x300.jpg 279w, https:\/\/www.monsacpublicitaire.com\/blog\/wp-content\/uploads\/2012\/05\/sac_072-93x100.jpg 93w, https:\/\/www.monsacpublicitaire.com\/blog\/wp-content\/uploads\/2012\/05\/sac_072.jpg 305w\" sizes=\"(max-width: 201px) 100vw, 201px\" \/><\/a><\/p>\n<p style=\"text-align: left;\">&nbsp;<\/p>\n<p style=\"text-align: left;\">Mon sac publicitaire vous propose une large gamme de sacs cabas r\u00e9utilisables\u00a0:<\/p>\n<p>&#8211; \u00a0 sacs en TNT<\/p>\n<p>&#8211; \u00a0 sacs en PP tiss\u00e9<\/p>\n<p>&#8211; \u00a0 sacs PET recycl\u00e9<\/p>\n<p>&#8211; \u00a0 sacs en coton<\/p>\n<p>&#8211; \u00a0 sacs en jute<\/p>\n<p>&#8211; \u00a0 sacs en juco<\/p>\n<p>&#8211; \u00a0 sacs luxes (PP+PE ou PE+PET avec aspect m\u00e9tal)<\/p>\n<p>&#8211; \u00a0 sacs en polyester<\/p>\n<p>&#8211; \u00a0 sacs en fibre de bamboo<!--more--><\/p>\n<p>Les accessoires possibles pour les sacs cabas r\u00e9utilisables sont les suivants\u00a0(suivant les mati\u00e8res):<\/p>\n<p>&#8211; \u00a0Fermeture zip, velcro, pression<\/p>\n<p>&#8211; \u00a0Anses courtes, longues ou en bandouli\u00e8re<\/p>\n<p>&#8211; \u00a0Plastification mate ou brillante<\/p>\n<p>&#8211; \u00a0Pochette interne<\/p>\n<p>&#8211; \u00a0Carton de renfort retour poign\u00e9es (sur TNT plastifi\u00e9 uniquement)<\/p>\n<p>Les sacs cabas r\u00e9utilisables peuvent \u00eatre imprim\u00e9s en 1,2 ou 3 couleurs voire en quadrichromie en fonction des mati\u00e8res.<\/p>\n<p>Les sacs cabas r\u00e9utilisables sont disponibles sur mesure \u00e0 partir de 500, 1000 ou 2000 exemplaires suivant les mati\u00e8res et avec diff\u00e9rentes \u00e9paisseurs possibles.<\/p>\n<p>D\u00e9lai de livraison\u00a0: 3 mois apr\u00e8s la validation de votre bon \u00e0 tirer (production asiatique) sauf pour les sacs en TNT non plastifi\u00e9 qui peuvent \u00eatre livr\u00e9s en 5 semaines (\u00e0 partir de 500 exemplaires)<\/p>\n<p>Nous sommes \u00e0 votre disposition pour tout renseignement ou pour vous fournir un devis\u00a0sans engagement!<\/p>\n","protected":false},"excerpt":{"rendered":"<p>&nbsp; Mon sac publicitaire vous propose une large gamme de sacs cabas r\u00e9utilisables\u00a0: &#8211; \u00a0 sacs en TNT &#8211; \u00a0 &hellip;<\/p>\n<p class=\"read-more\"> <a class=\"ast-button\" href=\"https:\/\/www.monsacpublicitaire.com\/blog\/decouvrez-notre-gamme-de-sacs-cabas-reutilisables\/\"> <span class=\"screen-reader-text\">D\u00e9couvrez notre gamme de sacs cabas r\u00e9utilisables<\/span> Lire la suite \u00bb<\/a><\/p>\n","protected":false},"author":2,"featured_media":0,"comment_status":"open","ping_status":"open","sticky":false,"template":"","format":"standard","meta":{"site-sidebar-layout":"default","site-content-layout":"default","ast-global-header-display":"","ast-banner-title-visibility":"","ast-main-header-display":"","ast-hfb-above-header-display":"","ast-hfb-below-header-display":"","ast-hfb-mobile-header-display":"","site-post-title":"","ast-breadcrumbs-content":"","ast-featured-img":"","footer-sml-layout":"","theme-transparent-header-meta":"","adv-header-id-meta":"","stick-header-meta":"","header-above-stick-meta":"","header-main-stick-meta":"","header-below-stick-meta":""},"categories":[8],"tags":[],"_links":{"self":[{"href":"https:\/\/www.monsacpublicitaire.com\/blog\/wp-json\/wp\/v2\/posts\/210"}],"collection":[{"href":"https:\/\/www.monsacpublicitaire.com\/blog\/wp-json\/wp\/v2\/posts"}],"about":[{"href":"https:\/\/www.monsacpublicitaire.com\/blog\/wp-json\/wp\/v2\/types\/post"}],"author":[{"embeddable":true,"href":"https:\/\/www.monsacpublicitaire.com\/blog\/wp-json\/wp\/v2\/users\/2"}],"replies":[{"embeddable":true,"href":"https:\/\/www.monsacpublicitaire.com\/blog\/wp-json\/wp\/v2\/comments?post=210"}],"version-history":[{"count":0,"href":"https:\/\/www.monsacpublicitaire.com\/blog\/wp-json\/wp\/v2\/posts\/210\/revisions"}],"wp:attachment":[{"href":"https:\/\/www.monsacpublicitaire.com\/blog\/wp-json\/wp\/v2\/media?parent=210"}],"wp:term":[{"taxonomy":"category","embeddable":true,"href":"https:\/\/www.monsacpublicitaire.com\/blog\/wp-json\/wp\/v2\/categories?post=210"},{"taxonomy":"post_tag","embeddable":true,"href":"https:\/\/www.monsacpublicitaire.com\/blog\/wp-json\/wp\/v2\/tags?post=210"}],"curies":[{"name":"wp","href":"https:\/\/api.w.org\/{rel}","templated":true}]}}