{"id":230,"date":"2012-05-02T10:30:04","date_gmt":"2012-05-02T10:30:04","guid":{"rendered":"http:\/\/www.monsacpublicitaire.com\/?p=203"},"modified":"2012-05-02T10:30:04","modified_gmt":"2012-05-02T10:30:04","slug":"decouvrez-notre-gamme-de-sacs-en-plastique","status":"publish","type":"post","link":"https:\/\/www.monsacpublicitaire.com\/blog\/decouvrez-notre-gamme-de-sacs-en-plastique\/","title":{"rendered":"D\u00e9couvrez notre gamme de sacs en plastique"},"content":{"rendered":"<p style=\"text-align: center;\"><a href=\"https:\/\/www.monsacpublicitaire.com\/blog\/wp-content\/uploads\/2012\/05\/flexiloop.jpg\"><img decoding=\"async\" loading=\"lazy\" class=\"size-full wp-image-224 aligncenter\" title=\"flexiloop\" src=\"https:\/\/www.monsacpublicitaire.com\/blog\/wp-content\/uploads\/2012\/05\/flexiloop.jpg\" alt=\"\" width=\"138\" height=\"175\" srcset=\"https:\/\/www.monsacpublicitaire.com\/blog\/wp-content\/uploads\/2012\/05\/flexiloop.jpg 197w, https:\/\/www.monsacpublicitaire.com\/blog\/wp-content\/uploads\/2012\/05\/flexiloop-78x100.jpg 78w\" sizes=\"(max-width: 138px) 100vw, 138px\" \/><\/a><\/p>\n<p>&nbsp;<\/p>\n<p>Mon sac publicitaire vous propose une large gamme de sacs plastiques en finition automatique\u00a0:<\/p>\n<p>&#8211; sacs en plastique sans soufflet<\/p>\n<p>&#8211; sacs en plastique avec soufflets lat\u00e9raux<\/p>\n<p>&#8211; sacs en plastiques avec soufflet de fond<\/p>\n<p>&#8211; sacs en plastiques luxes avec fond carr\u00e9, soufflet lat\u00e9raux et revers en carton<\/p>\n<p><!--more--><\/p>\n<p>Les sacs plastiques peuvent vous \u00eatre propos\u00e9es avec\u00a0:<\/p>\n<p>&#8211; des poign\u00e9es d\u00e9coup\u00e9es<\/p>\n<p>&#8211; des anses souples<\/p>\n<p>&#8211; des poign\u00e9es rapport\u00e9es<\/p>\n<p>&#8211; des poign\u00e9es a cordes<\/p>\n<p>Les mat\u00e9riaux disponibles pour les sacs plastiques sont principalement les suivants\u00a0:<\/p>\n<p>&#8211; poly\u00e9thyl\u00e8ne basse densit\u00e9<\/p>\n<p>&#8211; poly\u00e9thyl\u00e8ne moyenne densit\u00e9<\/p>\n<p>&#8211; poly\u00e9thyl\u00e8ne haute densit\u00e9<\/p>\n<p>Les sacs en plastiques peuvent \u00eatre transparents, blancs ou de couleurs.<\/p>\n<p>L\u2019impression en flexographie est utilis\u00e9e pour ces sacs et permet d\u2019imprimer jusqu\u2019\u00e0 6 couleurs.<\/p>\n<p>D\u00e9lai de livraison\u00a0: 4 \u00e0 5 semaines apr\u00e8s la validation de votre bon \u00e0 tirer.<\/p>\n<p>Les sacs en plastiques sont disponibles principalement sur mesure et avec diff\u00e9rentes \u00e9paisseurs possibles.<\/p>\n<p>Nous sommes \u00e0 votre disposition pour tout renseignement ou pour vous fournir un devis\u00a0sans engagement!<\/p>\n<p>&nbsp;<\/p>\n","protected":false},"excerpt":{"rendered":"<p>&nbsp; Mon sac publicitaire vous propose une large gamme de sacs plastiques en finition automatique\u00a0: &#8211; sacs en plastique sans &hellip;<\/p>\n<p class=\"read-more\"> <a class=\"ast-button\" href=\"https:\/\/www.monsacpublicitaire.com\/blog\/decouvrez-notre-gamme-de-sacs-en-plastique\/\"> <span class=\"screen-reader-text\">D\u00e9couvrez notre gamme de sacs en plastique<\/span> Lire la suite \u00bb<\/a><\/p>\n","protected":false},"author":2,"featured_media":0,"comment_status":"open","ping_status":"open","sticky":false,"template":"","format":"standard","meta":{"site-sidebar-layout":"default","site-content-layout":"default","ast-global-header-display":"","ast-banner-title-visibility":"","ast-main-header-display":"","ast-hfb-above-header-display":"","ast-hfb-below-header-display":"","ast-hfb-mobile-header-display":"","site-post-title":"","ast-breadcrumbs-content":"","ast-featured-img":"","footer-sml-layout":"","theme-transparent-header-meta":"","adv-header-id-meta":"","stick-header-meta":"","header-above-stick-meta":"","header-main-stick-meta":"","header-below-stick-meta":""},"categories":[7],"tags":[],"_links":{"self":[{"href":"https:\/\/www.monsacpublicitaire.com\/blog\/wp-json\/wp\/v2\/posts\/230"}],"collection":[{"href":"https:\/\/www.monsacpublicitaire.com\/blog\/wp-json\/wp\/v2\/posts"}],"about":[{"href":"https:\/\/www.monsacpublicitaire.com\/blog\/wp-json\/wp\/v2\/types\/post"}],"author":[{"embeddable":true,"href":"https:\/\/www.monsacpublicitaire.com\/blog\/wp-json\/wp\/v2\/users\/2"}],"replies":[{"embeddable":true,"href":"https:\/\/www.monsacpublicitaire.com\/blog\/wp-json\/wp\/v2\/comments?post=230"}],"version-history":[{"count":0,"href":"https:\/\/www.monsacpublicitaire.com\/blog\/wp-json\/wp\/v2\/posts\/230\/revisions"}],"wp:attachment":[{"href":"https:\/\/www.monsacpublicitaire.com\/blog\/wp-json\/wp\/v2\/media?parent=230"}],"wp:term":[{"taxonomy":"category","embeddable":true,"href":"https:\/\/www.monsacpublicitaire.com\/blog\/wp-json\/wp\/v2\/categories?post=230"},{"taxonomy":"post_tag","embeddable":true,"href":"https:\/\/www.monsacpublicitaire.com\/blog\/wp-json\/wp\/v2\/tags?post=230"}],"curies":[{"name":"wp","href":"https:\/\/api.w.org\/{rel}","templated":true}]}}