{"id":255,"date":"2012-11-21T19:49:40","date_gmt":"2012-11-21T17:49:40","guid":{"rendered":"http:\/\/www.monsacpublicitaire.com\/blog\/?p=255"},"modified":"2013-06-08T09:36:52","modified_gmt":"2013-06-08T07:36:52","slug":"quel-sac-personnalise-choisir-pour-vos-salons","status":"publish","type":"post","link":"https:\/\/www.monsacpublicitaire.com\/blog\/quel-sac-personnalise-choisir-pour-vos-salons\/","title":{"rendered":"Quel sac personnalis\u00e9 choisir pour vos salons?"},"content":{"rendered":"<p><a href=\"https:\/\/www.monsacpublicitaire.com\/blog\/wp-content\/uploads\/2012\/10\/Salon-e-commerce.png\"><img decoding=\"async\" loading=\"lazy\" class=\"alignleft  wp-image-369\" title=\"Salon e-commerce\" src=\"https:\/\/www.monsacpublicitaire.com\/blog\/wp-content\/uploads\/2012\/10\/Salon-e-commerce-300x218.png\" alt=\"\" width=\"324\" height=\"245\" \/><\/a><\/p>\n<p style=\"text-align: left;\">Il y a une question qui revient souvent chez nos clients :<\/p>\n<p><strong>Quel type de sac personnalis\u00e9 choisir pour mon salon ?<\/strong><\/p>\n<p>&nbsp;<\/p>\n<p>Il est vrai qu&rsquo;entre les sacs papier, les sacs plastiques et les sacs cabas r\u00e9utilisables, le choix est vaste et il n&rsquo;est pas toujours facile de se d\u00e9terminer \u2026<\/p>\n<p>&nbsp;<\/p>\n<p>En effet, chaque type de sac r\u00e9pond \u00e0 un objectif sp\u00e9cifique et \u00e0 un usage pr\u00e9cis.<\/p>\n<p>&nbsp;<\/p>\n<p>Pour vous aider \u00e0 finaliser au mieux votre choix, je vous propose de retrouver r\u00e9guli\u00e8rement sur ce blog les sacs les plus couramment utilis\u00e9s par nos clients pour leurs salons.<\/p>\n<p>&nbsp;<\/p>\n<p>Et si vous n&rsquo;arrivez toujours pas \u00e0 vous d\u00e9cider, nos conseillers commerciaux se feront un plaisir de vous assister dans votre choix, en fonction de vos contraintes budg\u00e9taires et de vos imp\u00e9ratifs de d\u00e9lais.<\/p>\n<p>&nbsp;<\/p>\n<p>Bonne lecture !<\/p>\n<p>&nbsp;<\/p>\n<p>&nbsp;<\/p>\n","protected":false},"excerpt":{"rendered":"<p>Il y a une question qui revient souvent chez nos clients : Quel type de sac personnalis\u00e9 choisir pour mon &hellip;<\/p>\n<p class=\"read-more\"> <a class=\"ast-button\" href=\"https:\/\/www.monsacpublicitaire.com\/blog\/quel-sac-personnalise-choisir-pour-vos-salons\/\"> <span class=\"screen-reader-text\">Quel sac personnalis\u00e9 choisir pour vos salons?<\/span> Lire la suite \u00bb<\/a><\/p>\n","protected":false},"author":1,"featured_media":672,"comment_status":"open","ping_status":"open","sticky":false,"template":"","format":"standard","meta":{"site-sidebar-layout":"default","site-content-layout":"default","ast-global-header-display":"","ast-banner-title-visibility":"","ast-main-header-display":"","ast-hfb-above-header-display":"","ast-hfb-below-header-display":"","ast-hfb-mobile-header-display":"","site-post-title":"","ast-breadcrumbs-content":"","ast-featured-img":"","footer-sml-layout":"","theme-transparent-header-meta":"","adv-header-id-meta":"","stick-header-meta":"","header-above-stick-meta":"","header-main-stick-meta":"","header-below-stick-meta":""},"categories":[11],"tags":[],"_links":{"self":[{"href":"https:\/\/www.monsacpublicitaire.com\/blog\/wp-json\/wp\/v2\/posts\/255"}],"collection":[{"href":"https:\/\/www.monsacpublicitaire.com\/blog\/wp-json\/wp\/v2\/posts"}],"about":[{"href":"https:\/\/www.monsacpublicitaire.com\/blog\/wp-json\/wp\/v2\/types\/post"}],"author":[{"embeddable":true,"href":"https:\/\/www.monsacpublicitaire.com\/blog\/wp-json\/wp\/v2\/users\/1"}],"replies":[{"embeddable":true,"href":"https:\/\/www.monsacpublicitaire.com\/blog\/wp-json\/wp\/v2\/comments?post=255"}],"version-history":[{"count":127,"href":"https:\/\/www.monsacpublicitaire.com\/blog\/wp-json\/wp\/v2\/posts\/255\/revisions"}],"predecessor-version":[{"id":684,"href":"https:\/\/www.monsacpublicitaire.com\/blog\/wp-json\/wp\/v2\/posts\/255\/revisions\/684"}],"wp:featuredmedia":[{"embeddable":true,"href":"https:\/\/www.monsacpublicitaire.com\/blog\/wp-json\/wp\/v2\/media\/672"}],"wp:attachment":[{"href":"https:\/\/www.monsacpublicitaire.com\/blog\/wp-json\/wp\/v2\/media?parent=255"}],"wp:term":[{"taxonomy":"category","embeddable":true,"href":"https:\/\/www.monsacpublicitaire.com\/blog\/wp-json\/wp\/v2\/categories?post=255"},{"taxonomy":"post_tag","embeddable":true,"href":"https:\/\/www.monsacpublicitaire.com\/blog\/wp-json\/wp\/v2\/tags?post=255"}],"curies":[{"name":"wp","href":"https:\/\/api.w.org\/{rel}","templated":true}]}}