{"id":510,"date":"2014-03-30T23:00:46","date_gmt":"2014-03-30T21:00:46","guid":{"rendered":"http:\/\/www.monsacpublicitaire.com\/blog\/?p=510"},"modified":"2015-01-24T20:08:36","modified_gmt":"2015-01-24T18:08:36","slug":"evoluderm-sacs-esthetiques-pour-produits-cosmetiques","status":"publish","type":"post","link":"https:\/\/www.monsacpublicitaire.com\/blog\/evoluderm-sacs-esthetiques-pour-produits-cosmetiques\/","title":{"rendered":"Evoluderm: sacs esth\u00e9tiques pour produits cosm\u00e9tiques"},"content":{"rendered":"<p style=\"text-align: justify;\"><span style=\"font-size: 14px;\">Evoluderm est une marque fran\u00e7aise de cosm\u00e9tiques de qualit\u00e9 \u00e0 prix doux : soin du visage, du corps, du cheveu,\u2026 Elle offre une gamme vari\u00e9e de produits destin\u00e9s aussi bien aux femmes qu&rsquo;aux hommes. <em>Monsacpublicitaire.com<\/em> a \u00e9t\u00e9 choisi pour fabriquer des sacs en plastique personnalis\u00e9s avec une impression en quadrichromie.<\/span><\/p>\n<p style=\"text-align: justify;\"><span style=\"font-size: 14px;\"><br\/><em> \u00ab\u00a0Nous avons r\u00e9alis\u00e9 ces sacs pour v\u00e9hiculer l&rsquo;image de la marque Evoluderm \u00e0 travers le monde et notamment sur les salons internationaux de cosm\u00e9tique auxquels nous participons\u00a0\u00bb, <\/em>nous pr\u00e9cise notre client<em> .<\/em><\/span><\/p>\n<p style=\"text-align: justify;\"><span style=\"font-size: 14px;\"><br\/><em><\/em> En effet, les sacs plastiques personnalis\u00e9s sont un excellent moyen de communiquer sur une marque \u00e0 un tarif tr\u00e8s \u00e9conomique tout en offrant des possibilit\u00e9s d&rsquo;impression tr\u00e8s int\u00e9ressantes comme la quadrichromie r\u00e9alis\u00e9e ici. De plus, dans le cas pr\u00e9sent, le client a souhait\u00e9 des sacs oxod\u00e9gradables (d\u00e9gradation naturelle du sac au bout de plusieurs ann\u00e9es) afin d&rsquo;apporter sa contribution au respect de l&rsquo;environnement.<\/span><\/p>\n<p style=\"text-align: justify;\"><span style=\"font-size: 14px;\"><br\/> Evoluderm a \u00e9galement choisi d&rsquo;imprimer chacune des faces du sac avec un visuel diff\u00e9rent (voir BAT ci-dessous). Cette possibilit\u00e9 est offerte sur tous nos sacs personnalis\u00e9s en plastique, en papier et r\u00e9utilisables, alors pensez y!<\/span><\/p>\n<p style=\"text-align: justify;\"><br\/><\/p>\n<p><a href=\"https:\/\/www.monsacpublicitaire.com\/blog\/wp-content\/uploads\/2013\/05\/Evoluderm.png\"><img decoding=\"async\" loading=\"lazy\" class=\" wp-image-516 alignnone\" title=\"Evoluderm\" src=\"https:\/\/www.monsacpublicitaire.com\/blog\/wp-content\/uploads\/2013\/05\/Evoluderm.png\" alt=\"\" width=\"844\" height=\"616\" srcset=\"https:\/\/www.monsacpublicitaire.com\/blog\/wp-content\/uploads\/2013\/05\/Evoluderm.png 844w, https:\/\/www.monsacpublicitaire.com\/blog\/wp-content\/uploads\/2013\/05\/Evoluderm-300x218.png 300w, https:\/\/www.monsacpublicitaire.com\/blog\/wp-content\/uploads\/2013\/05\/Evoluderm-411x300.png 411w, https:\/\/www.monsacpublicitaire.com\/blog\/wp-content\/uploads\/2013\/05\/Evoluderm-137x100.png 137w\" sizes=\"(max-width: 844px) 100vw, 844px\" \/><\/a><\/p>\n<p style=\"text-align: justify;\"><span style=\"font-size: 14px;\"><br\/><em> <\/em>Et le r\u00e9sultat est l\u00e0 : des sacs esth\u00e9tiques au rendu final tout simplement splendide ! Cela dit, pour obtenir une qualit\u00e9 d&rsquo;impression exceptionnelle comme celle du sac Evoluderm, il faut imp\u00e9rativement passer par des infograhistes professionnels, seuls capables de fournir les fichiers haute d\u00e9finition vectoris\u00e9s n\u00e9cessaires.<\/span><\/p>\n<br\/>\n<p><a href=\"https:\/\/www.monsacpublicitaire.com\/blog\/wp-content\/uploads\/2013\/05\/EVOLUDERM_1.png\"><img decoding=\"async\" loading=\"lazy\" title=\"Sac plastique EVOLUDERM face 1\" src=\"https:\/\/www.monsacpublicitaire.com\/blog\/wp-content\/uploads\/2013\/05\/EVOLUDERM_1.png\" alt=\"Sac plastique EVOLUDERM face 1\" width=\"500\" height=\"377\" \/><\/a><\/p>\n<br\/>\n<p><a href=\"https:\/\/www.monsacpublicitaire.com\/blog\/wp-content\/uploads\/2013\/05\/EVOLUDERM_2.png\"><img decoding=\"async\" loading=\"lazy\" title=\"Sac plastique EVOLUDERM face 2\" src=\"https:\/\/www.monsacpublicitaire.com\/blog\/wp-content\/uploads\/2013\/05\/EVOLUDERM_2.png\" alt=\"Sac plastique EVOLUDERM face 2\" width=\"513\" height=\"389\" \/><\/a><\/p>\n<p><span style=\"font-size: 14px;\"><br\/><br\/> C\u00f4t\u00e9 technique<em><\/em> :<\/span><\/p>\n<p><span style=\"font-size: 14px;\">&#8211; Sac plastique \u00e0 poign\u00e9es d\u00e9coup\u00e9es renforc\u00e9es<\/span><\/p>\n<p><span style=\"font-size: 14px;\">&#8211; Dimension: 30(L)x40(H)+10(S)<\/span><\/p>\n<p><span style=\"font-size: 14px;\">&#8211; Mat\u00e9riau: PolyEthyl\u00e8ne Basse Densit\u00e9 (PEBD) 50 microns<\/span><\/p>\n<p><span style=\"font-size: 14px;\">&#8211; Gaine blanche<\/span><\/p>\n<p><span style=\"font-size: 14px;\">&#8211; Traitement oxod\u00e9gradable<\/span><\/p>\n<p><span style=\"font-size: 14px;\">&#8211; Impression: quadrichromie + 1 couleur (Noir direct)<\/span><\/p>\n","protected":false},"excerpt":{"rendered":"<p>Evoluderm est une marque fran\u00e7aise de cosm\u00e9tiques de qualit\u00e9 \u00e0 prix doux : soin du visage, du corps, du cheveu,\u2026 &hellip;<\/p>\n<p class=\"read-more\"> <a class=\"ast-button\" href=\"https:\/\/www.monsacpublicitaire.com\/blog\/evoluderm-sacs-esthetiques-pour-produits-cosmetiques\/\"> <span class=\"screen-reader-text\">Evoluderm: sacs esth\u00e9tiques pour produits cosm\u00e9tiques<\/span> Lire la suite \u00bb<\/a><\/p>\n","protected":false},"author":1,"featured_media":667,"comment_status":"open","ping_status":"open","sticky":false,"template":"","format":"standard","meta":{"site-sidebar-layout":"default","site-content-layout":"default","ast-global-header-display":"","ast-banner-title-visibility":"","ast-main-header-display":"","ast-hfb-above-header-display":"","ast-hfb-below-header-display":"","ast-hfb-mobile-header-display":"","site-post-title":"","ast-breadcrumbs-content":"","ast-featured-img":"","footer-sml-layout":"","theme-transparent-header-meta":"","adv-header-id-meta":"","stick-header-meta":"","header-above-stick-meta":"","header-main-stick-meta":"","header-below-stick-meta":""},"categories":[1,11,7],"tags":[40,39,38,15,41,42],"_links":{"self":[{"href":"https:\/\/www.monsacpublicitaire.com\/blog\/wp-json\/wp\/v2\/posts\/510"}],"collection":[{"href":"https:\/\/www.monsacpublicitaire.com\/blog\/wp-json\/wp\/v2\/posts"}],"about":[{"href":"https:\/\/www.monsacpublicitaire.com\/blog\/wp-json\/wp\/v2\/types\/post"}],"author":[{"embeddable":true,"href":"https:\/\/www.monsacpublicitaire.com\/blog\/wp-json\/wp\/v2\/users\/1"}],"replies":[{"embeddable":true,"href":"https:\/\/www.monsacpublicitaire.com\/blog\/wp-json\/wp\/v2\/comments?post=510"}],"version-history":[{"count":28,"href":"https:\/\/www.monsacpublicitaire.com\/blog\/wp-json\/wp\/v2\/posts\/510\/revisions"}],"predecessor-version":[{"id":538,"href":"https:\/\/www.monsacpublicitaire.com\/blog\/wp-json\/wp\/v2\/posts\/510\/revisions\/538"}],"wp:featuredmedia":[{"embeddable":true,"href":"https:\/\/www.monsacpublicitaire.com\/blog\/wp-json\/wp\/v2\/media\/667"}],"wp:attachment":[{"href":"https:\/\/www.monsacpublicitaire.com\/blog\/wp-json\/wp\/v2\/media?parent=510"}],"wp:term":[{"taxonomy":"category","embeddable":true,"href":"https:\/\/www.monsacpublicitaire.com\/blog\/wp-json\/wp\/v2\/categories?post=510"},{"taxonomy":"post_tag","embeddable":true,"href":"https:\/\/www.monsacpublicitaire.com\/blog\/wp-json\/wp\/v2\/tags?post=510"}],"curies":[{"name":"wp","href":"https:\/\/api.w.org\/{rel}","templated":true}]}}