{"id":573,"date":"2014-06-02T15:28:28","date_gmt":"2014-06-02T13:28:28","guid":{"rendered":"http:\/\/www.monsacpublicitaire.com\/blog\/?p=573"},"modified":"2015-01-24T20:02:21","modified_gmt":"2015-01-24T18:02:21","slug":"florabella-des-sacs-hauts-en-couleur","status":"publish","type":"post","link":"https:\/\/www.monsacpublicitaire.com\/blog\/florabella-des-sacs-hauts-en-couleur\/","title":{"rendered":"Florabella : des sacs Hauts en couleur"},"content":{"rendered":"<p style=\"text-align: justify;\"><a href=\"https:\/\/www.monsacpublicitaire.com\/blog\/wp-content\/uploads\/2013\/06\/FLORABELLA-1-copie.png\"><img decoding=\"async\" loading=\"lazy\" class=\"alignnone size-full wp-image-574\" title=\"FLORABELLA 1\" src=\"https:\/\/www.monsacpublicitaire.com\/blog\/wp-content\/uploads\/2013\/06\/FLORABELLA-1-copie.png\" alt=\"\" width=\"1772\" height=\"1329\" srcset=\"https:\/\/www.monsacpublicitaire.com\/blog\/wp-content\/uploads\/2013\/06\/FLORABELLA-1-copie.png 1772w, https:\/\/www.monsacpublicitaire.com\/blog\/wp-content\/uploads\/2013\/06\/FLORABELLA-1-copie-300x225.png 300w, https:\/\/www.monsacpublicitaire.com\/blog\/wp-content\/uploads\/2013\/06\/FLORABELLA-1-copie-1024x767.png 1024w, https:\/\/www.monsacpublicitaire.com\/blog\/wp-content\/uploads\/2013\/06\/FLORABELLA-1-copie-250x187.png 250w, https:\/\/www.monsacpublicitaire.com\/blog\/wp-content\/uploads\/2013\/06\/FLORABELLA-1-copie-400x300.png 400w, https:\/\/www.monsacpublicitaire.com\/blog\/wp-content\/uploads\/2013\/06\/FLORABELLA-1-copie-133x100.png 133w\" sizes=\"(max-width: 1772px) 100vw, 1772px\" \/><\/a><\/p>\n<p style=\"text-align: justify;\"><span style=\"font-size: 14px;\"><br\/> La marque Florabella Pro est synonyme de terreaux de haute qualit\u00e9 destin\u00e9s en priorit\u00e9 aux jardiniers amateurs.<\/span><\/p>\n<p style=\"text-align: justify;\"><span style=\"font-size: 14px;\"><br\/> Pr\u00e9sent au salon V\u00e9g\u00e9tal, rendez-vous incontournable des passionn\u00e9s et des professionnels du jardinage, qui s&rsquo;est tenu en f\u00e9vrier \u00e0 Angers, le groupe allemand Klasmann-Deilmann leader mondial en substrats professionnels pour mara\u00eechers, horticulteurs, p\u00e9pini\u00e9ristes et services espaces verts, a soign\u00e9 sa participation. Il a voulu se distinguer parmi les 600 exposants, pr\u00e9sentant une large gamme de v\u00e9g\u00e9taux, en se dotant d&rsquo;un stand au design \u00e9l\u00e9gant et aux couleurs pleines de vie.<\/span><\/p>\n<p style=\"text-align: justify;\"><span style=\"font-size: 14px;\"><br\/> Afin de distribuer de la documentation et des produits \u00e0 ses visiteurs, \u00a0<em>monsacpublicitaire.com<\/em> a \u00e9t\u00e9 sollicit\u00e9 pour la fabrication de sacs cabas r\u00e9utilisables imprim\u00e9s, en quadrichromie, bien s\u00fbr ! Des sacs gourmands et color\u00e9s qui refusent de passer inaper\u00e7us.<\/span><\/p>\n<p style=\"text-align: justify;\"><span style=\"font-size: 14px;\"><em><br\/> Des sacs \u00ab\u00a0Pour le bonheur de vos plantes\u00a0\u00bb et\u2026 des jardiniers !<\/em><\/span><em><\/em><\/p>\n<p style=\"text-align: justify;\"><span style=\"font-size: 14px;\"><span style=\"text-decoration: underline;\"><br\/> Bon \u00e0 savoir<\/span>: Le d\u00e9lai est de 10 \u00e0 12 semaines pour ces sacs fabriqu\u00e9s en g\u00e9n\u00e9ral en Asie mais nous avons d&rsquo;autres solutions pour vous fournir ces sacs en 5 \u00e0 6 semaines (livraison express ou fabrication europ\u00e9enne) alors n&rsquo;h\u00e9sitez pas \u00e0 nous consulter pour toutes vos demandes!<\/span><\/p>\n<p style=\"text-align: justify;\"><br\/><\/p>\n<p style=\"text-align: justify;\"><span style=\"font-size: 14px;\"><a href=\"https:\/\/www.monsacpublicitaire.com\/blog\/wp-content\/uploads\/2013\/06\/BAT-Florabella.png\"><img decoding=\"async\" loading=\"lazy\" class=\"alignnone size-full wp-image-576\" title=\"BAT Florabella\" src=\"https:\/\/www.monsacpublicitaire.com\/blog\/wp-content\/uploads\/2013\/06\/BAT-Florabella.png\" alt=\"\" width=\"809\" height=\"652\" srcset=\"https:\/\/www.monsacpublicitaire.com\/blog\/wp-content\/uploads\/2013\/06\/BAT-Florabella.png 809w, https:\/\/www.monsacpublicitaire.com\/blog\/wp-content\/uploads\/2013\/06\/BAT-Florabella-300x241.png 300w, https:\/\/www.monsacpublicitaire.com\/blog\/wp-content\/uploads\/2013\/06\/BAT-Florabella-250x201.png 250w, https:\/\/www.monsacpublicitaire.com\/blog\/wp-content\/uploads\/2013\/06\/BAT-Florabella-372x300.png 372w, https:\/\/www.monsacpublicitaire.com\/blog\/wp-content\/uploads\/2013\/06\/BAT-Florabella-124x100.png 124w\" sizes=\"(max-width: 809px) 100vw, 809px\" \/><\/a><\/span><\/p>\n<p style=\"text-align: justify;\"><span style=\"text-decoration: underline;\"><span style=\"font-size: 14px;\"><br\/> Cot\u00e9 t\u00e9chnique:<\/span><\/span><\/p>\n<p style=\"text-align: justify;\"><span style=\"font-size: 14px;\">&#8211; Sac cabas r\u00e9utilisable (pp woven)<br \/>\n<\/span><\/p>\n<p style=\"text-align: justify;\"><span style=\"font-size: 14px;\">&#8211; Polypropyl\u00e8ne tiss\u00e9 160 gr\/m2 (le top)<\/span><\/p>\n<p style=\"text-align: justify;\"><span style=\"font-size: 14px;\">&#8211; Impression quadrichromie + 1 couleur Noir<\/span><\/p>\n<p style=\"text-align: justify;\"><span style=\"font-size: 14px;\">&#8211; Pelliculage mat<\/span><\/p>\n<p style=\"text-align: justify;\"><span style=\"font-size: 14px;\">&#8211; Anses 60 cm <\/span><\/p>\n<p style=\"text-align: justify;\"><span style=\"font-size: 14px;\">&#8211; Liser\u00e9s en polypropyl\u00e8ne tiss\u00e9 pellicul\u00e9s mat<\/span><\/p>\n<p style=\"text-align: justify;\"><span style=\"font-size: 14px;\"><strong><br\/> Le plus monsacpublicitaire<\/strong>: les anses sont dot\u00e9es d&rsquo;une couture en X pour une plus grande solidit\u00e9 et les liser\u00e9s du sac (coutures lat\u00e9rales) sont dot\u00e9s d&rsquo;un revers qui conf\u00e8rent une plus grande long\u00e9vit\u00e9 au sac.<\/span><\/p>\n","protected":false},"excerpt":{"rendered":"<p>La marque Florabella Pro est synonyme de terreaux de haute qualit\u00e9 destin\u00e9s en priorit\u00e9 aux jardiniers amateurs. Pr\u00e9sent au salon &hellip;<\/p>\n<p class=\"read-more\"> <a class=\"ast-button\" href=\"https:\/\/www.monsacpublicitaire.com\/blog\/florabella-des-sacs-hauts-en-couleur\/\"> <span class=\"screen-reader-text\">Florabella : des sacs Hauts en couleur<\/span> Lire la suite \u00bb<\/a><\/p>\n","protected":false},"author":1,"featured_media":681,"comment_status":"open","ping_status":"open","sticky":false,"template":"","format":"standard","meta":{"site-sidebar-layout":"default","site-content-layout":"default","ast-global-header-display":"","ast-banner-title-visibility":"","ast-main-header-display":"","ast-hfb-above-header-display":"","ast-hfb-below-header-display":"","ast-hfb-mobile-header-display":"","site-post-title":"","ast-breadcrumbs-content":"","ast-featured-img":"","footer-sml-layout":"","theme-transparent-header-meta":"","adv-header-id-meta":"","stick-header-meta":"","header-above-stick-meta":"","header-main-stick-meta":"","header-below-stick-meta":""},"categories":[1,11,8],"tags":[],"_links":{"self":[{"href":"https:\/\/www.monsacpublicitaire.com\/blog\/wp-json\/wp\/v2\/posts\/573"}],"collection":[{"href":"https:\/\/www.monsacpublicitaire.com\/blog\/wp-json\/wp\/v2\/posts"}],"about":[{"href":"https:\/\/www.monsacpublicitaire.com\/blog\/wp-json\/wp\/v2\/types\/post"}],"author":[{"embeddable":true,"href":"https:\/\/www.monsacpublicitaire.com\/blog\/wp-json\/wp\/v2\/users\/1"}],"replies":[{"embeddable":true,"href":"https:\/\/www.monsacpublicitaire.com\/blog\/wp-json\/wp\/v2\/comments?post=573"}],"version-history":[{"count":18,"href":"https:\/\/www.monsacpublicitaire.com\/blog\/wp-json\/wp\/v2\/posts\/573\/revisions"}],"predecessor-version":[{"id":585,"href":"https:\/\/www.monsacpublicitaire.com\/blog\/wp-json\/wp\/v2\/posts\/573\/revisions\/585"}],"wp:featuredmedia":[{"embeddable":true,"href":"https:\/\/www.monsacpublicitaire.com\/blog\/wp-json\/wp\/v2\/media\/681"}],"wp:attachment":[{"href":"https:\/\/www.monsacpublicitaire.com\/blog\/wp-json\/wp\/v2\/media?parent=573"}],"wp:term":[{"taxonomy":"category","embeddable":true,"href":"https:\/\/www.monsacpublicitaire.com\/blog\/wp-json\/wp\/v2\/categories?post=573"},{"taxonomy":"post_tag","embeddable":true,"href":"https:\/\/www.monsacpublicitaire.com\/blog\/wp-json\/wp\/v2\/tags?post=573"}],"curies":[{"name":"wp","href":"https:\/\/api.w.org\/{rel}","templated":true}]}}