{"id":617,"date":"2013-06-06T15:57:35","date_gmt":"2013-06-06T13:57:35","guid":{"rendered":"http:\/\/www.monsacpublicitaire.com\/blog\/?p=617"},"modified":"2023-11-28T17:19:22","modified_gmt":"2023-11-28T16:19:22","slug":"zeina-alliances-des-sacs-qui-se-marient-bien","status":"publish","type":"post","link":"https:\/\/www.monsacpublicitaire.com\/blog\/zeina-alliances-des-sacs-qui-se-marient-bien\/","title":{"rendered":"Zeina-Alliances : Des sacs qui se marient bien\u2026"},"content":{"rendered":"<p style=\"text-align: justify;\"><a href=\"https:\/\/www.monsacpublicitaire.com\/blog\/wp-content\/uploads\/2013\/06\/ZEINA_1-copie.png\"><img decoding=\"async\" loading=\"lazy\" class=\"alignnone size-full wp-image-622\" title=\"ZEINA_1\" src=\"https:\/\/www.monsacpublicitaire.com\/blog\/wp-content\/uploads\/2013\/06\/ZEINA_1-copie.png\" alt=\"\" width=\"591\" height=\"443\" srcset=\"https:\/\/www.monsacpublicitaire.com\/blog\/wp-content\/uploads\/2013\/06\/ZEINA_1-copie.png 591w, https:\/\/www.monsacpublicitaire.com\/blog\/wp-content\/uploads\/2013\/06\/ZEINA_1-copie-300x224.png 300w, https:\/\/www.monsacpublicitaire.com\/blog\/wp-content\/uploads\/2013\/06\/ZEINA_1-copie-250x187.png 250w, https:\/\/www.monsacpublicitaire.com\/blog\/wp-content\/uploads\/2013\/06\/ZEINA_1-copie-400x300.png 400w, https:\/\/www.monsacpublicitaire.com\/blog\/wp-content\/uploads\/2013\/06\/ZEINA_1-copie-133x100.png 133w\" sizes=\"(max-width: 591px) 100vw, 591px\" \/><\/a><\/p>\n<p style=\"text-align: justify;\"><span style=\"font-size: 14px;\"><br\/> Le salon du Mariage organis\u00e9 par le magazine Marions-Nous est un rendez-vous incontournable pour les futurs mari\u00e9s. Parmi les exposants de l&rsquo;\u00e9dition 2012, qui s&rsquo;est tenu \u00e0 Paris, Zeina-Alliances, bijouterie de la place de la madeleine sp\u00e9cialis\u00e9e dans les alliances en or, diamant, platine,\u2026<\/span><\/p>\n<p style=\"text-align: justify;\"><span style=\"font-size: 14px;\"><br\/> Quand cette enseigne, r\u00e9put\u00e9e pour la diversit\u00e9 et la qualit\u00e9 de ses collections, nous a contact\u00e9 pour r\u00e9aliser des sacs personnalis\u00e9s destin\u00e9s aux visiteurs du salon, nous avons tout de suite dit\u2026 Oui !<\/span><\/p>\n<p style=\"text-align: justify;\"><span style=\"font-size: 14px;\"><br\/> Le choix s&rsquo;est port\u00e9 sur un sac papier luxe blanc avec pelliculage mat et poign\u00e9es blanches, impression 1 couleur noire. Une finition toute en \u00e9l\u00e9gance et en beaut\u00e9 !<\/span><\/p>\n<p style=\"text-align: justify;\"><br\/><\/p>\n<p style=\"text-align: justify;\"><span style=\"font-size: 14px;\"><em><a href=\"https:\/\/www.monsacpublicitaire.com\/blog\/wp-content\/uploads\/2013\/06\/BAT-Marions-nous.png\"><img decoding=\"async\" loading=\"lazy\" class=\"alignnone  wp-image-620\" title=\"BAT Marions nous\" src=\"https:\/\/www.monsacpublicitaire.com\/blog\/wp-content\/uploads\/2013\/06\/BAT-Marions-nous.png\" alt=\"\" width=\"599\" height=\"334\" \/><\/a><br \/>\n<\/em><\/span><\/p>\n<p style=\"text-align: justify;\"><em><span style=\"font-size: 14px;\">C\u00f4t\u00e9 pile, on d\u00e9couvre l&rsquo;\u00e9l\u00e9gant logo de Zeina-Alliances et c\u00f4t\u00e9 face, le logo de Marions-Nous Mag, l&rsquo;organisateur de l&rsquo;\u00e9v\u00e9nement. Deux logos qui se marient parfaitement.<\/span><\/em><\/p>\n<p><span style=\"font-size: 14px;\"><br\/> A noter que le site web de Zeina-Alliances a \u00e9t\u00e9 r\u00e9alis\u00e9 par l&rsquo;agence web de g\u00e9nie Newquest, tout comme notre site !<\/span><\/p>\n<p style=\"text-align: justify;\"><span style=\"font-size: 14px;\"><br\/> <span style=\"text-decoration: underline;\">Cot\u00e9 technique<\/span>:<\/span><\/p>\n<p style=\"text-align: justify;\"><span style=\"font-size: 14px;\">&#8211; Sac publicitaire papier luxe<br \/>\n<\/span><\/p>\n<p style=\"text-align: justify;\"><span style=\"font-size: 14px;\">&#8211; Dimension: 40+9&#215;30 cm (<span style=\"text-decoration: underline; color: #0000ff;\"><a href=\"https:\/\/www.monsacpublicitaire.com\/sac-papier-luxe-standard\/262-sac-publicitaire-papier-luxe-taille14.html\"><span style=\"color: #0000ff; text-decoration: underline;\">taille 14<\/span><\/a><\/span>)<br \/>\n<\/span><\/p>\n<p style=\"text-align: justify;\"><span style=\"font-size: 14px;\">&#8211; Papier couch\u00e9 170 grammes<\/span><\/p>\n<p style=\"text-align: justify;\"><span style=\"font-size: 14px;\">&#8211; Pelliculage mat<\/span><\/p>\n<p style=\"text-align: justify;\"><span style=\"font-size: 14px;\">&#8211; Impression 1 couleur<\/span><\/p>\n<p style=\"text-align: justify;\"><span style=\"font-size: 14px;\">&#8211; Poign\u00e9es polypropyl\u00e8ne 45 cm<\/span><\/p>\n","protected":false},"excerpt":{"rendered":"<p>Le salon du Mariage organis\u00e9 par le magazine Marions-Nous est un rendez-vous incontournable pour les futurs mari\u00e9s. Parmi les exposants &hellip;<\/p>\n<p class=\"read-more\"> <a class=\"ast-button\" href=\"https:\/\/www.monsacpublicitaire.com\/blog\/zeina-alliances-des-sacs-qui-se-marient-bien\/\"> <span class=\"screen-reader-text\">Zeina-Alliances : Des sacs qui se marient bien\u2026<\/span> Lire la suite \u00bb<\/a><\/p>\n","protected":false},"author":1,"featured_media":687,"comment_status":"open","ping_status":"open","sticky":false,"template":"","format":"standard","meta":{"site-sidebar-layout":"default","site-content-layout":"default","ast-global-header-display":"","ast-banner-title-visibility":"","ast-main-header-display":"","ast-hfb-above-header-display":"","ast-hfb-below-header-display":"","ast-hfb-mobile-header-display":"","site-post-title":"","ast-breadcrumbs-content":"","ast-featured-img":"","footer-sml-layout":"","theme-transparent-header-meta":"","adv-header-id-meta":"","stick-header-meta":"","header-above-stick-meta":"","header-main-stick-meta":"","header-below-stick-meta":""},"categories":[1,11,6],"tags":[18,19,20,21,23,22],"_links":{"self":[{"href":"https:\/\/www.monsacpublicitaire.com\/blog\/wp-json\/wp\/v2\/posts\/617"}],"collection":[{"href":"https:\/\/www.monsacpublicitaire.com\/blog\/wp-json\/wp\/v2\/posts"}],"about":[{"href":"https:\/\/www.monsacpublicitaire.com\/blog\/wp-json\/wp\/v2\/types\/post"}],"author":[{"embeddable":true,"href":"https:\/\/www.monsacpublicitaire.com\/blog\/wp-json\/wp\/v2\/users\/1"}],"replies":[{"embeddable":true,"href":"https:\/\/www.monsacpublicitaire.com\/blog\/wp-json\/wp\/v2\/comments?post=617"}],"version-history":[{"count":25,"href":"https:\/\/www.monsacpublicitaire.com\/blog\/wp-json\/wp\/v2\/posts\/617\/revisions"}],"predecessor-version":[{"id":2185,"href":"https:\/\/www.monsacpublicitaire.com\/blog\/wp-json\/wp\/v2\/posts\/617\/revisions\/2185"}],"wp:featuredmedia":[{"embeddable":true,"href":"https:\/\/www.monsacpublicitaire.com\/blog\/wp-json\/wp\/v2\/media\/687"}],"wp:attachment":[{"href":"https:\/\/www.monsacpublicitaire.com\/blog\/wp-json\/wp\/v2\/media?parent=617"}],"wp:term":[{"taxonomy":"category","embeddable":true,"href":"https:\/\/www.monsacpublicitaire.com\/blog\/wp-json\/wp\/v2\/categories?post=617"},{"taxonomy":"post_tag","embeddable":true,"href":"https:\/\/www.monsacpublicitaire.com\/blog\/wp-json\/wp\/v2\/tags?post=617"}],"curies":[{"name":"wp","href":"https:\/\/api.w.org\/{rel}","templated":true}]}}