{"id":717,"date":"2013-08-04T21:41:22","date_gmt":"2013-08-04T19:41:22","guid":{"rendered":"http:\/\/www.monsacpublicitaire.com\/blog\/?p=717"},"modified":"2013-08-10T23:36:50","modified_gmt":"2013-08-10T21:36:50","slug":"rock-en-seine-des-festivaliers-emballes","status":"publish","type":"post","link":"https:\/\/www.monsacpublicitaire.com\/blog\/rock-en-seine-des-festivaliers-emballes\/","title":{"rendered":"Rock en Seine : des festivaliers emball\u00e9s !"},"content":{"rendered":"<p><a href=\"https:\/\/www.monsacpublicitaire.com\/blog\/wp-content\/uploads\/2013\/08\/ROCK-EN-SEINE-1-.png\"><img decoding=\"async\" loading=\"lazy\" class=\"alignnone size-large wp-image-734\" title=\"ROCK EN SEINE 1\" src=\"https:\/\/www.monsacpublicitaire.com\/blog\/wp-content\/uploads\/2013\/08\/ROCK-EN-SEINE-1--1024x768.png\" alt=\"\" width=\"584\" height=\"438\" srcset=\"https:\/\/www.monsacpublicitaire.com\/blog\/wp-content\/uploads\/2013\/08\/ROCK-EN-SEINE-1--1024x768.png 1024w, https:\/\/www.monsacpublicitaire.com\/blog\/wp-content\/uploads\/2013\/08\/ROCK-EN-SEINE-1--300x225.png 300w, https:\/\/www.monsacpublicitaire.com\/blog\/wp-content\/uploads\/2013\/08\/ROCK-EN-SEINE-1--250x187.png 250w, https:\/\/www.monsacpublicitaire.com\/blog\/wp-content\/uploads\/2013\/08\/ROCK-EN-SEINE-1--399x300.png 399w, https:\/\/www.monsacpublicitaire.com\/blog\/wp-content\/uploads\/2013\/08\/ROCK-EN-SEINE-1--133x100.png 133w, https:\/\/www.monsacpublicitaire.com\/blog\/wp-content\/uploads\/2013\/08\/ROCK-EN-SEINE-1--292x218.png 292w, https:\/\/www.monsacpublicitaire.com\/blog\/wp-content\/uploads\/2013\/08\/ROCK-EN-SEINE-1-.png 1181w\" sizes=\"(max-width: 584px) 100vw, 584px\" \/><\/a><\/p>\n<p style=\"text-align: justify;\"><span style=\"font-size: 14px;\"><br\/> Reconnu pour sa programmation riche et vari\u00e9e, le Festival Rock en Seine r\u00e9unit chaque ann\u00e9e de nombreux groupes de rock internationaux.<\/span><\/p>\n<p style=\"text-align: justify;\"><span style=\"font-size: 14px;\"><br\/> A l&rsquo;occasion du X\u00e8me anniversaire du Festival, qui s&rsquo;est tenu au Domaine national de Saint-Cloud, pr\u00e8s de Paris en ao\u00fbt 2012, l&rsquo;\u00e9quipe monsacpublicitaire.com a \u00e9t\u00e9 sollicit\u00e9e. \u00a0Objectif : r\u00e9aliser des sacs en kraft brun (naturel), pr\u00e9sentant un aspect respectant au mieux l&rsquo;environnement, une exigence tr\u00e8s forte exprim\u00e9e par les organisateurs.<\/span><\/p>\n<p style=\"text-align: justify;\"><span style=\"font-size: 14px;\"><br\/> Ces sacs, distribu\u00e9s dans les diff\u00e9rents stands et boutiques du site de l&rsquo;\u00e9v\u00e8nement, \u00e9taient propos\u00e9s aux milliers de festivaliers arpentant les all\u00e9es du Domaine. Des sacs emballants \u00e0 l&rsquo;image d&rsquo;une musique\u2026 emballante !<\/span><\/p>\n<p style=\"text-align: justify;\"><span style=\"font-size: 14px;\"><br\/> Et comme les organisateurs du festival ont \u00e9t\u00e9 enti\u00e8rement satisfaits de notre prestation en 2012, ils ont sollicit\u00e9s \u00e0 nouveau notre \u00e9quipe pour l&rsquo;\u00e9dition 2013 du festival Rock en Seine!<\/span><\/p>\n<p><a href=\"https:\/\/www.monsacpublicitaire.com\/blog\/wp-content\/uploads\/2013\/08\/BAT-ROCK-EN-SEINE.png\"><img decoding=\"async\" loading=\"lazy\" class=\" wp-image-719 alignnone\" title=\"BAT ROCK EN SEINE\" src=\"https:\/\/www.monsacpublicitaire.com\/blog\/wp-content\/uploads\/2013\/08\/BAT-ROCK-EN-SEINE.png\" alt=\"\" width=\"903\" height=\"619\" srcset=\"https:\/\/www.monsacpublicitaire.com\/blog\/wp-content\/uploads\/2013\/08\/BAT-ROCK-EN-SEINE.png 903w, https:\/\/www.monsacpublicitaire.com\/blog\/wp-content\/uploads\/2013\/08\/BAT-ROCK-EN-SEINE-300x205.png 300w, https:\/\/www.monsacpublicitaire.com\/blog\/wp-content\/uploads\/2013\/08\/BAT-ROCK-EN-SEINE-250x171.png 250w, https:\/\/www.monsacpublicitaire.com\/blog\/wp-content\/uploads\/2013\/08\/BAT-ROCK-EN-SEINE-437x300.png 437w, https:\/\/www.monsacpublicitaire.com\/blog\/wp-content\/uploads\/2013\/08\/BAT-ROCK-EN-SEINE-145x100.png 145w\" sizes=\"(max-width: 903px) 100vw, 903px\" \/><\/a><\/p>\n<p><em><br \/>\n<\/em><\/p>\n<p style=\"text-align: justify;\"><span style=\"font-size: 14px;\"><br\/> A l&rsquo;occasion du 10<sup>\u00e8me<\/sup> anniversaire, un logo sp\u00e9cial a \u00e9t\u00e9 cr\u00e9\u00e9 et se retrouve sur les sacs aux poign\u00e9es torsad\u00e9es en papier et impression une couleur.<\/span><\/p>\n<p style=\"text-align: justify;\"><span style=\"font-size: 14px;\"><br\/> Caract\u00e9ristiques techniques\u00a0:<\/span><\/p>\n<p style=\"text-align: justify;\"><span style=\"font-size: 14px;\">&#8211;\u00a0\u00a0\u00a0\u00a0\u00a0\u00a0 sac papier kraft automatique avec poign\u00e9es torsad\u00e9es<\/span><\/p>\n<p style=\"text-align: justify;\"><span style=\"font-size: 14px;\">&#8211;\u00a0\u00a0\u00a0\u00a0\u00a0\u00a0 kraft brun lisse 100 gr<\/span><\/p>\n<p style=\"text-align: justify;\"><span style=\"font-size: 14px;\">&#8211;\u00a0\u00a0\u00a0\u00a0\u00a0\u00a0 Poign\u00e9es en papier couleur havane<\/span><\/p>\n<p style=\"text-align: justify;\"><span style=\"font-size: 14px;\">&#8211;\u00a0\u00a0\u00a0\u00a0\u00a0\u00a0 dimension\u00a0: 24(L) + 11(S) x 32(H)<\/span><\/p>\n<p style=\"text-align: justify;\"><span style=\"font-size: 14px;\">&#8211;\u00a0\u00a0\u00a0\u00a0\u00a0\u00a0 Impression\u00a0: 1 couleur Pantone (Noir)<\/span><\/p>\n<p style=\"text-align: justify;\"><span style=\"font-size: 14px;\">&#8211;\u00a0\u00a0\u00a0\u00a0\u00a0\u00a0 D\u00e9lai\u00a0: 4 \u00e0 6 semaines<\/span><\/p>\n<p style=\"text-align: justify;\"><span style=\"font-size: 14px;\"><strong><br\/> Le plus Mon sac publicitaire\u00a0<\/strong>: En cas d\u2019urgence, nous sommes g\u00e9n\u00e9ralement en mesure de vous livrer des sacs imprim\u00e9s en 1 couleur, voir 2 couleurs sans rep\u00e9rage sous 10 \u00e0 20 jours \u00e0 partie de 500 exemplaires.<\/span><\/p>\n","protected":false},"excerpt":{"rendered":"<p>Reconnu pour sa programmation riche et vari\u00e9e, le Festival Rock en Seine r\u00e9unit chaque ann\u00e9e de nombreux groupes de rock &hellip;<\/p>\n<p class=\"read-more\"> <a class=\"ast-button\" href=\"https:\/\/www.monsacpublicitaire.com\/blog\/rock-en-seine-des-festivaliers-emballes\/\"> <span class=\"screen-reader-text\">Rock en Seine : des festivaliers emball\u00e9s !<\/span> Lire la suite \u00bb<\/a><\/p>\n","protected":false},"author":1,"featured_media":737,"comment_status":"open","ping_status":"open","sticky":false,"template":"","format":"standard","meta":{"site-sidebar-layout":"default","site-content-layout":"default","ast-global-header-display":"","ast-banner-title-visibility":"","ast-main-header-display":"","ast-hfb-above-header-display":"","ast-hfb-below-header-display":"","ast-hfb-mobile-header-display":"","site-post-title":"","ast-breadcrumbs-content":"","ast-featured-img":"","footer-sml-layout":"","theme-transparent-header-meta":"","adv-header-id-meta":"","stick-header-meta":"","header-above-stick-meta":"","header-main-stick-meta":"","header-below-stick-meta":""},"categories":[1,11,6],"tags":[17,29,30,31],"_links":{"self":[{"href":"https:\/\/www.monsacpublicitaire.com\/blog\/wp-json\/wp\/v2\/posts\/717"}],"collection":[{"href":"https:\/\/www.monsacpublicitaire.com\/blog\/wp-json\/wp\/v2\/posts"}],"about":[{"href":"https:\/\/www.monsacpublicitaire.com\/blog\/wp-json\/wp\/v2\/types\/post"}],"author":[{"embeddable":true,"href":"https:\/\/www.monsacpublicitaire.com\/blog\/wp-json\/wp\/v2\/users\/1"}],"replies":[{"embeddable":true,"href":"https:\/\/www.monsacpublicitaire.com\/blog\/wp-json\/wp\/v2\/comments?post=717"}],"version-history":[{"count":23,"href":"https:\/\/www.monsacpublicitaire.com\/blog\/wp-json\/wp\/v2\/posts\/717\/revisions"}],"predecessor-version":[{"id":741,"href":"https:\/\/www.monsacpublicitaire.com\/blog\/wp-json\/wp\/v2\/posts\/717\/revisions\/741"}],"wp:featuredmedia":[{"embeddable":true,"href":"https:\/\/www.monsacpublicitaire.com\/blog\/wp-json\/wp\/v2\/media\/737"}],"wp:attachment":[{"href":"https:\/\/www.monsacpublicitaire.com\/blog\/wp-json\/wp\/v2\/media?parent=717"}],"wp:term":[{"taxonomy":"category","embeddable":true,"href":"https:\/\/www.monsacpublicitaire.com\/blog\/wp-json\/wp\/v2\/categories?post=717"},{"taxonomy":"post_tag","embeddable":true,"href":"https:\/\/www.monsacpublicitaire.com\/blog\/wp-json\/wp\/v2\/tags?post=717"}],"curies":[{"name":"wp","href":"https:\/\/api.w.org\/{rel}","templated":true}]}}