{"id":841,"date":"2013-10-15T08:12:16","date_gmt":"2013-10-15T06:12:16","guid":{"rendered":"http:\/\/www.monsacpublicitaire.com\/blog\/?p=841"},"modified":"2013-11-10T11:56:26","modified_gmt":"2013-11-10T09:56:26","slug":"sac-mac-tac-une-affaire-de-specialistes","status":"publish","type":"post","link":"https:\/\/www.monsacpublicitaire.com\/blog\/sac-mac-tac-une-affaire-de-specialistes\/","title":{"rendered":"Sac \u00ab\u00a0Mac Tac\u00a0\u00bb : une affaire de sp\u00e9cialistes"},"content":{"rendered":"<p style=\"text-align: justify;\"><a href=\"https:\/\/www.monsacpublicitaire.com\/blog\/wp-content\/uploads\/2013\/10\/MAC-TAC-4-copie.png\"><img decoding=\"async\" loading=\"lazy\" class=\"alignleft size-large wp-image-843\" title=\"Sac papier luxe personnalis\u00e9 MAC TAC\" src=\"https:\/\/www.monsacpublicitaire.com\/blog\/wp-content\/uploads\/2013\/10\/MAC-TAC-4-copie-1024x768.png\" alt=\"\" width=\"584\" height=\"438\" srcset=\"https:\/\/www.monsacpublicitaire.com\/blog\/wp-content\/uploads\/2013\/10\/MAC-TAC-4-copie-1024x768.png 1024w, https:\/\/www.monsacpublicitaire.com\/blog\/wp-content\/uploads\/2013\/10\/MAC-TAC-4-copie-300x225.png 300w, https:\/\/www.monsacpublicitaire.com\/blog\/wp-content\/uploads\/2013\/10\/MAC-TAC-4-copie-250x187.png 250w, https:\/\/www.monsacpublicitaire.com\/blog\/wp-content\/uploads\/2013\/10\/MAC-TAC-4-copie-399x300.png 399w, https:\/\/www.monsacpublicitaire.com\/blog\/wp-content\/uploads\/2013\/10\/MAC-TAC-4-copie-133x100.png 133w, https:\/\/www.monsacpublicitaire.com\/blog\/wp-content\/uploads\/2013\/10\/MAC-TAC-4-copie-292x218.png 292w, https:\/\/www.monsacpublicitaire.com\/blog\/wp-content\/uploads\/2013\/10\/MAC-TAC-4-copie.png 1181w\" sizes=\"(max-width: 584px) 100vw, 584px\" \/><\/a><\/p>\n<p style=\"text-align: justify;\"><span style=\"font-size: 14px;\">Le choix de <em>monsacpublicitaire.com<\/em>, sp\u00e9cialiste du sac personnalis\u00e9 s\u2019est impos\u00e9 comme une \u00e9vidence pour la soci\u00e9t\u00e9 Mac Tac, sp\u00e9cialiste des supports adh\u00e9sifs publicitaires pour la communication visuelle et la d\u00e9coration.<\/span><\/p>\n<p style=\"text-align: justify;\"><span style=\"font-size: 14px;\"><br\/> A l\u2019occasion du salon Viscom 2013<em>,<\/em> le Salon des professionnels de la communication visuelle et de l&rsquo;industrie\u00a0 graphique, Mac Tac pr\u00e9sentait ses r\u00e9alisations. Nous avons fabriqu\u00e9 pour ce client le must du sac luxe personnalis\u00e9 avec un pelliculage mat et un vernis UV s\u00e9lectif. Des sacs qui ont su mettre en avant la cr\u00e9ation visuelle sp\u00e9cialement \u00e9labor\u00e9e pour cet \u00e9v\u00e8nement. Un r\u00e9sultat graphiquement r\u00e9ussi r\u00e9pondant aux exigences de ce professionnel de la communication visuelle !<\/span><\/p>\n<p style=\"text-align: justify;\"><span style=\"font-size: 14px;\"><br\/> Un avis partag\u00e9 par Sandra, de Mac Tac : <em>\u00ab\u00a0L&rsquo;impression des sacs est de grande qualit\u00e9 et le rendu est superbe. De plus, les d\u00e9lais tendus ont \u00e9t\u00e9 respect\u00e9s.\u00a0\u00bb<\/em><\/span><\/p>\n<p style=\"text-align: justify;\"><br\/><\/p>\n<p><span style=\"font-size: 14px;\"><a href=\"https:\/\/www.monsacpublicitaire.com\/blog\/wp-content\/uploads\/2013\/10\/BAT-MAC-TAC.png\"><img decoding=\"async\" loading=\"lazy\" title=\"BAT MAC TAC\" src=\"https:\/\/www.monsacpublicitaire.com\/blog\/wp-content\/uploads\/2013\/10\/BAT-MAC-TAC.png\" alt=\"\" width=\"467\" height=\"676\" \/><\/a><\/span><\/p>\n<p style=\"text-align: justify;\"><span style=\"font-size: 14px;\"><br\/> Des prestations haut de gamme pour ces sacs papier luxes publicitaires:<\/span><\/p>\n<p style=\"text-align: justify;\"><span style=\"font-size: 14px;\">&#8211; format 30 +10 x 40 cm<\/span><\/p>\n<p style=\"text-align: justify;\"><span style=\"font-size: 14px;\">&#8211; impression 2 couleurs<\/span><\/p>\n<p style=\"text-align: justify;\"><span style=\"font-size: 14px;\">&#8211; papier couch\u00e9 190 gr\/m2<\/span><\/p>\n<p style=\"text-align: justify;\"><span style=\"font-size: 14px;\">&#8211; pelliculage mat et vernis UV s\u00e9lectif (en vert sur le BAT)<\/span><\/p>\n<p style=\"text-align: justify;\"><span style=\"font-size: 14px;\">&#8211; cordelette en coton<\/span><\/p>\n","protected":false},"excerpt":{"rendered":"<p>Le choix de monsacpublicitaire.com, sp\u00e9cialiste du sac personnalis\u00e9 s\u2019est impos\u00e9 comme une \u00e9vidence pour la soci\u00e9t\u00e9 Mac Tac, sp\u00e9cialiste des &hellip;<\/p>\n<p class=\"read-more\"> <a class=\"ast-button\" href=\"https:\/\/www.monsacpublicitaire.com\/blog\/sac-mac-tac-une-affaire-de-specialistes\/\"> <span class=\"screen-reader-text\">Sac \u00ab\u00a0Mac Tac\u00a0\u00bb : une affaire de sp\u00e9cialistes<\/span> Lire la suite \u00bb<\/a><\/p>\n","protected":false},"author":1,"featured_media":878,"comment_status":"open","ping_status":"open","sticky":false,"template":"","format":"standard","meta":{"site-sidebar-layout":"default","site-content-layout":"default","ast-global-header-display":"","ast-banner-title-visibility":"","ast-main-header-display":"","ast-hfb-above-header-display":"","ast-hfb-below-header-display":"","ast-hfb-mobile-header-display":"","site-post-title":"","ast-breadcrumbs-content":"","ast-featured-img":"","footer-sml-layout":"","theme-transparent-header-meta":"","adv-header-id-meta":"","stick-header-meta":"","header-above-stick-meta":"","header-main-stick-meta":"","header-below-stick-meta":""},"categories":[1,11,6],"tags":[18,19,20,21,23,22],"_links":{"self":[{"href":"https:\/\/www.monsacpublicitaire.com\/blog\/wp-json\/wp\/v2\/posts\/841"}],"collection":[{"href":"https:\/\/www.monsacpublicitaire.com\/blog\/wp-json\/wp\/v2\/posts"}],"about":[{"href":"https:\/\/www.monsacpublicitaire.com\/blog\/wp-json\/wp\/v2\/types\/post"}],"author":[{"embeddable":true,"href":"https:\/\/www.monsacpublicitaire.com\/blog\/wp-json\/wp\/v2\/users\/1"}],"replies":[{"embeddable":true,"href":"https:\/\/www.monsacpublicitaire.com\/blog\/wp-json\/wp\/v2\/comments?post=841"}],"version-history":[{"count":19,"href":"https:\/\/www.monsacpublicitaire.com\/blog\/wp-json\/wp\/v2\/posts\/841\/revisions"}],"predecessor-version":[{"id":881,"href":"https:\/\/www.monsacpublicitaire.com\/blog\/wp-json\/wp\/v2\/posts\/841\/revisions\/881"}],"wp:featuredmedia":[{"embeddable":true,"href":"https:\/\/www.monsacpublicitaire.com\/blog\/wp-json\/wp\/v2\/media\/878"}],"wp:attachment":[{"href":"https:\/\/www.monsacpublicitaire.com\/blog\/wp-json\/wp\/v2\/media?parent=841"}],"wp:term":[{"taxonomy":"category","embeddable":true,"href":"https:\/\/www.monsacpublicitaire.com\/blog\/wp-json\/wp\/v2\/categories?post=841"},{"taxonomy":"post_tag","embeddable":true,"href":"https:\/\/www.monsacpublicitaire.com\/blog\/wp-json\/wp\/v2\/tags?post=841"}],"curies":[{"name":"wp","href":"https:\/\/api.w.org\/{rel}","templated":true}]}}