{"id":887,"date":"2013-11-06T08:45:16","date_gmt":"2013-11-06T06:45:16","guid":{"rendered":"http:\/\/www.monsacpublicitaire.com\/blog\/?p=887"},"modified":"2013-11-06T08:52:16","modified_gmt":"2013-11-06T06:52:16","slug":"de-beaux-sacs-pour-beaugrenelle","status":"publish","type":"post","link":"https:\/\/www.monsacpublicitaire.com\/blog\/de-beaux-sacs-pour-beaugrenelle\/","title":{"rendered":"De beaux sacs pour Beaugrenelle"},"content":{"rendered":"<p><a href=\"https:\/\/www.monsacpublicitaire.com\/blog\/wp-content\/uploads\/2013\/11\/BEAUGRENELLE-PARIS-copie-2.png\"><img decoding=\"async\" loading=\"lazy\" title=\"Sac papier luxe BEAUGRENELLE PARIS \" src=\"https:\/\/www.monsacpublicitaire.com\/blog\/wp-content\/uploads\/2013\/11\/BEAUGRENELLE-PARIS-copie-2.png\" alt=\"\" width=\"567\" height=\"425\" \/><\/a><\/p>\n<p style=\"text-align: left;\"><span style=\"font-size: 14px;\"><br\/> Situ\u00e9 \u00e0 Paris, dans le 15<sup>\u00e8me<\/sup> \u00a0arrondissement et \u00e0 deux pas de la Tour Eiffel, le tout nouveau centre commercial Beaugrenelle est ouvert depuis septembre 2013. Cet espace \u00e0 l&rsquo;architecture audacieuse accueille les plus grandes \u00a0enseignes.<\/span><\/p>\n<p style=\"text-align: left;\"><span style=\"font-size: 14px;\"><br\/> Pour ce nouveau lieu incontournable du shopping dans la capitale, nous avons r\u00e9alis\u00e9\u00a0des sacs en papier luxe : des sacs au design stylis\u00e9, \u00e0 l&rsquo;image du nouveau Beaugrenelle.<\/span><\/p>\n<p style=\"text-align: left;\"><span style=\"font-size: 14px;\"><br\/> Si vous cherchez une nouvelle adresse pour votre shopping parisien, cette nouvelle destination s&rsquo;impose. Et en vous promenant dans les all\u00e9es, vous croiserez peut-\u00eatre les sacs Beaugrenelle, griff\u00e9s <em>\u00ab\u00a0monsacpublicitaire.com\u00a0\u00bb<\/em> !<\/span><\/p>\n<br\/>\n<p><a href=\"https:\/\/www.monsacpublicitaire.com\/blog\/wp-content\/uploads\/2013\/11\/Beaugrenelle_46x10x40_proofV1_775_1_337.jpg\"><img decoding=\"async\" loading=\"lazy\" class=\"alignleft size-large wp-image-890\" title=\"BAT sacs papier Beaugrenelle\" src=\"https:\/\/www.monsacpublicitaire.com\/blog\/wp-content\/uploads\/2013\/11\/Beaugrenelle_46x10x40_proofV1_775_1_337-1024x965.jpg\" alt=\"\" width=\"584\" height=\"550\" srcset=\"https:\/\/www.monsacpublicitaire.com\/blog\/wp-content\/uploads\/2013\/11\/Beaugrenelle_46x10x40_proofV1_775_1_337-1024x965.jpg 1024w, https:\/\/www.monsacpublicitaire.com\/blog\/wp-content\/uploads\/2013\/11\/Beaugrenelle_46x10x40_proofV1_775_1_337-300x282.jpg 300w, https:\/\/www.monsacpublicitaire.com\/blog\/wp-content\/uploads\/2013\/11\/Beaugrenelle_46x10x40_proofV1_775_1_337-250x235.jpg 250w, https:\/\/www.monsacpublicitaire.com\/blog\/wp-content\/uploads\/2013\/11\/Beaugrenelle_46x10x40_proofV1_775_1_337-318x300.jpg 318w, https:\/\/www.monsacpublicitaire.com\/blog\/wp-content\/uploads\/2013\/11\/Beaugrenelle_46x10x40_proofV1_775_1_337-106x100.jpg 106w\" sizes=\"(max-width: 584px) 100vw, 584px\" \/><\/a><\/p>\n<p><em><span style=\"font-size: 14px;\">A noter, la seconde moiti\u00e9 du BAT (en noir sur fond blanc) indique l&#8217;emplacement souhait\u00e9 pour l&rsquo;application du vernis UV s\u00e9lectif.<\/span><\/em><\/p>\n<p><span style=\"text-decoration: underline; font-size: 14px;\"><br\/> Caract\u00e9ristiques techniques<br \/>\n<\/span><\/p>\n<p><span style=\"font-size: 14px;\">&#8211; Sac papier luxe<\/span><\/p>\n<p><span style=\"font-size: 14px;\">&#8211; Taille 46+10&#215;40 cm<\/span><\/p>\n<p><span style=\"font-size: 14px;\">&#8211; Papier couch\u00e9 170 gr\/m2<\/span><\/p>\n<p><span style=\"font-size: 14px;\">&#8211; Pelliculage mat et vernis UV s\u00e9lectif sur le logotype de la marque<\/span><\/p>\n<p><span style=\"font-size: 14px;\">&#8211; Impression quadrichromie<\/span><\/p>\n<p><span style=\"font-size: 14px;\">&#8211; Cordelettes en polypropyl\u00e8ne 50 cm avec 4 noeuds<\/span><\/p>\n","protected":false},"excerpt":{"rendered":"<p>Situ\u00e9 \u00e0 Paris, dans le 15\u00e8me \u00a0arrondissement et \u00e0 deux pas de la Tour Eiffel, le tout nouveau centre commercial &hellip;<\/p>\n<p class=\"read-more\"> <a class=\"ast-button\" href=\"https:\/\/www.monsacpublicitaire.com\/blog\/de-beaux-sacs-pour-beaugrenelle\/\"> <span class=\"screen-reader-text\">De beaux sacs pour Beaugrenelle<\/span> Lire la suite \u00bb<\/a><\/p>\n","protected":false},"author":1,"featured_media":889,"comment_status":"open","ping_status":"open","sticky":false,"template":"","format":"standard","meta":{"site-sidebar-layout":"default","site-content-layout":"default","ast-global-header-display":"","ast-banner-title-visibility":"","ast-main-header-display":"","ast-hfb-above-header-display":"","ast-hfb-below-header-display":"","ast-hfb-mobile-header-display":"","site-post-title":"","ast-breadcrumbs-content":"","ast-featured-img":"","footer-sml-layout":"","theme-transparent-header-meta":"","adv-header-id-meta":"","stick-header-meta":"","header-above-stick-meta":"","header-main-stick-meta":"","header-below-stick-meta":""},"categories":[1,11,6],"tags":[18,19,20,21,23,22],"_links":{"self":[{"href":"https:\/\/www.monsacpublicitaire.com\/blog\/wp-json\/wp\/v2\/posts\/887"}],"collection":[{"href":"https:\/\/www.monsacpublicitaire.com\/blog\/wp-json\/wp\/v2\/posts"}],"about":[{"href":"https:\/\/www.monsacpublicitaire.com\/blog\/wp-json\/wp\/v2\/types\/post"}],"author":[{"embeddable":true,"href":"https:\/\/www.monsacpublicitaire.com\/blog\/wp-json\/wp\/v2\/users\/1"}],"replies":[{"embeddable":true,"href":"https:\/\/www.monsacpublicitaire.com\/blog\/wp-json\/wp\/v2\/comments?post=887"}],"version-history":[{"count":10,"href":"https:\/\/www.monsacpublicitaire.com\/blog\/wp-json\/wp\/v2\/posts\/887\/revisions"}],"predecessor-version":[{"id":898,"href":"https:\/\/www.monsacpublicitaire.com\/blog\/wp-json\/wp\/v2\/posts\/887\/revisions\/898"}],"wp:featuredmedia":[{"embeddable":true,"href":"https:\/\/www.monsacpublicitaire.com\/blog\/wp-json\/wp\/v2\/media\/889"}],"wp:attachment":[{"href":"https:\/\/www.monsacpublicitaire.com\/blog\/wp-json\/wp\/v2\/media?parent=887"}],"wp:term":[{"taxonomy":"category","embeddable":true,"href":"https:\/\/www.monsacpublicitaire.com\/blog\/wp-json\/wp\/v2\/categories?post=887"},{"taxonomy":"post_tag","embeddable":true,"href":"https:\/\/www.monsacpublicitaire.com\/blog\/wp-json\/wp\/v2\/tags?post=887"}],"curies":[{"name":"wp","href":"https:\/\/api.w.org\/{rel}","templated":true}]}}