{"id":992,"date":"2014-02-06T19:16:02","date_gmt":"2014-02-06T17:16:02","guid":{"rendered":"http:\/\/www.monsacpublicitaire.com\/blog\/?p=992"},"modified":"2014-02-06T19:16:02","modified_gmt":"2014-02-06T17:16:02","slug":"devialet-une-experience-sonore-unique","status":"publish","type":"post","link":"https:\/\/www.monsacpublicitaire.com\/blog\/devialet-une-experience-sonore-unique\/","title":{"rendered":"Devialet : Une exp\u00e9rience sonore unique"},"content":{"rendered":"<p style=\"text-align: justify;\"><a href=\"https:\/\/www.monsacpublicitaire.com\/blog\/wp-content\/uploads\/2014\/02\/DEVIALET.png\"><img decoding=\"async\" loading=\"lazy\" class=\"alignnone size-full wp-image-994\" title=\"DEVIALET\" src=\"https:\/\/www.monsacpublicitaire.com\/blog\/wp-content\/uploads\/2014\/02\/DEVIALET.png\" alt=\"Sac polypropyl\u00e8ne non tiss\u00e9 personnalis\u00e9 en 1 couleur\" width=\"754\" height=\"400\" srcset=\"https:\/\/www.monsacpublicitaire.com\/blog\/wp-content\/uploads\/2014\/02\/DEVIALET.png 754w, https:\/\/www.monsacpublicitaire.com\/blog\/wp-content\/uploads\/2014\/02\/DEVIALET-300x159.png 300w, https:\/\/www.monsacpublicitaire.com\/blog\/wp-content\/uploads\/2014\/02\/DEVIALET-250x132.png 250w, https:\/\/www.monsacpublicitaire.com\/blog\/wp-content\/uploads\/2014\/02\/DEVIALET-500x265.png 500w, https:\/\/www.monsacpublicitaire.com\/blog\/wp-content\/uploads\/2014\/02\/DEVIALET-150x79.png 150w\" sizes=\"(max-width: 754px) 100vw, 754px\" \/><\/a><\/p>\n<p style=\"text-align: justify;\"><span style=\"font-size: 14px;\"><br\/> Pour les amoureux de musique, la jeune marque fran\u00e7aise d&rsquo;amplificateurs Devialet est synonyme d&rsquo;excellence. Ses produits Haut de gamme offrent une exp\u00e9rience sonore in\u00e9dite associ\u00e9e \u00e0 un design d&rsquo;une grande finesse.<\/span><\/p>\n<p style=\"text-align: justify;\"><span style=\"font-size: 14px;\"><br\/> En quelques ann\u00e9es, Devialet s&rsquo;est impos\u00e9e comme une r\u00e9f\u00e9rence majeure dans le domaine de la Hi-fi.<\/span><\/p>\n<p style=\"text-align: justify;\"><span style=\"font-size: 14px;\"><br\/> Dans le cadre du salon High-End Show \u00e0 Munich, nous avons r\u00e9alis\u00e9 des sacs cabas r\u00e9utilisables en polypropyl\u00e8ne non tiss\u00e9 sur mesure avec impression 1 couleur. Des sacs d\u00e9clin\u00e9s\u00a0 avec 2 couleurs de fond diff\u00e9rentes. Une r\u00e9alisation de qualit\u00e9, sans fausses notes !<\/span><\/p>\n<p style=\"text-align: justify;\"><br\/><\/p>\n<p style=\"text-align: justify;\"><a href=\"https:\/\/www.monsacpublicitaire.com\/blog\/wp-content\/uploads\/2014\/02\/BAT-sac-non-tisse\u0301-DEVIALET.jpg\"><img decoding=\"async\" loading=\"lazy\" class=\"alignnone size-large wp-image-993\" title=\"BAT sac non tisse\u0301 DEVIALET\" src=\"https:\/\/www.monsacpublicitaire.com\/blog\/wp-content\/uploads\/2014\/02\/BAT-sac-non-tisse\u0301-DEVIALET-1024x721.jpg\" alt=\"BAT sac non tiss\u00e9 personnalis\u00e9\" width=\"584\" height=\"411\" srcset=\"https:\/\/www.monsacpublicitaire.com\/blog\/wp-content\/uploads\/2014\/02\/BAT-sac-non-tisse\u0301-DEVIALET-1024x721.jpg 1024w, https:\/\/www.monsacpublicitaire.com\/blog\/wp-content\/uploads\/2014\/02\/BAT-sac-non-tisse\u0301-DEVIALET-300x211.jpg 300w, https:\/\/www.monsacpublicitaire.com\/blog\/wp-content\/uploads\/2014\/02\/BAT-sac-non-tisse\u0301-DEVIALET-250x176.jpg 250w, https:\/\/www.monsacpublicitaire.com\/blog\/wp-content\/uploads\/2014\/02\/BAT-sac-non-tisse\u0301-DEVIALET-425x300.jpg 425w, https:\/\/www.monsacpublicitaire.com\/blog\/wp-content\/uploads\/2014\/02\/BAT-sac-non-tisse\u0301-DEVIALET-141x100.jpg 141w\" sizes=\"(max-width: 584px) 100vw, 584px\" \/><\/a><\/p>\n<p style=\"text-align: justify;\"><span style=\"font-size: 14px;\"><br\/> Caract\u00e9ristiques techniques:<\/span><\/p>\n<p style=\"text-align: justify;\"><span style=\"font-size: 14px;\">&#8211; Polypropyl\u00e8ne non tiss\u00e9 100 gr<\/span><\/p>\n<p style=\"text-align: justify;\"><span style=\"font-size: 14px;\">&#8211; Dim.: 31 + 6 x 38 cm<\/span><\/p>\n<p style=\"text-align: justify;\"><span style=\"font-size: 14px;\">&#8211; Anses longues 80 cm<\/span><\/p>\n<p style=\"text-align: justify;\"><span style=\"font-size: 14px;\">&#8211; Quantit\u00e9 min.: 500 ex.<\/span><\/p>\n<p style=\"text-align: justify;\"><span style=\"font-size: 14px;\">&#8211; Impression 1 couleur. <\/span><\/p>\n<p style=\"text-align: justify;\"><span style=\"font-size: 14px;\">Possibilit\u00e9 d&rsquo;imprimer jusqu&rsquo;\u00e0 6 couleurs Pantone mais pas d&rsquo;impression en quadrichromie sur ce mod\u00e8le.<\/span><\/p>\n<p style=\"text-align: justify;\"><em><span style=\"font-size: 14px;\"><br\/> Le plus Mon Sac Publicitaire: une \u00e9paisseur de mat\u00e9riau de 100 grammes qui permet d&rsquo;obtenir un produit de qualit\u00e9 destin\u00e9 \u00e0 \u00eatre r\u00e9utilis\u00e9 de nombreuses fois.<\/span><br \/>\n<\/em><\/p>\n","protected":false},"excerpt":{"rendered":"<p>Pour les amoureux de musique, la jeune marque fran\u00e7aise d&rsquo;amplificateurs Devialet est synonyme d&rsquo;excellence. Ses produits Haut de gamme offrent &hellip;<\/p>\n<p class=\"read-more\"> <a class=\"ast-button\" href=\"https:\/\/www.monsacpublicitaire.com\/blog\/devialet-une-experience-sonore-unique\/\"> <span class=\"screen-reader-text\">Devialet : Une exp\u00e9rience sonore unique<\/span> Lire la suite \u00bb<\/a><\/p>\n","protected":false},"author":2,"featured_media":994,"comment_status":"open","ping_status":"open","sticky":false,"template":"","format":"standard","meta":{"site-sidebar-layout":"default","site-content-layout":"default","ast-global-header-display":"","ast-banner-title-visibility":"","ast-main-header-display":"","ast-hfb-above-header-display":"","ast-hfb-below-header-display":"","ast-hfb-mobile-header-display":"","site-post-title":"","ast-breadcrumbs-content":"","ast-featured-img":"","footer-sml-layout":"","theme-transparent-header-meta":"","adv-header-id-meta":"","stick-header-meta":"","header-above-stick-meta":"","header-main-stick-meta":"","header-below-stick-meta":""},"categories":[1,11,8],"tags":[34,33,35,12,28,36,14],"_links":{"self":[{"href":"https:\/\/www.monsacpublicitaire.com\/blog\/wp-json\/wp\/v2\/posts\/992"}],"collection":[{"href":"https:\/\/www.monsacpublicitaire.com\/blog\/wp-json\/wp\/v2\/posts"}],"about":[{"href":"https:\/\/www.monsacpublicitaire.com\/blog\/wp-json\/wp\/v2\/types\/post"}],"author":[{"embeddable":true,"href":"https:\/\/www.monsacpublicitaire.com\/blog\/wp-json\/wp\/v2\/users\/2"}],"replies":[{"embeddable":true,"href":"https:\/\/www.monsacpublicitaire.com\/blog\/wp-json\/wp\/v2\/comments?post=992"}],"version-history":[{"count":16,"href":"https:\/\/www.monsacpublicitaire.com\/blog\/wp-json\/wp\/v2\/posts\/992\/revisions"}],"predecessor-version":[{"id":1010,"href":"https:\/\/www.monsacpublicitaire.com\/blog\/wp-json\/wp\/v2\/posts\/992\/revisions\/1010"}],"wp:featuredmedia":[{"embeddable":true,"href":"https:\/\/www.monsacpublicitaire.com\/blog\/wp-json\/wp\/v2\/media\/994"}],"wp:attachment":[{"href":"https:\/\/www.monsacpublicitaire.com\/blog\/wp-json\/wp\/v2\/media?parent=992"}],"wp:term":[{"taxonomy":"category","embeddable":true,"href":"https:\/\/www.monsacpublicitaire.com\/blog\/wp-json\/wp\/v2\/categories?post=992"},{"taxonomy":"post_tag","embeddable":true,"href":"https:\/\/www.monsacpublicitaire.com\/blog\/wp-json\/wp\/v2\/tags?post=992"}],"curies":[{"name":"wp","href":"https:\/\/api.w.org\/{rel}","templated":true}]}}